{"id":669161,"date":"2023-12-15T11:34:02","date_gmt":"2023-12-15T07:34:02","guid":{"rendered":"https:\/\/arantv.az\/?p=669161"},"modified":"2023-12-15T11:34:02","modified_gmt":"2023-12-15T07:34:02","slug":"emin-%c9%99mrullayev-son-10-ild%c9%99-ali-t%c9%99hsil-mu%c9%99ssis%c9%99l%c9%99rin%c9%99-t%c9%99l%c9%99b%c9%99-q%c9%99bulu-40-faizd%c9%99n-cox-artib","status":"publish","type":"post","link":"https:\/\/arantv.az\/?p=669161","title":{"rendered":"Emin \u018fmrullayev: \u201cSon 10 ild\u0259 ali t\u0259hsil m\u00fc\u0259ssis\u0259l\u0259rin\u0259 t\u0259l\u0259b\u0259 q\u0259bulu 40 faizd\u0259n \u00e7ox art\u0131b\u201d"},"content":{"rendered":"<p>\u201c2026-2027-ci t\u0259dris ilind\u0259 ali t\u0259hsil m\u00fc\u0259ssis\u0259l\u0259rin\u0259 75 min t\u0259l\u0259b\u0259 q\u0259bulu n\u0259z\u0259rd\u0259 tutulur\u201d.<\/p>\n<p><strong>ARANTV.AZ<\/strong>-\u0131n m\u0259lumat\u0131na g\u00f6r\u0259, bunu elm v\u0259 t\u0259hsil naziri Emin \u018fmrullayev \u00fcmummilli lider Heyd\u0259r \u018fliyevin 100 illik yubileyin\u0259 h\u0259sr olunmu\u015f Az\u0259rbaycan M\u00fc\u0259lliml\u0259rinin XVI Qurultay\u0131nda \u00e7\u0131x\u0131\u015f\u0131 zaman\u0131 deyib.<\/p>\n<p>Nazir qeyd edib ki, son 10 ild\u0259 ali t\u0259hsil m\u00fc\u0259ssis\u0259l\u0259rin\u0259 t\u0259l\u0259b\u0259 q\u0259bulu 40 faizd\u0259n \u00e7ox art\u0131b.<\/p>\n","protected":false},"excerpt":{"rendered":"<p>\u201c2026-2027-ci t\u0259dris ilind\u0259 ali t\u0259hsil m\u00fc\u0259ssis\u0259l\u0259rin\u0259 75 min t\u0259l\u0259b\u0259 q\u0259bulu n\u0259z\u0259rd\u0259 tutulur\u201d. ARANTV.AZ-\u0131n m\u0259lumat\u0131na g\u00f6r\u0259, bunu elm v\u0259 t\u0259hsil naziri Emin \u018fmrullayev \u00fcmummilli lider Heyd\u0259r \u018fliyevin 100 illik yubileyin\u0259 h\u0259sr olunmu\u015f Az\u0259rbaycan M\u00fc\u0259lliml\u0259rinin XVI Qurultay\u0131nda \u00e7\u0131x\u0131\u015f\u0131 zaman\u0131 deyib. Nazir qeyd edib ki, son 10 ild\u0259 ali t\u0259hsil m\u00fc\u0259ssis\u0259l\u0259rin\u0259 t\u0259l\u0259b\u0259 q\u0259bulu 40 faizd\u0259n \u00e7ox art\u0131b.<\/p>\n","protected":false},"author":2,"featured_media":669129,"comment_status":"closed","ping_status":"closed","sticky":false,"template":"","format":"standard","meta":{"om_disable_all_campaigns":false,"_monsterinsights_skip_tracking":false,"_monsterinsights_sitenote_active":false,"_monsterinsights_sitenote_note":"","_monsterinsights_sitenote_category":0},"categories":[1],"tags":[],"aioseo_notices":[],"gutentor_comment":0,"rttpg_featured_image_url":{"full":["https:\/\/arantv.az\/wp-content\/uploads\/2023\/12\/7acba010167170856814812397310386987.jpg",975,540,false],"landscape":["https:\/\/arantv.az\/wp-content\/uploads\/2023\/12\/7acba010167170856814812397310386987.jpg",975,540,false],"portraits":["https:\/\/arantv.az\/wp-content\/uploads\/2023\/12\/7acba010167170856814812397310386987.jpg",975,540,false],"thumbnail":["https:\/\/arantv.az\/wp-content\/uploads\/2023\/12\/7acba010167170856814812397310386987-500x280.jpg",500,280,true],"medium":["https:\/\/arantv.az\/wp-content\/uploads\/2023\/12\/7acba010167170856814812397310386987-660x365.jpg",660,365,true],"large":["https:\/\/arantv.az\/wp-content\/uploads\/2023\/12\/7acba010167170856814812397310386987-840x465.jpg",640,354,true],"1536x1536":["https:\/\/arantv.az\/wp-content\/uploads\/2023\/12\/7acba010167170856814812397310386987.jpg",975,540,false],"2048x2048":["https:\/\/arantv.az\/wp-content\/uploads\/2023\/12\/7acba010167170856814812397310386987.jpg",975,540,false],"post-thumbnail":["https:\/\/arantv.az\/wp-content\/uploads\/2023\/12\/7acba010167170856814812397310386987-240x172.jpg",240,172,true],"advps-thumb-one":["https:\/\/arantv.az\/wp-content\/uploads\/2023\/12\/7acba010167170856814812397310386987.jpg",975,540,false]},"rttpg_author":{"display_name":"V\u00fcsal Rafiqo\u011flu","author_link":"https:\/\/arantv.az\/?author=2"},"rttpg_comment":0,"rttpg_category":"<a href=\"https:\/\/arantv.az\/?cat=1\" rel=\"category\">C\u0259miyy\u0259t<\/a>","rttpg_excerpt":"\u201c2026-2027-ci t\u0259dris ilind\u0259 ali t\u0259hsil m\u00fc\u0259ssis\u0259l\u0259rin\u0259 75 min t\u0259l\u0259b\u0259 q\u0259bulu n\u0259z\u0259rd\u0259 tutulur\u201d. ARANTV.AZ-\u0131n m\u0259lumat\u0131na g\u00f6r\u0259, bunu elm v\u0259 t\u0259hsil naziri Emin \u018fmrullayev \u00fcmummilli lider Heyd\u0259r \u018fliyevin 100 illik yubileyin\u0259 h\u0259sr olunmu\u015f Az\u0259rbaycan M\u00fc\u0259lliml\u0259rinin XVI Qurultay\u0131nda \u00e7\u0131x\u0131\u015f\u0131 zaman\u0131 deyib. Nazir qeyd edib ki, son 10 ild\u0259 ali t\u0259hsil m\u00fc\u0259ssis\u0259l\u0259rin\u0259 t\u0259l\u0259b\u0259 q\u0259bulu 40 faizd\u0259n \u00e7ox art\u0131b.","_links":{"self":[{"href":"https:\/\/arantv.az\/index.php?rest_route=\/wp\/v2\/posts\/669161"}],"collection":[{"href":"https:\/\/arantv.az\/index.php?rest_route=\/wp\/v2\/posts"}],"about":[{"href":"https:\/\/arantv.az\/index.php?rest_route=\/wp\/v2\/types\/post"}],"author":[{"embeddable":true,"href":"https:\/\/arantv.az\/index.php?rest_route=\/wp\/v2\/users\/2"}],"replies":[{"embeddable":true,"href":"https:\/\/arantv.az\/index.php?rest_route=%2Fwp%2Fv2%2Fcomments&post=669161"}],"version-history":[{"count":0,"href":"https:\/\/arantv.az\/index.php?rest_route=\/wp\/v2\/posts\/669161\/revisions"}],"wp:featuredmedia":[{"embeddable":true,"href":"https:\/\/arantv.az\/index.php?rest_route=\/wp\/v2\/media\/669129"}],"wp:attachment":[{"href":"https:\/\/arantv.az\/index.php?rest_route=%2Fwp%2Fv2%2Fmedia&parent=669161"}],"wp:term":[{"taxonomy":"category","embeddable":true,"href":"https:\/\/arantv.az\/index.php?rest_route=%2Fwp%2Fv2%2Fcategories&post=669161"},{"taxonomy":"post_tag","embeddable":true,"href":"https:\/\/arantv.az\/index.php?rest_route=%2Fwp%2Fv2%2Ftags&post=669161"}],"curies":[{"name":"wp","href":"https:\/\/api.w.org\/{rel}","templated":true}]}}