{"id":669165,"date":"2023-12-15T11:41:36","date_gmt":"2023-12-15T07:41:36","guid":{"rendered":"https:\/\/arantv.az\/?p=669165"},"modified":"2023-12-15T11:41:36","modified_gmt":"2023-12-15T07:41:36","slug":"yap-in-prezidentliy%c9%99-namiz%c9%99dinin-s%c9%99lahiyy%c9%99tli-numay%c9%99nd%c9%99l%c9%99ri-adlar","status":"publish","type":"post","link":"https:\/\/arantv.az\/?p=669165","title":{"rendered":"YAP-\u0131n prezidentliy\u0259 namiz\u0259dinin s\u0259lahiyy\u0259tli n\u00fcmay\u0259nd\u0259l\u0259ri &#8211; ADLAR"},"content":{"rendered":"<p>Yeni Az\u0259rbaycan Partiyas\u0131n\u0131n (YAP) n\u00f6vb\u0259d\u0259nk\u0259nar prezident se\u00e7kisind\u0259 namiz\u0259dinin s\u0259lahiyy\u0259tli n\u00fcmay\u0259nd\u0259l\u0259rinin adlar\u0131 a\u00e7\u0131qlan\u0131b.<\/p>\n<p><b>ARANTV.AZ <\/b>bildirir ki, bu bar\u0259d\u0259 q\u0259rar YAP \u0130dar\u0259 Hey\u0259tinin bu g\u00fcn ke\u00e7iril\u0259n iclas\u0131nda q\u0259bul edilib.<\/p>\n<p>Q\u0259rarla YAP s\u0259drinin m\u00fcavini &#8211; M\u0259rk\u0259zi Aparat\u0131n r\u0259hb\u0259ri Tahir Budaqov v\u0259 YAP s\u0259drinin m\u00fcavini \u018fli \u018fhm\u0259dov partiyan\u0131n n\u00f6vb\u0259d\u0259nk\u0259nar prezident se\u00e7kisind\u0259ki namiz\u0259dinin s\u0259lahiyy\u0259tli n\u00fcmay\u0259nd\u0259l\u0259ri t\u0259yin edilibl\u0259r.<\/p>\n<p>M\u0259rk\u0259zi Aparat\u0131n r\u0259hb\u0259rinin m\u00fcavini \u018fhliman Ta\u011f\u0131yev is\u0259 maliyy\u0259 m\u0259s\u0259l\u0259l\u0259ri \u00fczr\u0259 s\u0259lahiyy\u0259tli n\u00fcmay\u0259nd\u0259 t\u0259yin olunub.<\/p>\n<p>Qeyd ed\u0259k ki, YAP \u0130dar\u0259 Hey\u0259tinin q\u0259rar\u0131na \u0259sas\u0259n, partiyan\u0131n n\u00f6vb\u0259d\u0259nk\u0259nar prezident se\u00e7kisind\u0259ki namiz\u0259di Prezident\u00a0<strong>\u0130lham \u018fliyev<\/strong>dir.<\/p>\n","protected":false},"excerpt":{"rendered":"<p>Yeni Az\u0259rbaycan Partiyas\u0131n\u0131n (YAP) n\u00f6vb\u0259d\u0259nk\u0259nar prezident se\u00e7kisind\u0259 namiz\u0259dinin s\u0259lahiyy\u0259tli n\u00fcmay\u0259nd\u0259l\u0259rinin adlar\u0131 a\u00e7\u0131qlan\u0131b. ARANTV.AZ bildirir ki, bu bar\u0259d\u0259 q\u0259rar YAP \u0130dar\u0259 Hey\u0259tinin bu g\u00fcn ke\u00e7iril\u0259n iclas\u0131nda q\u0259bul edilib. Q\u0259rarla YAP s\u0259drinin m\u00fcavini &#8211; M\u0259rk\u0259zi Aparat\u0131n r\u0259hb\u0259ri Tahir Budaqov v\u0259 YAP s\u0259drinin m\u00fcavini \u018fli \u018fhm\u0259dov partiyan\u0131n n\u00f6vb\u0259d\u0259nk\u0259nar prezident se\u00e7kisind\u0259ki namiz\u0259dinin s\u0259lahiyy\u0259tli n\u00fcmay\u0259nd\u0259l\u0259ri t\u0259yin edilibl\u0259r. M\u0259rk\u0259zi Aparat\u0131n r\u0259hb\u0259rinin m\u00fcavini \u018fhliman Ta\u011f\u0131yev is\u0259 maliyy\u0259 m\u0259s\u0259l\u0259l\u0259ri \u00fczr\u0259 s\u0259lahiyy\u0259tli n\u00fcmay\u0259nd\u0259 t\u0259yin olunub. Qeyd ed\u0259k ki, YAP \u0130dar\u0259 Hey\u0259tinin q\u0259rar\u0131na \u0259sas\u0259n, partiyan\u0131n n\u00f6vb\u0259d\u0259nk\u0259nar prezident se\u00e7kisind\u0259ki namiz\u0259di Prezident\u00a0\u0130lham \u018fliyevdir.<\/p>\n","protected":false},"author":2,"featured_media":669169,"comment_status":"closed","ping_status":"closed","sticky":false,"template":"","format":"standard","meta":{"om_disable_all_campaigns":false,"_monsterinsights_skip_tracking":false,"_monsterinsights_sitenote_active":false,"_monsterinsights_sitenote_note":"","_monsterinsights_sitenote_category":0},"categories":[1],"tags":[],"aioseo_notices":[],"gutentor_comment":0,"rttpg_featured_image_url":{"full":["https:\/\/arantv.az\/wp-content\/uploads\/2023\/12\/d931e74e-8225-34ce-9230-cb769e04d102_850.jpg",620,413,false],"landscape":["https:\/\/arantv.az\/wp-content\/uploads\/2023\/12\/d931e74e-8225-34ce-9230-cb769e04d102_850.jpg",620,413,false],"portraits":["https:\/\/arantv.az\/wp-content\/uploads\/2023\/12\/d931e74e-8225-34ce-9230-cb769e04d102_850.jpg",620,413,false],"thumbnail":["https:\/\/arantv.az\/wp-content\/uploads\/2023\/12\/d931e74e-8225-34ce-9230-cb769e04d102_850-500x280.jpg",500,280,true],"medium":["https:\/\/arantv.az\/wp-content\/uploads\/2023\/12\/d931e74e-8225-34ce-9230-cb769e04d102_850-548x365.jpg",548,365,true],"large":["https:\/\/arantv.az\/wp-content\/uploads\/2023\/12\/d931e74e-8225-34ce-9230-cb769e04d102_850.jpg",620,413,false],"1536x1536":["https:\/\/arantv.az\/wp-content\/uploads\/2023\/12\/d931e74e-8225-34ce-9230-cb769e04d102_850.jpg",620,413,false],"2048x2048":["https:\/\/arantv.az\/wp-content\/uploads\/2023\/12\/d931e74e-8225-34ce-9230-cb769e04d102_850.jpg",620,413,false],"post-thumbnail":["https:\/\/arantv.az\/wp-content\/uploads\/2023\/12\/d931e74e-8225-34ce-9230-cb769e04d102_850-240x172.jpg",240,172,true],"advps-thumb-one":["https:\/\/arantv.az\/wp-content\/uploads\/2023\/12\/d931e74e-8225-34ce-9230-cb769e04d102_850.jpg",620,413,false]},"rttpg_author":{"display_name":"V\u00fcsal Rafiqo\u011flu","author_link":"https:\/\/arantv.az\/?author=2"},"rttpg_comment":0,"rttpg_category":"<a href=\"https:\/\/arantv.az\/?cat=1\" rel=\"category\">C\u0259miyy\u0259t<\/a>","rttpg_excerpt":"Yeni Az\u0259rbaycan Partiyas\u0131n\u0131n (YAP) n\u00f6vb\u0259d\u0259nk\u0259nar prezident se\u00e7kisind\u0259 namiz\u0259dinin s\u0259lahiyy\u0259tli n\u00fcmay\u0259nd\u0259l\u0259rinin adlar\u0131 a\u00e7\u0131qlan\u0131b. ARANTV.AZ bildirir ki, bu bar\u0259d\u0259 q\u0259rar YAP \u0130dar\u0259 Hey\u0259tinin bu g\u00fcn ke\u00e7iril\u0259n iclas\u0131nda q\u0259bul edilib. Q\u0259rarla YAP s\u0259drinin m\u00fcavini &#8211; M\u0259rk\u0259zi Aparat\u0131n r\u0259hb\u0259ri Tahir Budaqov v\u0259 YAP s\u0259drinin m\u00fcavini \u018fli \u018fhm\u0259dov partiyan\u0131n n\u00f6vb\u0259d\u0259nk\u0259nar prezident se\u00e7kisind\u0259ki namiz\u0259dinin s\u0259lahiyy\u0259tli n\u00fcmay\u0259nd\u0259l\u0259ri t\u0259yin edilibl\u0259r. M\u0259rk\u0259zi Aparat\u0131n r\u0259hb\u0259rinin&hellip;","_links":{"self":[{"href":"https:\/\/arantv.az\/index.php?rest_route=\/wp\/v2\/posts\/669165"}],"collection":[{"href":"https:\/\/arantv.az\/index.php?rest_route=\/wp\/v2\/posts"}],"about":[{"href":"https:\/\/arantv.az\/index.php?rest_route=\/wp\/v2\/types\/post"}],"author":[{"embeddable":true,"href":"https:\/\/arantv.az\/index.php?rest_route=\/wp\/v2\/users\/2"}],"replies":[{"embeddable":true,"href":"https:\/\/arantv.az\/index.php?rest_route=%2Fwp%2Fv2%2Fcomments&post=669165"}],"version-history":[{"count":0,"href":"https:\/\/arantv.az\/index.php?rest_route=\/wp\/v2\/posts\/669165\/revisions"}],"wp:featuredmedia":[{"embeddable":true,"href":"https:\/\/arantv.az\/index.php?rest_route=\/wp\/v2\/media\/669169"}],"wp:attachment":[{"href":"https:\/\/arantv.az\/index.php?rest_route=%2Fwp%2Fv2%2Fmedia&parent=669165"}],"wp:term":[{"taxonomy":"category","embeddable":true,"href":"https:\/\/arantv.az\/index.php?rest_route=%2Fwp%2Fv2%2Fcategories&post=669165"},{"taxonomy":"post_tag","embeddable":true,"href":"https:\/\/arantv.az\/index.php?rest_route=%2Fwp%2Fv2%2Ftags&post=669165"}],"curies":[{"name":"wp","href":"https:\/\/api.w.org\/{rel}","templated":true}]}}