{"id":669166,"date":"2023-12-15T11:40:59","date_gmt":"2023-12-15T07:40:59","guid":{"rendered":"https:\/\/arantv.az\/?p=669166"},"modified":"2023-12-15T11:40:59","modified_gmt":"2023-12-15T07:40:59","slug":"xaricd%c9%99-t%c9%99hsil-uzr%c9%99-dovl%c9%99t-proqramina-q%c9%99bul-olanlar-hansi-olk%c9%99l%c9%99ri-secibl%c9%99r-nazir-aciqladi","status":"publish","type":"post","link":"https:\/\/arantv.az\/?p=669166","title":{"rendered":"Xaricd\u0259 T\u0259hsil \u00fczr\u0259 D\u00f6vl\u0259t Proqram\u0131na q\u0259bul olanlar hans\u0131 \u00f6lk\u0259l\u0259ri se\u00e7ibl\u0259r? &#8211; Nazir A\u00c7IQLADI"},"content":{"rendered":"<p>\u201c2022-2026-c\u0131 ill\u0259r \u00fczr\u0259 Xaricd\u0259 T\u0259hsil \u00fczr\u0259 D\u00f6vl\u0259t Proqram\u0131na q\u0259bul olanlar\u0131n say\u0131 art\u0131b\u201d.<\/p>\n<p><strong>ARANTV.AZ<\/strong>-\u0131n m\u0259lumat\u0131na g\u00f6r\u0259, bunu elm v\u0259 t\u0259hsil naziri Emin \u018fmrullayev \u00fcmummilli lider Heyd\u0259r \u018fliyevin 100 illik yubileyin\u0259 h\u0259sr olunmu\u015f Az\u0259rbaycan M\u00fc\u0259lliml\u0259rinin XVI Qurultay\u0131nda \u00e7\u0131x\u0131\u015f\u0131 zaman\u0131 deyib.<\/p>\n<p>Onun s\u00f6zl\u0259rin\u0259 g\u00f6r\u0259,\u00a02022-2023-c\u00fc ill\u0259r \u00fczr\u0259 336 n\u0259f\u0259r, 2022-2024-c\u00fc ill\u0259r \u00fczr\u0259 is\u0259 717 n\u0259f\u0259r Xaricd\u0259 T\u0259hsil \u00fczr\u0259 D\u00f6vl\u0259t Proqram\u0131na q\u0259bul olub:<\/p>\n<p>\u201cQ\u0259bul olanlar\u0131n 393 n\u0259f\u0259ri (55 faiz) B\u00f6y\u00fck Britaniya, 84 n\u0259f\u0259ri T\u00fcrkiy\u0259 (12 faiz), 73 n\u0259f\u0259ri AB\u015e (10 faiz), 43 n\u0259f\u0259ri Almaniya (6 faiz), 124 n\u0259f\u0259ri (17 faiz) is\u0259 dig\u0259r \u00f6lk\u0259l\u0259rd\u0259 t\u0259hsil alma\u011f\u0131 se\u00e7ib\u201d.<\/p>\n","protected":false},"excerpt":{"rendered":"<p>\u201c2022-2026-c\u0131 ill\u0259r \u00fczr\u0259 Xaricd\u0259 T\u0259hsil \u00fczr\u0259 D\u00f6vl\u0259t Proqram\u0131na q\u0259bul olanlar\u0131n say\u0131 art\u0131b\u201d. ARANTV.AZ-\u0131n m\u0259lumat\u0131na g\u00f6r\u0259, bunu elm v\u0259 t\u0259hsil naziri Emin \u018fmrullayev \u00fcmummilli lider Heyd\u0259r \u018fliyevin 100 illik yubileyin\u0259 h\u0259sr olunmu\u015f Az\u0259rbaycan M\u00fc\u0259lliml\u0259rinin XVI Qurultay\u0131nda \u00e7\u0131x\u0131\u015f\u0131 zaman\u0131 deyib. Onun s\u00f6zl\u0259rin\u0259 g\u00f6r\u0259,\u00a02022-2023-c\u00fc ill\u0259r \u00fczr\u0259 336 n\u0259f\u0259r, 2022-2024-c\u00fc ill\u0259r \u00fczr\u0259 is\u0259 717 n\u0259f\u0259r Xaricd\u0259 T\u0259hsil \u00fczr\u0259 D\u00f6vl\u0259t Proqram\u0131na q\u0259bul olub: \u201cQ\u0259bul olanlar\u0131n 393 n\u0259f\u0259ri (55 faiz) B\u00f6y\u00fck Britaniya, 84 n\u0259f\u0259ri T\u00fcrkiy\u0259 (12 faiz), 73 n\u0259f\u0259ri AB\u015e (10 faiz), 43 n\u0259f\u0259ri Almaniya (6 faiz), 124 n\u0259f\u0259ri (17 faiz) is\u0259 dig\u0259r \u00f6lk\u0259l\u0259rd\u0259 t\u0259hsil alma\u011f\u0131&hellip;<\/p>\n","protected":false},"author":2,"featured_media":669127,"comment_status":"closed","ping_status":"closed","sticky":false,"template":"","format":"standard","meta":{"om_disable_all_campaigns":false,"_monsterinsights_skip_tracking":false,"_monsterinsights_sitenote_active":false,"_monsterinsights_sitenote_note":"","_monsterinsights_sitenote_category":0},"categories":[1],"tags":[],"aioseo_notices":[],"gutentor_comment":0,"rttpg_featured_image_url":{"full":["https:\/\/arantv.az\/wp-content\/uploads\/2023\/12\/e14e5829170135070628124932210999014.jpg",975,540,false],"landscape":["https:\/\/arantv.az\/wp-content\/uploads\/2023\/12\/e14e5829170135070628124932210999014.jpg",975,540,false],"portraits":["https:\/\/arantv.az\/wp-content\/uploads\/2023\/12\/e14e5829170135070628124932210999014.jpg",975,540,false],"thumbnail":["https:\/\/arantv.az\/wp-content\/uploads\/2023\/12\/e14e5829170135070628124932210999014-500x280.jpg",500,280,true],"medium":["https:\/\/arantv.az\/wp-content\/uploads\/2023\/12\/e14e5829170135070628124932210999014-660x365.jpg",660,365,true],"large":["https:\/\/arantv.az\/wp-content\/uploads\/2023\/12\/e14e5829170135070628124932210999014-840x465.jpg",640,354,true],"1536x1536":["https:\/\/arantv.az\/wp-content\/uploads\/2023\/12\/e14e5829170135070628124932210999014.jpg",975,540,false],"2048x2048":["https:\/\/arantv.az\/wp-content\/uploads\/2023\/12\/e14e5829170135070628124932210999014.jpg",975,540,false],"post-thumbnail":["https:\/\/arantv.az\/wp-content\/uploads\/2023\/12\/e14e5829170135070628124932210999014-240x172.jpg",240,172,true],"advps-thumb-one":["https:\/\/arantv.az\/wp-content\/uploads\/2023\/12\/e14e5829170135070628124932210999014.jpg",975,540,false]},"rttpg_author":{"display_name":"V\u00fcsal Rafiqo\u011flu","author_link":"https:\/\/arantv.az\/?author=2"},"rttpg_comment":0,"rttpg_category":"<a href=\"https:\/\/arantv.az\/?cat=1\" rel=\"category\">C\u0259miyy\u0259t<\/a>","rttpg_excerpt":"\u201c2022-2026-c\u0131 ill\u0259r \u00fczr\u0259 Xaricd\u0259 T\u0259hsil \u00fczr\u0259 D\u00f6vl\u0259t Proqram\u0131na q\u0259bul olanlar\u0131n say\u0131 art\u0131b\u201d. ARANTV.AZ-\u0131n m\u0259lumat\u0131na g\u00f6r\u0259, bunu elm v\u0259 t\u0259hsil naziri Emin \u018fmrullayev \u00fcmummilli lider Heyd\u0259r \u018fliyevin 100 illik yubileyin\u0259 h\u0259sr olunmu\u015f Az\u0259rbaycan M\u00fc\u0259lliml\u0259rinin XVI Qurultay\u0131nda \u00e7\u0131x\u0131\u015f\u0131 zaman\u0131 deyib. Onun s\u00f6zl\u0259rin\u0259 g\u00f6r\u0259,\u00a02022-2023-c\u00fc ill\u0259r \u00fczr\u0259 336 n\u0259f\u0259r, 2022-2024-c\u00fc ill\u0259r \u00fczr\u0259 is\u0259 717 n\u0259f\u0259r Xaricd\u0259 T\u0259hsil \u00fczr\u0259 D\u00f6vl\u0259t&hellip;","_links":{"self":[{"href":"https:\/\/arantv.az\/index.php?rest_route=\/wp\/v2\/posts\/669166"}],"collection":[{"href":"https:\/\/arantv.az\/index.php?rest_route=\/wp\/v2\/posts"}],"about":[{"href":"https:\/\/arantv.az\/index.php?rest_route=\/wp\/v2\/types\/post"}],"author":[{"embeddable":true,"href":"https:\/\/arantv.az\/index.php?rest_route=\/wp\/v2\/users\/2"}],"replies":[{"embeddable":true,"href":"https:\/\/arantv.az\/index.php?rest_route=%2Fwp%2Fv2%2Fcomments&post=669166"}],"version-history":[{"count":0,"href":"https:\/\/arantv.az\/index.php?rest_route=\/wp\/v2\/posts\/669166\/revisions"}],"wp:featuredmedia":[{"embeddable":true,"href":"https:\/\/arantv.az\/index.php?rest_route=\/wp\/v2\/media\/669127"}],"wp:attachment":[{"href":"https:\/\/arantv.az\/index.php?rest_route=%2Fwp%2Fv2%2Fmedia&parent=669166"}],"wp:term":[{"taxonomy":"category","embeddable":true,"href":"https:\/\/arantv.az\/index.php?rest_route=%2Fwp%2Fv2%2Fcategories&post=669166"},{"taxonomy":"post_tag","embeddable":true,"href":"https:\/\/arantv.az\/index.php?rest_route=%2Fwp%2Fv2%2Ftags&post=669166"}],"curies":[{"name":"wp","href":"https:\/\/api.w.org\/{rel}","templated":true}]}}