{"id":669176,"date":"2023-12-15T12:09:44","date_gmt":"2023-12-15T08:09:44","guid":{"rendered":"https:\/\/arantv.az\/?p=669176"},"modified":"2023-12-15T12:09:44","modified_gmt":"2023-12-15T08:09:44","slug":"yeni-az%c9%99rbaycan-partiyasinin-m%c9%99rk%c9%99zi-secki-q%c9%99rargahi-yaradilib","status":"publish","type":"post","link":"https:\/\/arantv.az\/?p=669176","title":{"rendered":"Yeni Az\u0259rbaycan Partiyas\u0131n\u0131n M\u0259rk\u0259zi Se\u00e7ki Q\u0259rargah\u0131 yarad\u0131l\u0131b"},"content":{"rendered":"<p>Yeni Az\u0259rbaycan Partiyas\u0131n\u0131n M\u0259rk\u0259zi Se\u00e7ki Q\u0259rargah\u0131 yarad\u0131l\u0131b.<\/p>\n<p><strong>ARANTV.AZ<\/strong>\u00a0bildirir ki, bu bar\u0259d\u0259 q\u0259rar YAP \u0130dar\u0259 Hey\u0259tinin geni\u015fl\u0259ndirilmi\u015f iclas\u0131nda q\u0259bul edilib.<\/p>\n<p>Q\u0259rargah 21 n\u0259f\u0259rd\u0259n ibar\u0259t t\u0259rkibd\u0259 yarad\u0131l\u0131b.<\/p>\n<p>Bildir\u0259k ki, YAP \u0130dar\u0259 Hey\u0259tinin bu g\u00fcn ke\u00e7iril\u0259n iclas\u0131nda n\u00f6vb\u0259d\u0259nk\u0259nar prezident se\u00e7kisind\u0259 partiyan\u0131n i\u015ftirak\u0131 bar\u0259d\u0259 q\u0259rar verilib.<\/p>\n<p>Q\u0259rara \u0259sas\u0259n, Prezident\u00a0<strong>\u0130lham \u018fliyev<\/strong>\u00a0YAP-\u0131n n\u00f6vb\u0259d\u0259nk\u0259nar prezident se\u00e7kisind\u0259 namiz\u0259di olacaq.<\/p>\n<p>Xat\u0131rladaq ki, Az\u0259rbaycanda 2024-c\u00fc ilin fevral\u0131n 7-d\u0259 n\u00f6vb\u0259d\u0259nk\u0259nar prezident se\u00e7kisi ke\u00e7iril\u0259c\u0259k.<\/p>\n","protected":false},"excerpt":{"rendered":"<p>Yeni Az\u0259rbaycan Partiyas\u0131n\u0131n M\u0259rk\u0259zi Se\u00e7ki Q\u0259rargah\u0131 yarad\u0131l\u0131b. ARANTV.AZ\u00a0bildirir ki, bu bar\u0259d\u0259 q\u0259rar YAP \u0130dar\u0259 Hey\u0259tinin geni\u015fl\u0259ndirilmi\u015f iclas\u0131nda q\u0259bul edilib. Q\u0259rargah 21 n\u0259f\u0259rd\u0259n ibar\u0259t t\u0259rkibd\u0259 yarad\u0131l\u0131b. Bildir\u0259k ki, YAP \u0130dar\u0259 Hey\u0259tinin bu g\u00fcn ke\u00e7iril\u0259n iclas\u0131nda n\u00f6vb\u0259d\u0259nk\u0259nar prezident se\u00e7kisind\u0259 partiyan\u0131n i\u015ftirak\u0131 bar\u0259d\u0259 q\u0259rar verilib. Q\u0259rara \u0259sas\u0259n, Prezident\u00a0\u0130lham \u018fliyev\u00a0YAP-\u0131n n\u00f6vb\u0259d\u0259nk\u0259nar prezident se\u00e7kisind\u0259 namiz\u0259di olacaq. Xat\u0131rladaq ki, Az\u0259rbaycanda 2024-c\u00fc ilin fevral\u0131n 7-d\u0259 n\u00f6vb\u0259d\u0259nk\u0259nar prezident se\u00e7kisi ke\u00e7iril\u0259c\u0259k.<\/p>\n","protected":false},"author":2,"featured_media":669177,"comment_status":"closed","ping_status":"closed","sticky":false,"template":"","format":"standard","meta":{"om_disable_all_campaigns":false,"_monsterinsights_skip_tracking":false,"_monsterinsights_sitenote_active":false,"_monsterinsights_sitenote_note":"","_monsterinsights_sitenote_category":0},"categories":[4],"tags":[],"aioseo_notices":[],"gutentor_comment":0,"rttpg_featured_image_url":{"full":["https:\/\/arantv.az\/wp-content\/uploads\/2023\/12\/1702620784_657a99fab6fa4657a99fab6fa51702533626983b6929d5259b28395cb74339837db5.jpg",620,413,false],"landscape":["https:\/\/arantv.az\/wp-content\/uploads\/2023\/12\/1702620784_657a99fab6fa4657a99fab6fa51702533626983b6929d5259b28395cb74339837db5.jpg",620,413,false],"portraits":["https:\/\/arantv.az\/wp-content\/uploads\/2023\/12\/1702620784_657a99fab6fa4657a99fab6fa51702533626983b6929d5259b28395cb74339837db5.jpg",620,413,false],"thumbnail":["https:\/\/arantv.az\/wp-content\/uploads\/2023\/12\/1702620784_657a99fab6fa4657a99fab6fa51702533626983b6929d5259b28395cb74339837db5-500x280.jpg",500,280,true],"medium":["https:\/\/arantv.az\/wp-content\/uploads\/2023\/12\/1702620784_657a99fab6fa4657a99fab6fa51702533626983b6929d5259b28395cb74339837db5-548x365.jpg",548,365,true],"large":["https:\/\/arantv.az\/wp-content\/uploads\/2023\/12\/1702620784_657a99fab6fa4657a99fab6fa51702533626983b6929d5259b28395cb74339837db5.jpg",620,413,false],"1536x1536":["https:\/\/arantv.az\/wp-content\/uploads\/2023\/12\/1702620784_657a99fab6fa4657a99fab6fa51702533626983b6929d5259b28395cb74339837db5.jpg",620,413,false],"2048x2048":["https:\/\/arantv.az\/wp-content\/uploads\/2023\/12\/1702620784_657a99fab6fa4657a99fab6fa51702533626983b6929d5259b28395cb74339837db5.jpg",620,413,false],"post-thumbnail":["https:\/\/arantv.az\/wp-content\/uploads\/2023\/12\/1702620784_657a99fab6fa4657a99fab6fa51702533626983b6929d5259b28395cb74339837db5-240x172.jpg",240,172,true],"advps-thumb-one":["https:\/\/arantv.az\/wp-content\/uploads\/2023\/12\/1702620784_657a99fab6fa4657a99fab6fa51702533626983b6929d5259b28395cb74339837db5.jpg",620,413,false]},"rttpg_author":{"display_name":"V\u00fcsal Rafiqo\u011flu","author_link":"https:\/\/arantv.az\/?author=2"},"rttpg_comment":0,"rttpg_category":"<a href=\"https:\/\/arantv.az\/?cat=4\" rel=\"category\">Siyas\u0259t<\/a>","rttpg_excerpt":"Yeni Az\u0259rbaycan Partiyas\u0131n\u0131n M\u0259rk\u0259zi Se\u00e7ki Q\u0259rargah\u0131 yarad\u0131l\u0131b. ARANTV.AZ\u00a0bildirir ki, bu bar\u0259d\u0259 q\u0259rar YAP \u0130dar\u0259 Hey\u0259tinin geni\u015fl\u0259ndirilmi\u015f iclas\u0131nda q\u0259bul edilib. Q\u0259rargah 21 n\u0259f\u0259rd\u0259n ibar\u0259t t\u0259rkibd\u0259 yarad\u0131l\u0131b. Bildir\u0259k ki, YAP \u0130dar\u0259 Hey\u0259tinin bu g\u00fcn ke\u00e7iril\u0259n iclas\u0131nda n\u00f6vb\u0259d\u0259nk\u0259nar prezident se\u00e7kisind\u0259 partiyan\u0131n i\u015ftirak\u0131 bar\u0259d\u0259 q\u0259rar verilib. Q\u0259rara \u0259sas\u0259n, Prezident\u00a0\u0130lham \u018fliyev\u00a0YAP-\u0131n n\u00f6vb\u0259d\u0259nk\u0259nar prezident se\u00e7kisind\u0259 namiz\u0259di olacaq. Xat\u0131rladaq ki, Az\u0259rbaycanda 2024-c\u00fc&hellip;","_links":{"self":[{"href":"https:\/\/arantv.az\/index.php?rest_route=\/wp\/v2\/posts\/669176"}],"collection":[{"href":"https:\/\/arantv.az\/index.php?rest_route=\/wp\/v2\/posts"}],"about":[{"href":"https:\/\/arantv.az\/index.php?rest_route=\/wp\/v2\/types\/post"}],"author":[{"embeddable":true,"href":"https:\/\/arantv.az\/index.php?rest_route=\/wp\/v2\/users\/2"}],"replies":[{"embeddable":true,"href":"https:\/\/arantv.az\/index.php?rest_route=%2Fwp%2Fv2%2Fcomments&post=669176"}],"version-history":[{"count":0,"href":"https:\/\/arantv.az\/index.php?rest_route=\/wp\/v2\/posts\/669176\/revisions"}],"wp:featuredmedia":[{"embeddable":true,"href":"https:\/\/arantv.az\/index.php?rest_route=\/wp\/v2\/media\/669177"}],"wp:attachment":[{"href":"https:\/\/arantv.az\/index.php?rest_route=%2Fwp%2Fv2%2Fmedia&parent=669176"}],"wp:term":[{"taxonomy":"category","embeddable":true,"href":"https:\/\/arantv.az\/index.php?rest_route=%2Fwp%2Fv2%2Fcategories&post=669176"},{"taxonomy":"post_tag","embeddable":true,"href":"https:\/\/arantv.az\/index.php?rest_route=%2Fwp%2Fv2%2Ftags&post=669176"}],"curies":[{"name":"wp","href":"https:\/\/api.w.org\/{rel}","templated":true}]}}