{"id":669182,"date":"2023-12-15T12:11:10","date_gmt":"2023-12-15T08:11:10","guid":{"rendered":"https:\/\/arantv.az\/?p=669182"},"modified":"2023-12-15T12:11:10","modified_gmt":"2023-12-15T08:11:10","slug":"az%c9%99rbaycanda-daha-bir-usagin-qizilcadan-v%c9%99fat-etm%c9%99si-x%c9%99b%c9%99rin%c9%99-t%c9%99bib-d%c9%99n-aciqlama-yenil%c9%99nib","status":"publish","type":"post","link":"https:\/\/arantv.az\/?p=669182","title":{"rendered":"Az\u0259rbaycanda daha bir u\u015fa\u011f\u0131n q\u0131z\u0131lcadan v\u0259fat etm\u0259si x\u0259b\u0259rin\u0259 T\u018fB\u0130B-d\u0259n a\u00e7\u0131qlama &#8211; YEN\u0130L\u018fN\u0130B"},"content":{"rendered":"<p>Tibbi \u018frazi B\u00f6lm\u0259l\u0259rini \u0130dar\u0259etm\u0259 Birliyi (T\u018fB\u0130B) \u015e\u0259mkird\u0259 d\u00f6rd ya\u015fl\u0131 u\u015fa\u011f\u0131n \u00f6l\u00fcm\u00fc bar\u0259d\u0259 a\u00e7\u0131qlama verib.<\/p>\n<p>Qurumdan\u00a0<strong>Oxu.Az<\/strong>-\u0131n sor\u011fusuna cavab olaraq bildirilib ki, serebral iflic x\u0259st\u0259liyind\u0259n \u0259ziyy\u0259t \u00e7\u0259k\u0259n 2019-cu il t\u0259v\u0259ll\u00fcdl\u00fc u\u015fa\u011f\u0131n s\u0259hh\u0259tind\u0259 yaranan probleml\u0259rl\u0259 ba\u011fl\u0131 d\u00fcn\u0259n valideynl\u0259ri t\u0259r\u0259find\u0259n \u015e\u0259mkir Rayon M\u0259rk\u0259zi X\u0259st\u0259xanas\u0131n\u0131n Yoluxucu X\u0259st\u0259likl\u0259r \u015e\u00f6b\u0259sin\u0259 m\u00fcayin\u0259y\u0259 g\u0259tirilib:<\/p>\n<p>\u201cH\u0259kim m\u00fcayin\u0259si zaman\u0131 x\u0259st\u0259d\u0259 q\u0131z\u0131lca virusu a\u015fkar edilib v\u0259 stasionar m\u00fcalic\u0259y\u0259 ehtiyac oldu\u011fu bildirilib. U\u015fa\u011f\u0131n valideynl\u0259ri stasionar m\u00fcalic\u0259d\u0259n imtina edibl\u0259r. Daha sonra u\u015faq valideynl\u0259ri t\u0259r\u0259find\u0259n el\u0259 h\u0259min g\u00fcn saat 15:30 rad\u0259l\u0259rind\u0259 G\u0259nc\u0259 \u015e\u0259h\u0259r Birl\u0259\u015fmi\u015f X\u0259st\u0259xanas\u0131n\u0131n n\u0259zdind\u0259 olan U\u015faq X\u0259st\u0259xanas\u0131na g\u0259tir\u0259rk\u0259n x\u0259st\u0259xanaya q\u0259d\u0259r \u00f6l\u00fcm qeyd\u0259 al\u0131n\u0131b\u201d.<\/p>\n<p><strong>09:24<\/strong><\/p>\n<p>\u015e\u0259mkird\u0259 d\u00f6rd ya\u015fl\u0131 u\u015faq v\u0259fat edib.<\/p>\n<p><strong>ARANTV.AZ<\/strong>-\u0131n m\u0259lumat\u0131na g\u00f6r\u0259, rayon sakini, 2019-cu il t\u0259v\u0259ll\u00fcdl\u00fc H.Allahyarov \u015e\u0259mkird\u0259n G\u0259nc\u0259 \u015f\u0259h\u0259rin\u0259 g\u0259tiril\u0259n zaman yolda d\u00fcnyas\u0131n\u0131 d\u0259yi\u015fib.<\/p>\n<p>Onun q\u0131z\u0131lca x\u0259st\u0259liyind\u0259n \u00f6ld\u00fcy\u00fc bildirilir.<\/p>\n<p>Faktla ba\u011fl\u0131 ara\u015fd\u0131rma apar\u0131l\u0131r.<\/p>\n<p>Qeyd ed\u0259k ki, son bir ay\u00a0\u0259rzind\u0259 Az\u0259rbaycan\u0131n m\u00fcxt\u0259lif b\u00f6lg\u0259l\u0259rind\u0259 q\u0131z\u0131lcadan art\u0131q yeddinci u\u015faq d\u00fcnyas\u0131n\u0131 d\u0259yi\u015fir.<\/p>\n","protected":false},"excerpt":{"rendered":"<p>Tibbi \u018frazi B\u00f6lm\u0259l\u0259rini \u0130dar\u0259etm\u0259 Birliyi (T\u018fB\u0130B) \u015e\u0259mkird\u0259 d\u00f6rd ya\u015fl\u0131 u\u015fa\u011f\u0131n \u00f6l\u00fcm\u00fc bar\u0259d\u0259 a\u00e7\u0131qlama verib. Qurumdan\u00a0Oxu.Az-\u0131n sor\u011fusuna cavab olaraq bildirilib ki, serebral iflic x\u0259st\u0259liyind\u0259n \u0259ziyy\u0259t \u00e7\u0259k\u0259n 2019-cu il t\u0259v\u0259ll\u00fcdl\u00fc u\u015fa\u011f\u0131n s\u0259hh\u0259tind\u0259 yaranan probleml\u0259rl\u0259 ba\u011fl\u0131 d\u00fcn\u0259n valideynl\u0259ri t\u0259r\u0259find\u0259n \u015e\u0259mkir Rayon M\u0259rk\u0259zi X\u0259st\u0259xanas\u0131n\u0131n Yoluxucu X\u0259st\u0259likl\u0259r \u015e\u00f6b\u0259sin\u0259 m\u00fcayin\u0259y\u0259 g\u0259tirilib: \u201cH\u0259kim m\u00fcayin\u0259si zaman\u0131 x\u0259st\u0259d\u0259 q\u0131z\u0131lca virusu a\u015fkar edilib v\u0259 stasionar m\u00fcalic\u0259y\u0259 ehtiyac oldu\u011fu bildirilib. U\u015fa\u011f\u0131n valideynl\u0259ri stasionar m\u00fcalic\u0259d\u0259n imtina edibl\u0259r. Daha sonra u\u015faq valideynl\u0259ri t\u0259r\u0259find\u0259n el\u0259 h\u0259min g\u00fcn saat 15:30 rad\u0259l\u0259rind\u0259 G\u0259nc\u0259 \u015e\u0259h\u0259r Birl\u0259\u015fmi\u015f X\u0259st\u0259xanas\u0131n\u0131n n\u0259zdind\u0259 olan U\u015faq X\u0259st\u0259xanas\u0131na g\u0259tir\u0259rk\u0259n x\u0259st\u0259xanaya q\u0259d\u0259r \u00f6l\u00fcm qeyd\u0259 al\u0131n\u0131b\u201d.&hellip;<\/p>\n","protected":false},"author":2,"featured_media":669081,"comment_status":"closed","ping_status":"closed","sticky":false,"template":"","format":"standard","meta":{"om_disable_all_campaigns":false,"_monsterinsights_skip_tracking":false,"_monsterinsights_sitenote_active":false,"_monsterinsights_sitenote_note":"","_monsterinsights_sitenote_category":0},"categories":[1],"tags":[],"aioseo_notices":[],"gutentor_comment":0,"rttpg_featured_image_url":{"full":["https:\/\/arantv.az\/wp-content\/uploads\/2023\/12\/fd052f300f716812ae2994e234774e8a.jpg",620,413,false],"landscape":["https:\/\/arantv.az\/wp-content\/uploads\/2023\/12\/fd052f300f716812ae2994e234774e8a.jpg",620,413,false],"portraits":["https:\/\/arantv.az\/wp-content\/uploads\/2023\/12\/fd052f300f716812ae2994e234774e8a.jpg",620,413,false],"thumbnail":["https:\/\/arantv.az\/wp-content\/uploads\/2023\/12\/fd052f300f716812ae2994e234774e8a-500x280.jpg",500,280,true],"medium":["https:\/\/arantv.az\/wp-content\/uploads\/2023\/12\/fd052f300f716812ae2994e234774e8a-548x365.jpg",548,365,true],"large":["https:\/\/arantv.az\/wp-content\/uploads\/2023\/12\/fd052f300f716812ae2994e234774e8a.jpg",620,413,false],"1536x1536":["https:\/\/arantv.az\/wp-content\/uploads\/2023\/12\/fd052f300f716812ae2994e234774e8a.jpg",620,413,false],"2048x2048":["https:\/\/arantv.az\/wp-content\/uploads\/2023\/12\/fd052f300f716812ae2994e234774e8a.jpg",620,413,false],"post-thumbnail":["https:\/\/arantv.az\/wp-content\/uploads\/2023\/12\/fd052f300f716812ae2994e234774e8a-240x172.jpg",240,172,true],"advps-thumb-one":["https:\/\/arantv.az\/wp-content\/uploads\/2023\/12\/fd052f300f716812ae2994e234774e8a.jpg",620,413,false]},"rttpg_author":{"display_name":"V\u00fcsal Rafiqo\u011flu","author_link":"https:\/\/arantv.az\/?author=2"},"rttpg_comment":0,"rttpg_category":"<a href=\"https:\/\/arantv.az\/?cat=1\" rel=\"category\">C\u0259miyy\u0259t<\/a>","rttpg_excerpt":"Tibbi \u018frazi B\u00f6lm\u0259l\u0259rini \u0130dar\u0259etm\u0259 Birliyi (T\u018fB\u0130B) \u015e\u0259mkird\u0259 d\u00f6rd ya\u015fl\u0131 u\u015fa\u011f\u0131n \u00f6l\u00fcm\u00fc bar\u0259d\u0259 a\u00e7\u0131qlama verib. Qurumdan\u00a0Oxu.Az-\u0131n sor\u011fusuna cavab olaraq bildirilib ki, serebral iflic x\u0259st\u0259liyind\u0259n \u0259ziyy\u0259t \u00e7\u0259k\u0259n 2019-cu il t\u0259v\u0259ll\u00fcdl\u00fc u\u015fa\u011f\u0131n s\u0259hh\u0259tind\u0259 yaranan probleml\u0259rl\u0259 ba\u011fl\u0131 d\u00fcn\u0259n valideynl\u0259ri t\u0259r\u0259find\u0259n \u015e\u0259mkir Rayon M\u0259rk\u0259zi X\u0259st\u0259xanas\u0131n\u0131n Yoluxucu X\u0259st\u0259likl\u0259r \u015e\u00f6b\u0259sin\u0259 m\u00fcayin\u0259y\u0259 g\u0259tirilib: \u201cH\u0259kim m\u00fcayin\u0259si zaman\u0131 x\u0259st\u0259d\u0259 q\u0131z\u0131lca virusu a\u015fkar edilib v\u0259 stasionar&hellip;","_links":{"self":[{"href":"https:\/\/arantv.az\/index.php?rest_route=\/wp\/v2\/posts\/669182"}],"collection":[{"href":"https:\/\/arantv.az\/index.php?rest_route=\/wp\/v2\/posts"}],"about":[{"href":"https:\/\/arantv.az\/index.php?rest_route=\/wp\/v2\/types\/post"}],"author":[{"embeddable":true,"href":"https:\/\/arantv.az\/index.php?rest_route=\/wp\/v2\/users\/2"}],"replies":[{"embeddable":true,"href":"https:\/\/arantv.az\/index.php?rest_route=%2Fwp%2Fv2%2Fcomments&post=669182"}],"version-history":[{"count":0,"href":"https:\/\/arantv.az\/index.php?rest_route=\/wp\/v2\/posts\/669182\/revisions"}],"wp:featuredmedia":[{"embeddable":true,"href":"https:\/\/arantv.az\/index.php?rest_route=\/wp\/v2\/media\/669081"}],"wp:attachment":[{"href":"https:\/\/arantv.az\/index.php?rest_route=%2Fwp%2Fv2%2Fmedia&parent=669182"}],"wp:term":[{"taxonomy":"category","embeddable":true,"href":"https:\/\/arantv.az\/index.php?rest_route=%2Fwp%2Fv2%2Fcategories&post=669182"},{"taxonomy":"post_tag","embeddable":true,"href":"https:\/\/arantv.az\/index.php?rest_route=%2Fwp%2Fv2%2Ftags&post=669182"}],"curies":[{"name":"wp","href":"https:\/\/api.w.org\/{rel}","templated":true}]}}