{"id":669185,"date":"2023-12-15T12:11:48","date_gmt":"2023-12-15T08:11:48","guid":{"rendered":"https:\/\/arantv.az\/?p=669185"},"modified":"2023-12-15T12:11:48","modified_gmt":"2023-12-15T08:11:48","slug":"pasinyan-kadr-t%c9%99mizl%c9%99m%c9%99sin%c9%99-baslayib-usaq-bagcalarinin-mudirl%c9%99ri-d%c9%99-isd%c9%99n-cixarilirlar","status":"publish","type":"post","link":"https:\/\/arantv.az\/?p=669185","title":{"rendered":"Pa\u015finyan kadr t\u0259mizl\u0259m\u0259sin\u0259 ba\u015flay\u0131b: U\u015faq ba\u011f\u00e7alar\u0131n\u0131n m\u00fcdirl\u0259ri d\u0259 i\u015fd\u0259n \u00e7\u0131xar\u0131l\u0131rlar"},"content":{"rendered":"<p>Erm\u0259nistan\u0131n ba\u015f naziri Nikol Pa\u015finyan komandas\u0131nda kadr t\u0259mizl\u0259m\u0259si h\u0259yata ke\u00e7irm\u0259k q\u0259rar\u0131na g\u0259lib.<\/p>\n<p>Bel\u0259 ki, Nikol Pa\u015finyan \u201cV\u0259t\u0259nda\u015f sazi\u015fi\u201d partiyas\u0131n\u0131n \u00fczv\u00fc olmayan b\u00fct\u00fcn m\u0259murlar\u0131 tez bir zamanda v\u0259zif\u0259d\u0259n uzaqla\u015fd\u0131rma\u011f\u0131 tap\u015f\u0131r\u0131b.<\/p>\n<p>O hesab edir ki, partiyan\u0131n ideyalar\u0131n\u0131 b\u00f6l\u00fc\u015fm\u0259y\u0259n v\u0259 bit\u0259r\u0259f qalma\u011fa davam ed\u0259n b\u00fct\u00fcn m\u0259murlar m\u00fcmk\u00fcn q\u0259d\u0259r tez v\u0259zif\u0259d\u0259n uzaqla\u015fd\u0131r\u0131lmal\u0131d\u0131rlar.<\/p>\n<p>\u201cBu, b\u00fct\u00fcn sah\u0259l\u0259r\u0259 &#8211; s\u0259hiyy\u0259y\u0259, idmana, t\u0259hsil\u0259, o c\u00fcml\u0259d\u0259n orta m\u0259kt\u0259bl\u0259r\u0259, h\u0259tta u\u015faq ba\u011f\u00e7alar\u0131nda r\u0259hb\u0259r v\u0259zif\u0259 tutan r\u0259hb\u0259r \u015f\u0259xsl\u0259r\u0259 aiddir\u201d, &#8211; m\u0259nb\u0259 bildirib.<\/p>\n<p>M\u0259nb\u0259 xat\u0131rlad\u0131b ki, bu g\u00fcnl\u0259rd\u0259 \u0130r\u0259vanda 11 u\u015faq ba\u011f\u00e7as\u0131n\u0131n direktorunun i\u015fd\u0259n \u00e7\u0131xar\u0131lmas\u0131 da m\u0259hz N.Pa\u015finyan\u0131n kadr siyas\u0259tinin t\u0259rkib hiss\u0259sidir.<\/p>\n<p>\u201cBel\u0259likl\u0259, dey\u0259 bil\u0259rik ki, Erm\u0259nistan\u0131 \u201cdemokratiyan\u0131n qalas\u0131\u201d elan ed\u0259n m\u0259xm\u0259ri inqilab\u00e7\u0131lar he\u00e7 bir t\u0259nqid\u0259, m\u00fcxalif b\u0259yanatlara, fikir m\u00fcxt\u0259lifliyin\u0259 d\u00f6z\u00fcml\u00fc yana\u015fmaq iqtidar\u0131nda deyill\u0259r\u201d, &#8211; Erm\u0259nistanda n\u0259\u015fr edil\u0259n q\u0259zet yaz\u0131r.<\/p>\n<p>M\u0259nb\u0259: \u201cJoxovurd\u201d<\/p>\n","protected":false},"excerpt":{"rendered":"<p>Erm\u0259nistan\u0131n ba\u015f naziri Nikol Pa\u015finyan komandas\u0131nda kadr t\u0259mizl\u0259m\u0259si h\u0259yata ke\u00e7irm\u0259k q\u0259rar\u0131na g\u0259lib. Bel\u0259 ki, Nikol Pa\u015finyan \u201cV\u0259t\u0259nda\u015f sazi\u015fi\u201d partiyas\u0131n\u0131n \u00fczv\u00fc olmayan b\u00fct\u00fcn m\u0259murlar\u0131 tez bir zamanda v\u0259zif\u0259d\u0259n uzaqla\u015fd\u0131rma\u011f\u0131 tap\u015f\u0131r\u0131b. O hesab edir ki, partiyan\u0131n ideyalar\u0131n\u0131 b\u00f6l\u00fc\u015fm\u0259y\u0259n v\u0259 bit\u0259r\u0259f qalma\u011fa davam ed\u0259n b\u00fct\u00fcn m\u0259murlar m\u00fcmk\u00fcn q\u0259d\u0259r tez v\u0259zif\u0259d\u0259n uzaqla\u015fd\u0131r\u0131lmal\u0131d\u0131rlar. \u201cBu, b\u00fct\u00fcn sah\u0259l\u0259r\u0259 &#8211; s\u0259hiyy\u0259y\u0259, idmana, t\u0259hsil\u0259, o c\u00fcml\u0259d\u0259n orta m\u0259kt\u0259bl\u0259r\u0259, h\u0259tta u\u015faq ba\u011f\u00e7alar\u0131nda r\u0259hb\u0259r v\u0259zif\u0259 tutan r\u0259hb\u0259r \u015f\u0259xsl\u0259r\u0259 aiddir\u201d, &#8211; m\u0259nb\u0259 bildirib. M\u0259nb\u0259 xat\u0131rlad\u0131b ki, bu g\u00fcnl\u0259rd\u0259 \u0130r\u0259vanda 11 u\u015faq ba\u011f\u00e7as\u0131n\u0131n direktorunun i\u015fd\u0259n \u00e7\u0131xar\u0131lmas\u0131 da m\u0259hz N.Pa\u015finyan\u0131n kadr siyas\u0259tinin t\u0259rkib hiss\u0259sidir.&hellip;<\/p>\n","protected":false},"author":2,"featured_media":669187,"comment_status":"closed","ping_status":"closed","sticky":false,"template":"","format":"standard","meta":{"om_disable_all_campaigns":false,"_monsterinsights_skip_tracking":false,"_monsterinsights_sitenote_active":false,"_monsterinsights_sitenote_note":"","_monsterinsights_sitenote_category":0},"categories":[7],"tags":[],"aioseo_notices":[],"gutentor_comment":0,"rttpg_featured_image_url":{"full":["https:\/\/arantv.az\/wp-content\/uploads\/2023\/12\/41264_b.jpg",620,413,false],"landscape":["https:\/\/arantv.az\/wp-content\/uploads\/2023\/12\/41264_b.jpg",620,413,false],"portraits":["https:\/\/arantv.az\/wp-content\/uploads\/2023\/12\/41264_b.jpg",620,413,false],"thumbnail":["https:\/\/arantv.az\/wp-content\/uploads\/2023\/12\/41264_b-500x280.jpg",500,280,true],"medium":["https:\/\/arantv.az\/wp-content\/uploads\/2023\/12\/41264_b-548x365.jpg",548,365,true],"large":["https:\/\/arantv.az\/wp-content\/uploads\/2023\/12\/41264_b.jpg",620,413,false],"1536x1536":["https:\/\/arantv.az\/wp-content\/uploads\/2023\/12\/41264_b.jpg",620,413,false],"2048x2048":["https:\/\/arantv.az\/wp-content\/uploads\/2023\/12\/41264_b.jpg",620,413,false],"post-thumbnail":["https:\/\/arantv.az\/wp-content\/uploads\/2023\/12\/41264_b-240x172.jpg",240,172,true],"advps-thumb-one":["https:\/\/arantv.az\/wp-content\/uploads\/2023\/12\/41264_b.jpg",620,413,false]},"rttpg_author":{"display_name":"V\u00fcsal Rafiqo\u011flu","author_link":"https:\/\/arantv.az\/?author=2"},"rttpg_comment":0,"rttpg_category":"<a href=\"https:\/\/arantv.az\/?cat=7\" rel=\"category\">D\u00fcnya<\/a>","rttpg_excerpt":"Erm\u0259nistan\u0131n ba\u015f naziri Nikol Pa\u015finyan komandas\u0131nda kadr t\u0259mizl\u0259m\u0259si h\u0259yata ke\u00e7irm\u0259k q\u0259rar\u0131na g\u0259lib. Bel\u0259 ki, Nikol Pa\u015finyan \u201cV\u0259t\u0259nda\u015f sazi\u015fi\u201d partiyas\u0131n\u0131n \u00fczv\u00fc olmayan b\u00fct\u00fcn m\u0259murlar\u0131 tez bir zamanda v\u0259zif\u0259d\u0259n uzaqla\u015fd\u0131rma\u011f\u0131 tap\u015f\u0131r\u0131b. O hesab edir ki, partiyan\u0131n ideyalar\u0131n\u0131 b\u00f6l\u00fc\u015fm\u0259y\u0259n v\u0259 bit\u0259r\u0259f qalma\u011fa davam ed\u0259n b\u00fct\u00fcn m\u0259murlar m\u00fcmk\u00fcn q\u0259d\u0259r tez v\u0259zif\u0259d\u0259n uzaqla\u015fd\u0131r\u0131lmal\u0131d\u0131rlar. \u201cBu, b\u00fct\u00fcn sah\u0259l\u0259r\u0259 &#8211; s\u0259hiyy\u0259y\u0259, idmana, t\u0259hsil\u0259,&hellip;","_links":{"self":[{"href":"https:\/\/arantv.az\/index.php?rest_route=\/wp\/v2\/posts\/669185"}],"collection":[{"href":"https:\/\/arantv.az\/index.php?rest_route=\/wp\/v2\/posts"}],"about":[{"href":"https:\/\/arantv.az\/index.php?rest_route=\/wp\/v2\/types\/post"}],"author":[{"embeddable":true,"href":"https:\/\/arantv.az\/index.php?rest_route=\/wp\/v2\/users\/2"}],"replies":[{"embeddable":true,"href":"https:\/\/arantv.az\/index.php?rest_route=%2Fwp%2Fv2%2Fcomments&post=669185"}],"version-history":[{"count":0,"href":"https:\/\/arantv.az\/index.php?rest_route=\/wp\/v2\/posts\/669185\/revisions"}],"wp:featuredmedia":[{"embeddable":true,"href":"https:\/\/arantv.az\/index.php?rest_route=\/wp\/v2\/media\/669187"}],"wp:attachment":[{"href":"https:\/\/arantv.az\/index.php?rest_route=%2Fwp%2Fv2%2Fmedia&parent=669185"}],"wp:term":[{"taxonomy":"category","embeddable":true,"href":"https:\/\/arantv.az\/index.php?rest_route=%2Fwp%2Fv2%2Fcategories&post=669185"},{"taxonomy":"post_tag","embeddable":true,"href":"https:\/\/arantv.az\/index.php?rest_route=%2Fwp%2Fv2%2Ftags&post=669185"}],"curies":[{"name":"wp","href":"https:\/\/api.w.org\/{rel}","templated":true}]}}