{"id":669194,"date":"2023-12-15T12:13:40","date_gmt":"2023-12-15T08:13:40","guid":{"rendered":"https:\/\/arantv.az\/?p=669194"},"modified":"2023-12-15T12:13:40","modified_gmt":"2023-12-15T08:13:40","slug":"abs-erm%c9%99nistanla-az%c9%99rbaycan-arasinda-sulh-muqavil%c9%99sinin-tezlikl%c9%99-imzalanacagina-umid-edir","status":"publish","type":"post","link":"https:\/\/arantv.az\/?p=669194","title":{"rendered":"AB\u015e Erm\u0259nistanla Az\u0259rbaycan aras\u0131nda s\u00fclh m\u00fcqavil\u0259sinin tezlikl\u0259 imzalanaca\u011f\u0131na \u00fcmid edir"},"content":{"rendered":"<p>AB\u015e d\u00f6vl\u0259t katibinin Avropa v\u0259 Avrasiya m\u0259s\u0259l\u0259l\u0259ri \u00fczr\u0259 k\u00f6m\u0259k\u00e7isi Ceyms O`Brayen \u00fcmid edir ki, tezlikl\u0259 Az\u0259rbaycanla Erm\u0259nistan aras\u0131nda s\u00fclh m\u00fcqavil\u0259si imzalanacaq.<\/p>\n<p>O, bu bar\u0259d\u0259 \u201cAmerikan\u0131n s\u0259si\u201d radiosuna m\u00fcsahib\u0259sind\u0259 deyib.<\/p>\n<p>C. O`Brayen t\u0259r\u0259fl\u0259r aras\u0131ndak\u0131 h\u0259rb\u00e7il\u0259rin m\u00fcbadil\u0259sini alq\u0131\u015flay\u0131b:<\/p>\n<p>\u201cD\u00fc\u015f\u00fcn\u00fcr\u0259m ki, iki \u00f6lk\u0259nin bir-biri il\u0259 dan\u0131\u015fmas\u0131 v\u0259 praktiki raz\u0131la\u015fmalar \u0259ld\u0259 etm\u0259si, h\u0259qiq\u0259t\u0259n, vacibdir. H\u0259rb\u00e7il\u0259r art\u0131q \u00f6z evl\u0259rind\u0259dirl\u0259r\u201d.<\/p>\n<p>O, h\u0259m\u00e7inin, iki \u00f6lk\u0259nin birg\u0259 b\u0259yanat\u0131n\u0131 da m\u00fcsb\u0259t qiym\u0259tl\u0259ndirib:<\/p>\n<p>\u201cH\u0259r iki t\u0259r\u0259f s\u00fclhd\u0259 maraql\u0131 oldu\u011funu bildirib. Biz, el\u0259c\u0259 d\u0259 Avropa \u0130ttifaq\u0131ndak\u0131 (A\u0130) t\u0259r\u0259fda\u015flar\u0131m\u0131z bu proses\u0259 d\u0259st\u0259k verm\u0259y\u0259 haz\u0131r\u0131q. \u0130st\u0259rdik ki, b\u00fct\u00fcn bunlar m\u00fcmk\u00fcn q\u0259d\u0259r tez bitsin. \u00c7\u00fcnki s\u00fclh\u00fcn tezlikl\u0259 \u0259ld\u0259 olunmas\u0131 \u00e7ox faydal\u0131d\u0131r\u201d.<\/p>\n","protected":false},"excerpt":{"rendered":"<p>AB\u015e d\u00f6vl\u0259t katibinin Avropa v\u0259 Avrasiya m\u0259s\u0259l\u0259l\u0259ri \u00fczr\u0259 k\u00f6m\u0259k\u00e7isi Ceyms O`Brayen \u00fcmid edir ki, tezlikl\u0259 Az\u0259rbaycanla Erm\u0259nistan aras\u0131nda s\u00fclh m\u00fcqavil\u0259si imzalanacaq. O, bu bar\u0259d\u0259 \u201cAmerikan\u0131n s\u0259si\u201d radiosuna m\u00fcsahib\u0259sind\u0259 deyib. C. O`Brayen t\u0259r\u0259fl\u0259r aras\u0131ndak\u0131 h\u0259rb\u00e7il\u0259rin m\u00fcbadil\u0259sini alq\u0131\u015flay\u0131b: \u201cD\u00fc\u015f\u00fcn\u00fcr\u0259m ki, iki \u00f6lk\u0259nin bir-biri il\u0259 dan\u0131\u015fmas\u0131 v\u0259 praktiki raz\u0131la\u015fmalar \u0259ld\u0259 etm\u0259si, h\u0259qiq\u0259t\u0259n, vacibdir. H\u0259rb\u00e7il\u0259r art\u0131q \u00f6z evl\u0259rind\u0259dirl\u0259r\u201d. O, h\u0259m\u00e7inin, iki \u00f6lk\u0259nin birg\u0259 b\u0259yanat\u0131n\u0131 da m\u00fcsb\u0259t qiym\u0259tl\u0259ndirib: \u201cH\u0259r iki t\u0259r\u0259f s\u00fclhd\u0259 maraql\u0131 oldu\u011funu bildirib. Biz, el\u0259c\u0259 d\u0259 Avropa \u0130ttifaq\u0131ndak\u0131 (A\u0130) t\u0259r\u0259fda\u015flar\u0131m\u0131z bu proses\u0259 d\u0259st\u0259k verm\u0259y\u0259 haz\u0131r\u0131q. \u0130st\u0259rdik ki, b\u00fct\u00fcn bunlar m\u00fcmk\u00fcn q\u0259d\u0259r tez bitsin.&hellip;<\/p>\n","protected":false},"author":2,"featured_media":669196,"comment_status":"closed","ping_status":"closed","sticky":false,"template":"","format":"standard","meta":{"om_disable_all_campaigns":false,"_monsterinsights_skip_tracking":false,"_monsterinsights_sitenote_active":false,"_monsterinsights_sitenote_note":"","_monsterinsights_sitenote_category":0},"categories":[4],"tags":[],"aioseo_notices":[],"gutentor_comment":0,"rttpg_featured_image_url":{"full":["https:\/\/arantv.az\/wp-content\/uploads\/2023\/12\/5872e673-582e-3316-886a-8ca216983d2d_850.jpg",620,413,false],"landscape":["https:\/\/arantv.az\/wp-content\/uploads\/2023\/12\/5872e673-582e-3316-886a-8ca216983d2d_850.jpg",620,413,false],"portraits":["https:\/\/arantv.az\/wp-content\/uploads\/2023\/12\/5872e673-582e-3316-886a-8ca216983d2d_850.jpg",620,413,false],"thumbnail":["https:\/\/arantv.az\/wp-content\/uploads\/2023\/12\/5872e673-582e-3316-886a-8ca216983d2d_850-500x280.jpg",500,280,true],"medium":["https:\/\/arantv.az\/wp-content\/uploads\/2023\/12\/5872e673-582e-3316-886a-8ca216983d2d_850-548x365.jpg",548,365,true],"large":["https:\/\/arantv.az\/wp-content\/uploads\/2023\/12\/5872e673-582e-3316-886a-8ca216983d2d_850.jpg",620,413,false],"1536x1536":["https:\/\/arantv.az\/wp-content\/uploads\/2023\/12\/5872e673-582e-3316-886a-8ca216983d2d_850.jpg",620,413,false],"2048x2048":["https:\/\/arantv.az\/wp-content\/uploads\/2023\/12\/5872e673-582e-3316-886a-8ca216983d2d_850.jpg",620,413,false],"post-thumbnail":["https:\/\/arantv.az\/wp-content\/uploads\/2023\/12\/5872e673-582e-3316-886a-8ca216983d2d_850-240x172.jpg",240,172,true],"advps-thumb-one":["https:\/\/arantv.az\/wp-content\/uploads\/2023\/12\/5872e673-582e-3316-886a-8ca216983d2d_850.jpg",620,413,false]},"rttpg_author":{"display_name":"V\u00fcsal Rafiqo\u011flu","author_link":"https:\/\/arantv.az\/?author=2"},"rttpg_comment":0,"rttpg_category":"<a href=\"https:\/\/arantv.az\/?cat=4\" rel=\"category\">Siyas\u0259t<\/a>","rttpg_excerpt":"AB\u015e d\u00f6vl\u0259t katibinin Avropa v\u0259 Avrasiya m\u0259s\u0259l\u0259l\u0259ri \u00fczr\u0259 k\u00f6m\u0259k\u00e7isi Ceyms O`Brayen \u00fcmid edir ki, tezlikl\u0259 Az\u0259rbaycanla Erm\u0259nistan aras\u0131nda s\u00fclh m\u00fcqavil\u0259si imzalanacaq. O, bu bar\u0259d\u0259 \u201cAmerikan\u0131n s\u0259si\u201d radiosuna m\u00fcsahib\u0259sind\u0259 deyib. C. O`Brayen t\u0259r\u0259fl\u0259r aras\u0131ndak\u0131 h\u0259rb\u00e7il\u0259rin m\u00fcbadil\u0259sini alq\u0131\u015flay\u0131b: \u201cD\u00fc\u015f\u00fcn\u00fcr\u0259m ki, iki \u00f6lk\u0259nin bir-biri il\u0259 dan\u0131\u015fmas\u0131 v\u0259 praktiki raz\u0131la\u015fmalar \u0259ld\u0259 etm\u0259si, h\u0259qiq\u0259t\u0259n, vacibdir. H\u0259rb\u00e7il\u0259r art\u0131q \u00f6z evl\u0259rind\u0259dirl\u0259r\u201d. O,&hellip;","_links":{"self":[{"href":"https:\/\/arantv.az\/index.php?rest_route=\/wp\/v2\/posts\/669194"}],"collection":[{"href":"https:\/\/arantv.az\/index.php?rest_route=\/wp\/v2\/posts"}],"about":[{"href":"https:\/\/arantv.az\/index.php?rest_route=\/wp\/v2\/types\/post"}],"author":[{"embeddable":true,"href":"https:\/\/arantv.az\/index.php?rest_route=\/wp\/v2\/users\/2"}],"replies":[{"embeddable":true,"href":"https:\/\/arantv.az\/index.php?rest_route=%2Fwp%2Fv2%2Fcomments&post=669194"}],"version-history":[{"count":0,"href":"https:\/\/arantv.az\/index.php?rest_route=\/wp\/v2\/posts\/669194\/revisions"}],"wp:featuredmedia":[{"embeddable":true,"href":"https:\/\/arantv.az\/index.php?rest_route=\/wp\/v2\/media\/669196"}],"wp:attachment":[{"href":"https:\/\/arantv.az\/index.php?rest_route=%2Fwp%2Fv2%2Fmedia&parent=669194"}],"wp:term":[{"taxonomy":"category","embeddable":true,"href":"https:\/\/arantv.az\/index.php?rest_route=%2Fwp%2Fv2%2Fcategories&post=669194"},{"taxonomy":"post_tag","embeddable":true,"href":"https:\/\/arantv.az\/index.php?rest_route=%2Fwp%2Fv2%2Ftags&post=669194"}],"curies":[{"name":"wp","href":"https:\/\/api.w.org\/{rel}","templated":true}]}}