{"id":669197,"date":"2023-12-15T12:17:59","date_gmt":"2023-12-15T08:17:59","guid":{"rendered":"https:\/\/arantv.az\/?p=669197"},"modified":"2023-12-15T12:17:59","modified_gmt":"2023-12-15T08:17:59","slug":"s%c9%99mimi-dostlugun-t%c9%99zahuru","status":"publish","type":"post","link":"https:\/\/arantv.az\/?p=669197","title":{"rendered":"S\u0259mimi dostlu\u011fun t\u0259zah\u00fcr\u00fc"},"content":{"rendered":"<p>Az\u0259rbaycan Respublikas\u0131 \u00f6z m\u00fcst\u0259qilliyini b\u0259rpa etdikd\u0259n sonra h\u0259r zaman dostlu\u011fa v\u0259 qar\u015f\u0131l\u0131ql\u0131 faydal\u0131 \u0259m\u0259kda\u015fl\u0131\u011fa a\u00e7\u0131q bir d\u00f6vl\u0259t olmu\u015fdur. X\u00fcsusil\u0259 20 sentyabr 1994-c\u00fc ild\u0259 Ulu \u00d6nd\u0259r Heyd\u0259r \u018fliyevin t\u0259\u015f\u0259bb\u00fcs\u00fc il\u0259 \u201c\u018fsrin m\u00fcqavil\u0259si\u201d imzaland\u0131qdan sonra Az\u0259rbaycan Respublikas\u0131 bir s\u0131ra d\u00f6vl\u0259tl\u0259rl\u0259 enerji sah\u0259sind\u0259 f\u0259al \u0259m\u0259kda\u015fl\u0131\u011fa ba\u015flad\u0131. Qeyd etm\u0259k laz\u0131md\u0131r ki, Ulu \u00d6nd\u0259r Heyd\u0259r \u018fliyev \u00f6lk\u0259mizin enerji siyas\u0259tini sa\u011flam t\u0259m\u0259ll\u0259r \u00fcz\u0259rind\u0259 formala\u015fd\u0131rm\u0131\u015fd\u0131r. \u00dcmummilli liderimiz Heyd\u0259r \u018fliyevin siyasi v\u0259 iqtisadi kursunu layiqinc\u0259 davam etdir\u0259n m\u00f6ht\u0259r\u0259m C\u0259nab \u0130lham \u018fliyevin \u00f6lk\u0259miz\u0259 r\u0259hb\u0259rliyi d\u00f6vr\u00fcnd\u0259 d\u0259 enerji strategiyam\u0131z daha da \u015fax\u0259l\u0259ndirilmi\u015fdir. Az\u0259rbaycan Respublikas\u0131 son d\u00f6vrl\u0259rd\u0259 Avropan\u0131n enerji t\u0259hl\u00fck\u0259sizliyin\u0259 m\u00fch\u00fcm t\u00f6hf\u0259l\u0259r verm\u0259kd\u0259dir. \u018fks\u0259r Avropa d\u00f6vl\u0259tl\u0259ri d\u0259 \u00f6lk\u0259mizl\u0259 \u0259m\u0259kda\u015fl\u0131\u011fa x\u00fcsusi maraq g\u00f6st\u0259rirl\u0259r.<\/p>\n<p>Enerji sah\u0259sind\u0259 \u0259m\u0259kda\u015fl\u0131q etdiyimiz d\u00f6vl\u0259tl\u0259r i\u00e7\u0259risind\u0259 Balkan \u00f6lk\u0259l\u0259ri \u00f6z\u00fcn\u0259m\u0259xsus yer tutur. Bu bax\u0131mdan \u00f6lk\u0259 ba\u015f\u00e7\u0131m\u0131z\u0131n 10 dekabr 2023-c\u00fc ild\u0259 Serbiyaya s\u0259f\u0259ri \u00e7ox m\u00fch\u00fcm \u0259h\u0259miyy\u0259t da\u015f\u0131y\u0131rd\u0131. Qeyd olunan tarixd\u0259 Serbiyan\u0131n Ni\u015f \u015f\u0259h\u0259rind\u0259 Serbiya-Bolqar\u0131stan Qaz \u0130nterkonnektorunun a\u00e7\u0131l\u0131\u015f m\u0259rasimind\u0259ki \u00e7\u0131x\u0131\u015f\u0131nda C\u0259nab \u0130lham \u018fliyev vacib mesajlar s\u0259sl\u0259ndirdi. D\u00f6vl\u0259t ba\u015f\u00e7\u0131m\u0131z bildirdi ki, g\u0259l\u0259c\u0259k planlar\u0131m\u0131z qaz t\u0259chizat\u0131n\u0131n co\u011frafiyas\u0131n\u0131 daha da geni\u015fl\u0259ndirm\u0259kdir v\u0259 g\u0259l\u0259c\u0259kd\u0259 Avropa m\u0259kan\u0131nda yeni yarad\u0131lacaq interkonnektorlar vasit\u0259sil\u0259 yeni \u00f6lk\u0259l\u0259rin bazarlar\u0131na \u00e7\u0131xmaqd\u0131r. Bizim dig\u0259r m\u00fch\u00fcm h\u0259d\u0259fimiz b\u0259rpaolunan enerji n\u00f6vl\u0259ri il\u0259 ba\u011fl\u0131d\u0131r v\u0259 10 qiqavat b\u0259rpaolunan enerji n\u00f6vl\u0259rinin yarad\u0131lmas\u0131 \u00fczr\u0259 Az\u0259rbaycan t\u0259r\u0259find\u0259n investorlarla sazi\u015fl\u0259r v\u0259 anla\u015fma memorandumlar\u0131 imzalanm\u0131\u015fd\u0131r. B\u00fct\u00fcn bu add\u0131mlar\u0131m\u0131z enerji strategiyam\u0131z\u0131 daha da d\u0259rinl\u0259\u015fdirm\u0259y\u0259 v\u0259 \u015fax\u0259l\u0259ndirm\u0259y\u0259 hesablan\u0131b. D\u00f6vl\u0259t ba\u015f\u00e7\u0131m\u0131z qeyd etdi ki, bir ne\u00e7\u0259 g\u00fcn bundan \u0259vv\u0259l biz n\u00f6vb\u0259ti dostluq t\u0259zah\u00fcr\u00fcn\u00fcn \u015fahidi olduq. H\u0259m Serbiya, h\u0259m Bolqar\u0131stan, h\u0259m \u015e\u0259rqi Avropa qrupuna daxil olan dig\u0259r \u00f6lk\u0259l\u0259r Az\u0259rbaycan\u0131n namiz\u0259dliyini d\u0259st\u0259kl\u0259y\u0259r\u0259k COP-29 konfrans\u0131n\u0131n Az\u0259rbaycanda, Bak\u0131da ke\u00e7irilm\u0259sin\u0259 izn verdil\u0259r, \u00f6z d\u0259st\u0259yini g\u00f6st\u0259rdil\u0259r. Bu s\u0259mimi dostlu\u011fumuzun n\u00fcmun\u0259sidir. Eyni zamanda, baxmayaraq ki, Az\u0259rbaycan\u0131n z\u0259ngin neft v\u0259 qaz resurslar\u0131 var, biz g\u0259l\u0259c\u0259yimizi t\u0259miz ya\u015f\u0131l enerjinin istehsal\u0131nda v\u0259 ixrac\u0131nda g\u00f6r\u00fcr\u00fck. G\u00fcn g\u0259l\u0259c\u0259k v\u0259 buna ox\u015far m\u0259rasiml\u0259r ya\u015f\u0131l enerji layih\u0259l\u0259ri il\u0259 ba\u011fl\u0131 ke\u00e7iril\u0259c\u0259kdir.<\/p>\n<p>Az\u0259rbaycan Respublikas\u0131 h\u0259m d\u0259 eyni zamanda \u015f\u0259rq il\u0259 q\u0259rb aras\u0131nda m\u00fch\u00fcm k\u00f6rp\u00fc rolunu oynay\u0131r. \u00d6lk\u0259miz s\u00f6z\u00fcn \u0259sl m\u0259nas\u0131nda, etibarl\u0131 t\u0259r\u0259fda\u015fd\u0131r, dostluq \u0259n\u0259n\u0259l\u0259rin\u0259 h\u0259mi\u015f\u0259 sadiqdir v\u0259 dostlu\u011fu y\u00fcks\u0259k qiym\u0259tl\u0259ndirir. M\u0259hz dostluq, qar\u015f\u0131l\u0131ql\u0131 anla\u015fma, strateji t\u0259r\u0259fda\u015fl\u0131q \u00fcz\u0259rind\u0259 qurulmu\u015f \u0259laq\u0259l\u0259r bir \u00e7ox \u00f6lk\u0259l\u0259rin maraqlar\u0131n\u0131 t\u0259min edir v\u0259 qaz sah\u0259sind\u0259 \u0259m\u0259kda\u015fl\u0131q, eyni zamanda, geni\u015fmiqyasl\u0131 regional \u0259m\u0259kda\u015fl\u0131\u011fa da g\u00fccl\u00fc z\u0259min yarad\u0131r. X\u0259z\u0259r d\u0259nizi, Qara d\u0259niz, Aral\u0131q d\u0259nizi, Avropa m\u0259kan\u0131 v\u0259 Az\u0259rbaycan, Avropa \u0130ttifaq\u0131 \u0259laq\u0259l\u0259ri &#8211; b\u00fct\u00fcn bu istiqam\u0259tl\u0259r m\u00fcsb\u0259t m\u0259crada inki\u015faf edir. D\u00f6vl\u0259timizin y\u00fcr\u00fctd\u00fcy\u00fc u\u011furlu enerji siyas\u0259ti h\u0259m \u00f6lk\u0259mizin beyn\u0259lxalq al\u0259md\u0259ki n\u00fcfuzunun daha da artmas\u0131n\u0131 t\u0259min edir, h\u0259m d\u0259 h\u0259r bir v\u0259t\u0259nda\u015f\u0131m\u0131z\u0131n sosial rifah hal\u0131n\u0131n y\u00fcks\u0259lm\u0259sin\u0259 \u0259v\u0259zsiz t\u00f6hv\u0259l\u0259r verir.<\/p>\n<p><img src=\"https:\/\/ikisahil.az\/upload\/\/2023\/12\/15\/\/-9161ab7a170262353068586219511051346.jpg\" alt=\"\" \/><\/p>\n<p><strong>Vasif S\u0259fiyarov,<\/strong><\/p>\n<p><em>YAP Sumqay\u0131t \u015f\u0259h\u0259r t\u0259\u015fkilat\u0131n\u0131n m\u0259sl\u0259h\u0259t\u00e7isi<\/em><\/p>\n","protected":false},"excerpt":{"rendered":"<p>Az\u0259rbaycan Respublikas\u0131 \u00f6z m\u00fcst\u0259qilliyini b\u0259rpa etdikd\u0259n sonra h\u0259r zaman dostlu\u011fa v\u0259 qar\u015f\u0131l\u0131ql\u0131 faydal\u0131 \u0259m\u0259kda\u015fl\u0131\u011fa a\u00e7\u0131q bir d\u00f6vl\u0259t olmu\u015fdur. X\u00fcsusil\u0259 20 sentyabr 1994-c\u00fc ild\u0259 Ulu \u00d6nd\u0259r Heyd\u0259r \u018fliyevin t\u0259\u015f\u0259bb\u00fcs\u00fc il\u0259 \u201c\u018fsrin m\u00fcqavil\u0259si\u201d imzaland\u0131qdan sonra Az\u0259rbaycan Respublikas\u0131 bir s\u0131ra d\u00f6vl\u0259tl\u0259rl\u0259 enerji sah\u0259sind\u0259 f\u0259al \u0259m\u0259kda\u015fl\u0131\u011fa ba\u015flad\u0131. Qeyd etm\u0259k laz\u0131md\u0131r ki, Ulu \u00d6nd\u0259r Heyd\u0259r \u018fliyev \u00f6lk\u0259mizin enerji siyas\u0259tini sa\u011flam t\u0259m\u0259ll\u0259r \u00fcz\u0259rind\u0259 formala\u015fd\u0131rm\u0131\u015fd\u0131r. \u00dcmummilli liderimiz Heyd\u0259r \u018fliyevin siyasi v\u0259 iqtisadi kursunu layiqinc\u0259 davam etdir\u0259n m\u00f6ht\u0259r\u0259m C\u0259nab \u0130lham \u018fliyevin \u00f6lk\u0259miz\u0259 r\u0259hb\u0259rliyi d\u00f6vr\u00fcnd\u0259 d\u0259 enerji strategiyam\u0131z daha da \u015fax\u0259l\u0259ndirilmi\u015fdir. Az\u0259rbaycan Respublikas\u0131 son d\u00f6vrl\u0259rd\u0259 Avropan\u0131n enerji t\u0259hl\u00fck\u0259sizliyin\u0259 m\u00fch\u00fcm&hellip;<\/p>\n","protected":false},"author":2,"featured_media":669211,"comment_status":"closed","ping_status":"closed","sticky":false,"template":"","format":"standard","meta":{"om_disable_all_campaigns":false,"_monsterinsights_skip_tracking":false,"_monsterinsights_sitenote_active":false,"_monsterinsights_sitenote_note":"","_monsterinsights_sitenote_category":0},"categories":[19],"tags":[],"aioseo_notices":[],"gutentor_comment":0,"rttpg_featured_image_url":{"full":["https:\/\/arantv.az\/wp-content\/uploads\/2023\/12\/d961e9f2170262349519694729411032533.jpg",975,540,false],"landscape":["https:\/\/arantv.az\/wp-content\/uploads\/2023\/12\/d961e9f2170262349519694729411032533.jpg",975,540,false],"portraits":["https:\/\/arantv.az\/wp-content\/uploads\/2023\/12\/d961e9f2170262349519694729411032533.jpg",975,540,false],"thumbnail":["https:\/\/arantv.az\/wp-content\/uploads\/2023\/12\/d961e9f2170262349519694729411032533-500x280.jpg",500,280,true],"medium":["https:\/\/arantv.az\/wp-content\/uploads\/2023\/12\/d961e9f2170262349519694729411032533-660x365.jpg",660,365,true],"large":["https:\/\/arantv.az\/wp-content\/uploads\/2023\/12\/d961e9f2170262349519694729411032533-840x465.jpg",640,354,true],"1536x1536":["https:\/\/arantv.az\/wp-content\/uploads\/2023\/12\/d961e9f2170262349519694729411032533.jpg",975,540,false],"2048x2048":["https:\/\/arantv.az\/wp-content\/uploads\/2023\/12\/d961e9f2170262349519694729411032533.jpg",975,540,false],"post-thumbnail":["https:\/\/arantv.az\/wp-content\/uploads\/2023\/12\/d961e9f2170262349519694729411032533-240x172.jpg",240,172,true],"advps-thumb-one":["https:\/\/arantv.az\/wp-content\/uploads\/2023\/12\/d961e9f2170262349519694729411032533.jpg",975,540,false]},"rttpg_author":{"display_name":"V\u00fcsal Rafiqo\u011flu","author_link":"https:\/\/arantv.az\/?author=2"},"rttpg_comment":0,"rttpg_category":"<a href=\"https:\/\/arantv.az\/?cat=19\" rel=\"category\">G\u00fcnd\u0259m<\/a>","rttpg_excerpt":"Az\u0259rbaycan Respublikas\u0131 \u00f6z m\u00fcst\u0259qilliyini b\u0259rpa etdikd\u0259n sonra h\u0259r zaman dostlu\u011fa v\u0259 qar\u015f\u0131l\u0131ql\u0131 faydal\u0131 \u0259m\u0259kda\u015fl\u0131\u011fa a\u00e7\u0131q bir d\u00f6vl\u0259t olmu\u015fdur. X\u00fcsusil\u0259 20 sentyabr 1994-c\u00fc ild\u0259 Ulu \u00d6nd\u0259r Heyd\u0259r \u018fliyevin t\u0259\u015f\u0259bb\u00fcs\u00fc il\u0259 \u201c\u018fsrin m\u00fcqavil\u0259si\u201d imzaland\u0131qdan sonra Az\u0259rbaycan Respublikas\u0131 bir s\u0131ra d\u00f6vl\u0259tl\u0259rl\u0259 enerji sah\u0259sind\u0259 f\u0259al \u0259m\u0259kda\u015fl\u0131\u011fa ba\u015flad\u0131. Qeyd etm\u0259k laz\u0131md\u0131r ki, Ulu \u00d6nd\u0259r Heyd\u0259r \u018fliyev \u00f6lk\u0259mizin enerji siyas\u0259tini sa\u011flam&hellip;","_links":{"self":[{"href":"https:\/\/arantv.az\/index.php?rest_route=\/wp\/v2\/posts\/669197"}],"collection":[{"href":"https:\/\/arantv.az\/index.php?rest_route=\/wp\/v2\/posts"}],"about":[{"href":"https:\/\/arantv.az\/index.php?rest_route=\/wp\/v2\/types\/post"}],"author":[{"embeddable":true,"href":"https:\/\/arantv.az\/index.php?rest_route=\/wp\/v2\/users\/2"}],"replies":[{"embeddable":true,"href":"https:\/\/arantv.az\/index.php?rest_route=%2Fwp%2Fv2%2Fcomments&post=669197"}],"version-history":[{"count":0,"href":"https:\/\/arantv.az\/index.php?rest_route=\/wp\/v2\/posts\/669197\/revisions"}],"wp:featuredmedia":[{"embeddable":true,"href":"https:\/\/arantv.az\/index.php?rest_route=\/wp\/v2\/media\/669211"}],"wp:attachment":[{"href":"https:\/\/arantv.az\/index.php?rest_route=%2Fwp%2Fv2%2Fmedia&parent=669197"}],"wp:term":[{"taxonomy":"category","embeddable":true,"href":"https:\/\/arantv.az\/index.php?rest_route=%2Fwp%2Fv2%2Fcategories&post=669197"},{"taxonomy":"post_tag","embeddable":true,"href":"https:\/\/arantv.az\/index.php?rest_route=%2Fwp%2Fv2%2Ftags&post=669197"}],"curies":[{"name":"wp","href":"https:\/\/api.w.org\/{rel}","templated":true}]}}