{"id":669203,"date":"2023-12-15T12:16:13","date_gmt":"2023-12-15T08:16:13","guid":{"rendered":"https:\/\/arantv.az\/?p=669203"},"modified":"2023-12-15T12:16:13","modified_gmt":"2023-12-15T08:16:13","slug":"az%c9%99rbaycan-v%c9%99-erm%c9%99nistan-qosunlari-geri-c%c9%99k%c9%99-bil%c9%99r-iddiasi-bufer-zona","status":"publish","type":"post","link":"https:\/\/arantv.az\/?p=669203","title":{"rendered":"Az\u0259rbaycan v\u0259 Erm\u0259nistan qo\u015funlar\u0131 geri \u00e7\u0259k\u0259 bil\u0259r iddias\u0131 &#8211; \u201cBufer zona\u201d&#8230;"},"content":{"rendered":"<p><strong>R\u0259smi \u0130r\u0259van\u0131n hiyl\u0259g\u0259r gedi\u015fi: Az\u0259rbaycan s\u0259rh\u0259d\u00e7il\u0259rinin geri \u00e7\u0259kilm\u0259si hal\u0131nda strateji y\u00fcks\u0259klikl\u0259ri z\u0259bt etm\u0259k, Avropa \u0130ttifaq\u0131n\u0131n missiyas\u0131n\u0131 bu \u0259razil\u0259r\u0259 yerl\u0259\u015fdirm\u0259k plan\u0131 ortada<\/strong><\/p>\n<p><em>R\u0259smi \u0130r\u0259van m\u00fcxt\u0259lif yollarla 2020-ci ilin \u00fc\u00e7t\u0259r\u0259fli raz\u0131la\u015fmas\u0131nda \u0259ksini tapan \u00f6hd\u0259liy\u0259 \u0259m\u0259l ed\u0259r\u0259k Z\u0259ng\u0259zur d\u0259hlizinin a\u00e7\u0131lmas\u0131 istiqam\u0259tind\u0259 add\u0131m atmaqdan yay\u0131n\u0131r. Erm\u0259nistan\u0131n xarici i\u015fl\u0259r naziri Ararat Mirzoyan deyib ki, \u00f6lk\u0259si G\u00fcmr\u00fc-Qars v\u0259 Arazd\u0259y\u0259n &#8211; Nax\u00e7\u0131van d\u0259mir yollar\u0131n\u0131 b\u0259rpa etm\u0259y\u0259 haz\u0131rd\u0131r.<\/em><\/p>\n<p>Az\u0259rbaycan v\u0259 T\u00fcrkiy\u0259d\u0259 Z\u0259ng\u0259zur d\u0259hlizinin tikintisi il\u0259 ba\u011fl\u0131 i\u015fl\u0259r s\u00fcr\u0259tli \u015f\u0259kild\u0259 icra olundu\u011fu halda, A.Mirzoyan h\u0259l\u0259 indi d\u0259mir yolunun b\u0259rpas\u0131ndan dan\u0131\u015fma\u011fa ba\u015flay\u0131b, lakin \u00f6lk\u0259si h\u0259l\u0259 d\u0259 da\u015f\u0131 da\u015f \u00fcst\u0259 qoymay\u0131b.<\/p>\n<p>Bu, Erm\u0259nistan\u0131n s\u00fclh\u00fcn dayan\u0131ql\u0131 olmas\u0131na maraq g\u00f6st\u0259rm\u0259diyini bir daha isbatlayan faktd\u0131r. Amma t\u0259kc\u0259 budurmu? N\u00f6vb\u0259ti Mirzoyan \u201cn\u00fcmun\u0259\u201dsind\u0259n b\u0259hs ed\u0259k. \u201cErm\u0259nistan v\u0259 Az\u0259rbaycan qo\u015funlar\u0131n d\u00f6vl\u0259tl\u0259raras\u0131 s\u0259rh\u0259dd\u0259n \u00e7\u0131xar\u0131lmas\u0131 ideyas\u0131n\u0131 m\u00fczakir\u0259 edir\u201d. \u201cYeni M\u00fcsavat\u201d \u201cArmenpress\u201d\u0259 istinad\u0259n bildirir ki, bunu Erm\u0259nistan\u0131n xarici i\u015fl\u0259r naziri Ararat Mirzoyan bildirib.<\/p>\n<p>Erm\u0259nistan X\u0130N ba\u015f\u00e7\u0131s\u0131 qeyd edib ki, \u201cqo\u015funlar\u0131n \u00e7\u0131xar\u0131lmas\u0131 m\u00fcsb\u0259t effekt ver\u0259c\u0259k v\u0259 m\u00fcmk\u00fcn yeni eskalasiyan\u0131n qar\u015f\u0131s\u0131n\u0131 alma\u011fa k\u00f6m\u0259k ed\u0259c\u0259k. Bununla bel\u0259, nazir h\u0259l\u0259lik raz\u0131l\u0131\u011f\u0131n \u0259ld\u0259 olunmad\u0131\u011f\u0131n\u0131 vur\u011fulay\u0131b.<\/p>\n<p>Xat\u0131rladaq ki, Erm\u0259nistan\u0131n ba\u015f naziri Nikol Pa\u015finyan bir m\u00fcdd\u0259t \u0259vv\u0259l ke\u00e7irdiyi m\u0259tbuat konfrans\u0131nda t\u0259r\u0259fl\u0259rin bir-birinin \u0259razi b\u00fct\u00f6vl\u00fcy\u00fcn\u00fc tan\u0131mas\u0131 il\u0259 yana\u015f\u0131, s\u0259rh\u0259dd\u0259 bufer zonan\u0131n yarad\u0131lmas\u0131 t\u0259klifini edib. Bel\u0259 g\u00f6r\u00fcn\u00fcr ki, Erm\u0259nistan, h\u0259mi\u015f\u0259ki kimi, ikili oyun oynay\u0131r. S\u0259rh\u0259dyan\u0131 b\u00f6lg\u0259d\u0259n qo\u015funlar\u0131n g\u00fczg\u00fc effekti il\u0259 geri \u00e7\u0259kilm\u0259sin\u0259 g\u0259linc\u0259, erm\u0259nil\u0259r\u0259 etibar yoxdur. \u018fg\u0259r biz \u00e7\u0259kils\u0259k, bufer zona yaratsaq, onlar yen\u0259 n\u0259 is\u0259 ed\u0259c\u0259kl\u0259r. Bu arada, Avropa \u0130ttifaq\u0131 m\u00fc\u015fahid\u0259\u00e7il\u0259rinin say\u0131n\u0131 art\u0131r\u0131r Erm\u0259nistanda. A\u0130-nin xarici siyas\u0259t v\u0259 t\u0259hl\u00fck\u0259sizlik m\u0259s\u0259l\u0259l\u0259ri \u00fczr\u0259 ali n\u00fcmay\u0259nd\u0259si Jozep Borrel bildirib ki, Avropa \u0130ttifaq\u0131 \u00f6lk\u0259l\u0259rinin xarici i\u015fl\u0259r nazirl\u0259ri qurumun Erm\u0259nistandak\u0131 m\u00fclki missiyas\u0131n\u0131n say\u0131n\u0131 art\u0131racaq. \u201cBu g\u00fcn A\u0130 \u015euras\u0131 Erm\u0259nistandak\u0131 m\u00fclki missiyam\u0131z\u0131 g\u00fccl\u0259ndirm\u0259k, oradak\u0131 m\u00f6vcudlu\u011fumuzu 138 n\u0259f\u0259rd\u0259n 209 n\u0259f\u0259r\u0259 \u00e7atd\u0131rmaq q\u0259rar\u0131na g\u0259lib\u201d &#8211; Borrel deyib.<\/p>\n<p><strong>Bel\u0259c\u0259, A\u0130 s\u00fclh\u00fcn \u0259ld\u0259 olunmas\u0131 \u00fc\u00e7\u00fcn he\u00e7 bir rola malik olmayan, \u0259ksin\u0259, g\u0259rginliyi t\u0259tikl\u0259y\u0259n missiyas\u0131n\u0131 geni\u015fl\u0259ndirir, h\u0259tta qar\u015f\u0131dak\u0131 g\u00fcnl\u0259rd\u0259 \u0130r\u0259vana texniki hey\u0259tin g\u00f6nd\u0259ril\u0259c\u0259yi anonsunu verir, Erm\u0259nistan is\u0259 bu m\u0259krli prosesl\u0259rin fonunda Az\u0259rbaycana qo\u015funlar\u0131n\u0131 geri \u00e7\u0259km\u0259k t\u0259klifini verir. Bu, o dem\u0259k deyilmi ki, \u0130r\u0259van A\u0130-nin missiyas\u0131 \u00fc\u00e7\u00fcn yeni \u0259razil\u0259r haz\u0131rlay\u0131r?<\/strong><\/p>\n<p><em>G\u00f6r\u00fcnd\u00fcy\u00fc ki, Erm\u0259nistan X\u0130N r\u0259hb\u0259rinin \u00f6z\u00fcn\u00fc \u201cm\u0259l\u0259k\u201d libas\u0131nda t\u0259qdim etm\u0259y\u0259 c\u0259hd g\u00f6st\u0259rm\u0259si, guya eskalasiya riskini aradan qald\u0131rmaqdan \u00f6tr\u00fc qo\u015funlar\u0131n g\u00fczg\u00fc prinsipi \u0259sas\u0131nda geri \u00e7\u0259kilm\u0259si t\u0259klifini ir\u0259li s\u00fcrm\u0259si s\u0259b\u0259bsiz deyil. Qaraba\u011f hadis\u0259l\u0259ri ba\u015flayandan b\u0259ri Az\u0259rbaycan d\u0259f\u0259l\u0259rl\u0259 xo\u015f m\u0259ram n\u00fcmayi\u015f etdirib. Yada salaq ki, h\u0259tta az\u0259rbaycanl\u0131lardan ov t\u00fcf\u0259ngl\u0259ri y\u0131\u011f\u0131\u015fd\u0131r\u0131ld\u0131\u011f\u0131 halda, Qaraba\u011fdak\u0131 separat\u00e7\u0131lar, saqqall\u0131 quldurlar s\u00fcr\u0259tl\u0259 silahlan\u0131r v\u0259 \u0259halimiz\u0259 qar\u015f\u0131 soyq\u0131r\u0131m t\u00f6r\u0259dirdil\u0259r. Bu m\u0259nada Fransa, Kanada, Almaniya v\u0259 dig\u0259r \u00f6lk\u0259l\u0259rin Erm\u0259nistanda \u00f6z \u201cm\u00fclki\u201d missiyas\u0131 il\u0259 m\u00f6vcudlu\u011fu hal\u0131nda, \u00fcst\u0259lik, bu \u00f6lk\u0259nin zirehli h\u0259rbi texnika, raket v\u0259 radar sisteml\u0259ri il\u0259 t\u0259chiz olunmas\u0131 \u015f\u0259raitind\u0259 Az\u0259rbaycan\u0131n \u00f6z q\u00fcvv\u0259l\u0259rini geri \u00e7\u0259km\u0259si n\u00f6vb\u0259ti s\u0259rh\u0259d t\u0259xribatlar\u0131na g\u0259tirib \u00e7\u0131xara bil\u0259r. Yeri g\u0259lmi\u015fk\u0259n, bu g\u00fcn Az\u0259rbaycan\u0131n s\u0259rh\u0259d b\u00f6lg\u0259sind\u0259, h\u0259tta La\u00e7\u0131n\u0131n Zabux k\u0259ndind\u0259 insanlar sakit v\u0259 firavan h\u0259yat\u0131n\u0131 ya\u015fay\u0131rlar. Hans\u0131sa istiqam\u0259td\u0259 geri\u00e7\u0259kilm\u0259 insanlar\u0131m\u0131z\u0131n rahat h\u0259yat\u0131n\u0131 poza bil\u0259r ki, d\u00f6vl\u0259timiz he\u00e7 zaman buna getm\u0259z. Ekspertl\u0259rimiz nec\u0259 d\u00fc\u015f\u00fcn\u00fcr: \u0130r\u0259van bu kimi ikiba\u015fl\u0131 t\u0259klifl\u0259r ir\u0259li s\u00fcrm\u0259kl\u0259 n\u0259y\u0259 nail olmaq ist\u0259yir? Yeni\u00a0 erm\u0259ni k\u0259l\u0259yidirmi?<\/em><\/p>\n<p><em><img src=\"https:\/\/news24.az\/uploads\/posts\/2019-03\/1553514748_1507876010_elxan.jpg\" alt=\"Elxan \u015eahino\u011flu: &quot;Pa\u015finyan ordu daxilind\u0259ki v\u0259ziyy\u0259td\u0259n narahatd\u0131r&quot;\" \/><\/em><\/p>\n<p><em><strong>Elxan \u015eahino\u011flu<\/strong><\/em><\/p>\n<p><strong>\u00a0\u201cAtlas\u201d Ara\u015fd\u0131rmalar M\u0259rk\u0259zinin r\u0259hb\u0259ri, politoloq Elxan \u015eahino\u011flu \u201cYeni M\u00fcsavat\u201da a\u00e7\u0131qlamas\u0131nda bildirdi ki, Az\u0259rbaycan \u00f6z \u0259razi b\u00fct\u00f6vl\u00fcy\u00fcn\u00fc v\u0259 Qaraba\u011f \u00fcz\u0259rind\u0259 suverenliyini b\u0259rpa edib:<\/strong>\u00a0\u201c\u018fsirl\u0259rin d\u0259yi\u015fdirilm\u0259si v\u0259 Erm\u0259nistan\u0131n Bak\u0131da g\u0259l\u0259n il iqlim d\u0259yi\u015fikliyi il\u0259 ba\u011fl\u0131 beyn\u0259lxalq konfransa raz\u0131l\u0131q verm\u0259si iki \u00f6lk\u0259 aras\u0131nda inam atmosferinin yarad\u0131lmas\u0131 \u00fc\u00e7\u00fcn at\u0131lm\u0131\u015f add\u0131mlard\u0131r. \u0130nam atmosferinin g\u00fccl\u0259ndirilm\u0259si \u00fc\u00e7\u00fcn ba\u015fqa add\u0131mlar da at\u0131la bil\u0259r. Qo\u015funlar\u0131n s\u0259rh\u0259dd\u0259n geri \u00e7\u0259kilm\u0259si o \u015f\u0259rtl\u0259 m\u00fcmk\u00fcnd\u00fcr ki, Az\u0259rbaycan\u0131n n\u0259zar\u0259td\u0259 saxlad\u0131\u011f\u0131 strateji y\u00fcks\u0259klikl\u0259r\u0259 t\u0259hl\u00fck\u0259 yaranmas\u0131n. \u00c7\u00fcnki Erm\u0259nistan iddia edir ki, guya h\u0259min y\u00fcks\u0259klikl\u0259r Erm\u0259nistana aiddir. H\u0259min y\u00fcks\u0259klikl\u0259rin n\u0259zar\u0259t\u0259 g\u00f6t\u00fcr\u00fclm\u0259si yolunda \u015f\u0259hidl\u0259r vermi\u015fik v\u0259 d\u00fc\u015fm\u0259ni geri \u00e7\u0259kilm\u0259y\u0259 m\u0259cbur etmi\u015fik. Erm\u0259nistan 30 il \u0259vv\u0259l h\u0259m torpaqlar\u0131m\u0131z\u0131, h\u0259m d\u0259 s\u0259rh\u0259dimizi i\u015f\u011fal etmi\u015fdi. Biz h\u0259m torpaqlar\u0131m\u0131z\u0131 geri qaytard\u0131q, h\u0259m d\u0259 s\u0259rh\u0259di n\u0259zar\u0259t\u0259 g\u00f6t\u00fcrd\u00fck\u201d. E.\u015eahino\u011flunun s\u00f6zl\u0259rin\u0259 g\u00f6r\u0259, \u0259lb\u0259tt\u0259, s\u0259rh\u0259d\u0259 yax\u0131n \u0259razid\u0259 b\u00f6y\u00fck qo\u015fun hiss\u0259l\u0259rinin h\u0259r iki t\u0259r\u0259fd\u0259n geri \u00e7\u0259kilm\u0259si m\u00fczakir\u0259 oluna bil\u0259r: \u201cAncaq bu, s\u0259rh\u0259din v\u0259 strateji y\u00fcks\u0259klikl\u0259rin bo\u015fald\u0131lmas\u0131 anlam\u0131na g\u0259lmir, s\u0259rh\u0259d\u00e7il\u0259rimiz xidm\u0259tl\u0259rin\u0259 davam ed\u0259c\u0259kl\u0259r, qo\u015funlar qar\u015f\u0131l\u0131ql\u0131 olaraq geri \u00e7\u0259kildikd\u0259n sonra qar\u015f\u0131 t\u0259r\u0259f biz\u0259 problem yaratmaq ist\u0259y\u0259rs\u0259, ordumuz v\u0259 komandolar\u0131m\u0131z yenid\u0259n s\u0259rh\u0259dd\u0259 m\u00f6vqe tuta v\u0259 m\u00fcmk\u00fcn t\u0259xribata cavab olaraq h\u0259tta Erm\u0259nistan\u0131n i\u00e7\u0259ril\u0259rin\u0259 do\u011fru ir\u0259lil\u0259y\u0259 bil\u0259r\u201d. O ki qald\u0131 Avropan\u0131n s\u0259rh\u0259dd\u0259 artan missiyas\u0131na, politoloq hesab edir ki, onlar yerl\u0259rind\u0259n t\u0259rp\u0259n\u0259 bilm\u0259zl\u0259r: \u201c\u018fslind\u0259 onlar\u0131n say\u0131n\u0131n art\u0131r\u0131lmas\u0131 m\u0259ntiqsizdir, 19 sentyabr antiterror \u0259m\u0259liyyat\u0131ndan bu yana s\u0259rh\u0259dd\u0259 g\u0259rginlik yoxdur. Sakitlikdirs\u0259, say\u0131 niy\u0259 art\u0131r\u0131rlar? Dem\u0259k, Avropa missiyas\u0131n\u0131n Erm\u0259nistan \u0259razisind\u0259 say\u0131n\u0131n art\u0131r\u0131lmas\u0131 v\u0259 s\u0259rh\u0259dd\u0259 monitorinq apar\u0131lmas\u0131 Az\u0259rbaycanla \u0259laq\u0259li deyil, Br\u00fcsselin m\u0259qs\u0259di Rusiyan\u0131 Erm\u0259nistanda s\u0131x\u0131\u015fd\u0131rmaqd\u0131r. Bu is\u0259 bizim problem deyil, Rusiya il\u0259 Erm\u0259nistan aras\u0131ndak\u0131 m\u0259s\u0259l\u0259dir\u201d.<\/p>\n<p><img loading=\"lazy\" src=\"https:\/\/cdnn1.img.sputnik.az\/img\/40333\/55\/403335501_354:0:1445:1200_1400x0_80_0_0_f91adb77cba809855868484465b719fe.jpg\" alt=\"Sahib M\u0259mm\u0259dov: \u201cAz\u0259rbaycanda \u018fm\u0259k M\u0259c\u0259ll\u0259si yenid\u0259n yaz\u0131lmal\u0131d\u0131r\u201d -  12.06.2018, Sputnik Az\u0259rbaycan\" width=\"698\" height=\"767\" \/><\/p>\n<p><strong>Sahib M\u0259mm\u0259dov<\/strong><\/p>\n<p><strong>Sosial T\u0259dqiqatlar M\u0259rk\u0259zinin icra\u00e7\u0131 direktoru Sahib M\u0259mm\u0259dovun s\u00f6zl\u0259rin\u0259 g\u00f6r\u0259, \u0259g\u0259r s\u00f6hb\u0259t silahl\u0131 q\u00fcvv\u0259l\u0259rin qo\u015fun birl\u0259\u015fm\u0259l\u0259rind\u0259n gedirs\u0259, onlar\u0131n dislokasiya yerinin qism\u0259n d\u0259yi\u015fm\u0259si b\u0259lk\u0259 d\u0259 m\u00fcmk\u00fcnd\u00fcr:<\/strong>\u00a0\u201cAmma s\u0259rh\u0259d qo\u015funlar\u0131n\u0131n m\u00f6vqel\u0259rind\u0259n geri \u00e7\u0259kilm\u0259si a\u011flabatan g\u00f6r\u00fcnm\u00fcr v\u0259 fikrimc\u0259, bunun \u00fc\u00e7\u00fcn h\u0259r hans\u0131 z\u0259rur\u0259t yoxdur. Biz\u0259 bufer zona yaratmaq deyil, demilitasiya v\u0259 sonradan demarkasiya prosesl\u0259rini h\u0259yata ke\u00e7irm\u0259k laz\u0131md\u0131r\u201d. S.M\u0259mm\u0259dov hesab edir ki, bundan sonra m\u00fcnasib\u0259tl\u0259r yax\u015f\u0131la\u015fd\u0131qca m\u00fcxt\u0259lif n\u00f6v qo\u015fun birl\u0259\u015fm\u0259l\u0259rinin nisbi yerd\u0259yi\u015fm\u0259si ba\u015f ver\u0259 bil\u0259r: \u201cBufer zona yaratmaq v\u0259 h\u0259min hiss\u0259l\u0259r\u0259 sonradan beyn\u0259lxalq m\u00fc\u015fahid\u0259\u00e7i ad\u0131 alt\u0131nda q\u00fcvv\u0259l\u0259r yerl\u0259\u015fdirm\u0259k hans\u0131 z\u0259rur\u0259td\u0259n ir\u0259li g\u0259l\u0259 bil\u0259r? \u018fg\u0259r s\u0259rh\u0259dl\u0259r m\u00fc\u0259yy\u0259n edils\u0259 v\u0259 imzalanacaq s\u00fclh m\u00fcqavil\u0259sind\u0259 h\u0259r iki t\u0259r\u0259f \u00f6z \u00fcz\u0259rin\u0259 \u0259razil\u0259rin b\u00fct\u00f6vl\u00fcy\u00fc v\u0259 toxunulmazl\u0131\u011f\u0131, h\u00fccum etm\u0259m\u0259k haqq\u0131nda \u00f6hd\u0259lik g\u00f6t\u00fcr\u0259c\u0259ks\u0259, o zaman bu, d\u0259f\u0259l\u0259rl\u0259 ciddi qarantiya olacaq, n\u0259inki qo\u015fun birl\u0259\u015fm\u0259l\u0259rinin nisbi olaraq yerd\u0259yi\u015fm\u0259si. Az\u0259rbaycan he\u00e7 bir halda b\u00fct\u00fcn s\u0259rh\u0259d boyu m\u00f6hk\u0259ml\u0259ndiyi strateji n\u00f6qt\u0259l\u0259ri t\u0259rk ed\u0259 bilm\u0259z. B\u0259lk\u0259 d\u0259 bu, b\u0259zi ki\u00e7ik \u0259razil\u0259rd\u0259, o da m\u00fcv\u0259qq\u0259ti olaraq edil\u0259 bil\u0259r ki, delimitasiya prosesl\u0259ri h\u0259yata ke\u00e7irilsin\u201d. STM t\u0259msil\u00e7isi qeyd etdi ki, Avropa \u0130ttifaq\u0131n\u0131n t\u0259qa\u00fcdd\u0259 olan k\u0259\u015ffiyyat\u00e7\u0131lar\u0131n\u0131n, h\u0259rb\u00e7il\u0259rinin h\u0259r hans\u0131 ad alt\u0131nda Az\u0259rbaycan\u0131n suveren \u0259razil\u0259rin\u0259 ayaq basmas\u0131n\u0131 yolverilm\u0259z hesab edir.<\/p>\n<p><img loading=\"lazy\" src=\"https:\/\/s3.eu-central-1.amazonaws.com\/abzasmedia\/media\/featured_images\/2022\/07\/02\/Ads%C4%B1z-tasar%C4%B1m-2021-01-06T175003.638.jpg\" alt=\"AbzasMedia - Qafar \u00c7axmaql\u0131: &quot;Erm\u0259ni dilini bilm\u0259k erm\u0259nil\u0259rl\u0259 i\u015fl\u0259m\u0259k \u00fc\u00e7\u00fcn  vacibdir&quot;\" width=\"1250\" height=\"703\" \/><\/p>\n<p><strong>Qafar \u00c7axmaql\u0131<\/strong><\/p>\n<p><strong>Erciyes Universitetinin professoru, erm\u0259ni\u015f\u00fcnas alim Qafar \u00c7axmaql\u0131 is\u0259 bu fikird\u0259dir ki, Erm\u0259nistan\u0131n xarici siyas\u0259ti \u00f6lk\u0259sinin \u201ct\u0259hl\u00fck\u0259sizliyini\u201d t\u0259min etm\u0259k \u00fc\u00e7\u00fcn beyn\u0259lxalq s\u00fclhm\u0259raml\u0131lar\u0131n b\u00f6lg\u0259y\u0259 g\u0259tirilm\u0259sin\u0259 nail olmaqd\u0131r:<\/strong>\u00a0\u201cAvropa \u0130ttifaq\u0131n\u0131n m\u00fc\u015fahid\u0259\u00e7il\u0259rinin burada bulunmas\u0131 v\u0259 onlar\u0131n son g\u00fcnl\u0259r say\u0131n\u0131n art\u0131r\u0131lmas\u0131 Erm\u0259nistan\u0131n bu siyas\u0259tin\u0259 Q\u0259rbin d\u0259st\u0259k verm\u0259si anlam\u0131na g\u0259lir. Az\u0259rbaycan\u0131n s\u0259rh\u0259d x\u0259ttind\u0259 \u0259lveri\u015fli m\u00f6vqel\u0259rd\u0259 olmas\u0131n\u0131 da beyn\u0259lxalq g\u00fccl\u0259rin k\u00f6m\u0259yi il\u0259 minimuma endirm\u0259k ist\u0259yirl\u0259r. Bufer zona t\u0259klifi d\u0259 bundan qaynaqlan\u0131r. Onlar beyn\u0259lxalq t\u0259zyiqi art\u0131raraq Az\u0259rbaycan Ordusunu bu \u0259lveri\u015fli m\u00f6vqel\u0259rd\u0259n uzaqla\u015fd\u0131rmaq ist\u0259yirl\u0259r. Son g\u00fcnl\u0259rd\u0259 X\u0130N ba\u015f\u00e7\u0131s\u0131n\u0131n v\u0259 Pa\u015finyan\u0131n b\u0259yanatlar\u0131 buna hesablan\u0131b. S\u00fclh m\u00fcqavil\u0259sini imzalamadan \u00f6nc\u0259 Erm\u0259nistan m\u00f6vqe \u00fcst\u00fcnl\u00fcy\u00fcn\u0259 nail olmaq ist\u0259yir\u201d. Q.\u00c7axmaql\u0131 qeyd etdi ki, h\u0259l\u0259lik bunlar t\u0259klifdir v\u0259 beyn\u0259lxalq birliyin h\u0259l\u0259 buna reaksiyas\u0131 olmasa da, dan\u0131\u015f\u0131qlar predmeti kimi ortaya at\u0131lmas\u0131 faktd\u0131r v\u0259 Az\u0259rbaycan\u0131n s\u0259rt reaksiyas\u0131 olmal\u0131d\u0131r: \u201cErm\u0259nistan \u00f6z\u00fcn\u00fc guya s\u00fclh m\u00fcqavil\u0259si t\u0259r\u0259fdar\u0131 kimi g\u00f6st\u0259rir, amma bu \u00f6lk\u0259nin d\u0259rdi anla\u015fmaya varmaq kimi bir d\u0259rdi yoxdur. Sad\u0259c\u0259 olaraq, s\u00fclhl\u0259 ba\u011fl\u0131 manipulyasiya edir. Qalib \u00f6lk\u0259 kimi biz Erm\u0259nistan\u0131n naz\u0131 il\u0259 oynamamal\u0131y\u0131q, erm\u0259nil\u0259r bizim g\u00fccl\u00fc t\u0259r\u0259f olma\u011f\u0131m\u0131z\u0131 bilirl\u0259r. Onlar\u0131n t\u0259klif v\u0259 hans\u0131sa \u015f\u0259rt ir\u0259li s\u00fcrm\u0259si q\u0259bul edil\u0259 bilm\u0259z. Lap t\u0259zyiql\u0259r Avropadan, Amerikadan g\u0259ls\u0259, bel\u0259&#8230;\u201d<\/p>\n<p>\u00dcmumil\u0259\u015fdirs\u0259k, Erm\u0259nistan unutmamal\u0131d\u0131r, prosesl\u0259rd\u0259 dikt\u0259 ed\u0259n t\u0259k t\u0259r\u0259f var, o da qalib Az\u0259rbaycand\u0131r! Bundan sonra h\u0259r hans\u0131 hiyl\u0259l\u0259r ke\u00e7\u0259rli deyil, biz\u0259 bir \u0259srlik t\u0259cr\u00fcb\u0259 yet\u0259rlidir&#8230;<\/p>\n","protected":false},"excerpt":{"rendered":"<p>R\u0259smi \u0130r\u0259van\u0131n hiyl\u0259g\u0259r gedi\u015fi: Az\u0259rbaycan s\u0259rh\u0259d\u00e7il\u0259rinin geri \u00e7\u0259kilm\u0259si hal\u0131nda strateji y\u00fcks\u0259klikl\u0259ri z\u0259bt etm\u0259k, Avropa \u0130ttifaq\u0131n\u0131n missiyas\u0131n\u0131 bu \u0259razil\u0259r\u0259 yerl\u0259\u015fdirm\u0259k plan\u0131 ortada R\u0259smi \u0130r\u0259van m\u00fcxt\u0259lif yollarla 2020-ci ilin \u00fc\u00e7t\u0259r\u0259fli raz\u0131la\u015fmas\u0131nda \u0259ksini tapan \u00f6hd\u0259liy\u0259 \u0259m\u0259l ed\u0259r\u0259k Z\u0259ng\u0259zur d\u0259hlizinin a\u00e7\u0131lmas\u0131 istiqam\u0259tind\u0259 add\u0131m atmaqdan yay\u0131n\u0131r. Erm\u0259nistan\u0131n xarici i\u015fl\u0259r naziri Ararat Mirzoyan deyib ki, \u00f6lk\u0259si G\u00fcmr\u00fc-Qars v\u0259 Arazd\u0259y\u0259n &#8211; Nax\u00e7\u0131van d\u0259mir yollar\u0131n\u0131 b\u0259rpa etm\u0259y\u0259 haz\u0131rd\u0131r. Az\u0259rbaycan v\u0259 T\u00fcrkiy\u0259d\u0259 Z\u0259ng\u0259zur d\u0259hlizinin tikintisi il\u0259 ba\u011fl\u0131 i\u015fl\u0259r s\u00fcr\u0259tli \u015f\u0259kild\u0259 icra olundu\u011fu halda, A.Mirzoyan h\u0259l\u0259 indi d\u0259mir yolunun b\u0259rpas\u0131ndan dan\u0131\u015fma\u011fa ba\u015flay\u0131b, lakin \u00f6lk\u0259si h\u0259l\u0259 d\u0259 da\u015f\u0131 da\u015f \u00fcst\u0259 qoymay\u0131b.&hellip;<\/p>\n","protected":false},"author":2,"featured_media":669204,"comment_status":"closed","ping_status":"closed","sticky":false,"template":"","format":"standard","meta":{"om_disable_all_campaigns":false,"_monsterinsights_skip_tracking":false,"_monsterinsights_sitenote_active":false,"_monsterinsights_sitenote_note":"","_monsterinsights_sitenote_category":0},"categories":[19],"tags":[],"aioseo_notices":[],"gutentor_comment":0,"rttpg_featured_image_url":{"full":["https:\/\/arantv.az\/wp-content\/uploads\/2023\/12\/41f11d35fe15b119b4594e4d23fa97ae.jpg",870,500,false],"landscape":["https:\/\/arantv.az\/wp-content\/uploads\/2023\/12\/41f11d35fe15b119b4594e4d23fa97ae.jpg",870,500,false],"portraits":["https:\/\/arantv.az\/wp-content\/uploads\/2023\/12\/41f11d35fe15b119b4594e4d23fa97ae.jpg",870,500,false],"thumbnail":["https:\/\/arantv.az\/wp-content\/uploads\/2023\/12\/41f11d35fe15b119b4594e4d23fa97ae-500x280.jpg",500,280,true],"medium":["https:\/\/arantv.az\/wp-content\/uploads\/2023\/12\/41f11d35fe15b119b4594e4d23fa97ae-635x365.jpg",635,365,true],"large":["https:\/\/arantv.az\/wp-content\/uploads\/2023\/12\/41f11d35fe15b119b4594e4d23fa97ae-840x483.jpg",640,368,true],"1536x1536":["https:\/\/arantv.az\/wp-content\/uploads\/2023\/12\/41f11d35fe15b119b4594e4d23fa97ae.jpg",870,500,false],"2048x2048":["https:\/\/arantv.az\/wp-content\/uploads\/2023\/12\/41f11d35fe15b119b4594e4d23fa97ae.jpg",870,500,false],"post-thumbnail":["https:\/\/arantv.az\/wp-content\/uploads\/2023\/12\/41f11d35fe15b119b4594e4d23fa97ae-240x172.jpg",240,172,true],"advps-thumb-one":["https:\/\/arantv.az\/wp-content\/uploads\/2023\/12\/41f11d35fe15b119b4594e4d23fa97ae.jpg",870,500,false]},"rttpg_author":{"display_name":"V\u00fcsal Rafiqo\u011flu","author_link":"https:\/\/arantv.az\/?author=2"},"rttpg_comment":0,"rttpg_category":"<a href=\"https:\/\/arantv.az\/?cat=19\" rel=\"category\">G\u00fcnd\u0259m<\/a>","rttpg_excerpt":"R\u0259smi \u0130r\u0259van\u0131n hiyl\u0259g\u0259r gedi\u015fi: Az\u0259rbaycan s\u0259rh\u0259d\u00e7il\u0259rinin geri \u00e7\u0259kilm\u0259si hal\u0131nda strateji y\u00fcks\u0259klikl\u0259ri z\u0259bt etm\u0259k, Avropa \u0130ttifaq\u0131n\u0131n missiyas\u0131n\u0131 bu \u0259razil\u0259r\u0259 yerl\u0259\u015fdirm\u0259k plan\u0131 ortada R\u0259smi \u0130r\u0259van m\u00fcxt\u0259lif yollarla 2020-ci ilin \u00fc\u00e7t\u0259r\u0259fli raz\u0131la\u015fmas\u0131nda \u0259ksini tapan \u00f6hd\u0259liy\u0259 \u0259m\u0259l ed\u0259r\u0259k Z\u0259ng\u0259zur d\u0259hlizinin a\u00e7\u0131lmas\u0131 istiqam\u0259tind\u0259 add\u0131m atmaqdan yay\u0131n\u0131r. Erm\u0259nistan\u0131n xarici i\u015fl\u0259r naziri Ararat Mirzoyan deyib ki, \u00f6lk\u0259si G\u00fcmr\u00fc-Qars v\u0259 Arazd\u0259y\u0259n &#8211; Nax\u00e7\u0131van&hellip;","_links":{"self":[{"href":"https:\/\/arantv.az\/index.php?rest_route=\/wp\/v2\/posts\/669203"}],"collection":[{"href":"https:\/\/arantv.az\/index.php?rest_route=\/wp\/v2\/posts"}],"about":[{"href":"https:\/\/arantv.az\/index.php?rest_route=\/wp\/v2\/types\/post"}],"author":[{"embeddable":true,"href":"https:\/\/arantv.az\/index.php?rest_route=\/wp\/v2\/users\/2"}],"replies":[{"embeddable":true,"href":"https:\/\/arantv.az\/index.php?rest_route=%2Fwp%2Fv2%2Fcomments&post=669203"}],"version-history":[{"count":0,"href":"https:\/\/arantv.az\/index.php?rest_route=\/wp\/v2\/posts\/669203\/revisions"}],"wp:featuredmedia":[{"embeddable":true,"href":"https:\/\/arantv.az\/index.php?rest_route=\/wp\/v2\/media\/669204"}],"wp:attachment":[{"href":"https:\/\/arantv.az\/index.php?rest_route=%2Fwp%2Fv2%2Fmedia&parent=669203"}],"wp:term":[{"taxonomy":"category","embeddable":true,"href":"https:\/\/arantv.az\/index.php?rest_route=%2Fwp%2Fv2%2Fcategories&post=669203"},{"taxonomy":"post_tag","embeddable":true,"href":"https:\/\/arantv.az\/index.php?rest_route=%2Fwp%2Fv2%2Ftags&post=669203"}],"curies":[{"name":"wp","href":"https:\/\/api.w.org\/{rel}","templated":true}]}}