{"id":669214,"date":"2023-12-15T12:21:19","date_gmt":"2023-12-15T08:21:19","guid":{"rendered":"https:\/\/arantv.az\/?p=669214"},"modified":"2023-12-15T12:21:19","modified_gmt":"2023-12-15T08:21:19","slug":"qida-m%c9%99hsullarinin-idxalina-m%c9%99hdudiyy%c9%99tl%c9%99r-n%c9%99yi-d%c9%99yis%c9%99c%c9%99k-arasdirma","status":"publish","type":"post","link":"https:\/\/arantv.az\/?p=669214","title":{"rendered":"Qida m\u0259hsullar\u0131n\u0131n idxal\u0131na m\u0259hdudiyy\u0259tl\u0259r N\u018fY\u0130 D\u018fY\u0130\u015e\u018fC\u018fK? &#8211; ARA\u015eDIRMA"},"content":{"rendered":"<p>Az\u0259rbaycan Respublikas\u0131n\u0131n Qida T\u0259hl\u00fck\u0259sizliyi Agentliyi (AQTA) \u00f6lk\u0259miz\u0259 y\u00fcks\u0259k riskli qida v\u0259 yem m\u0259hsullar\u0131n\u0131n idxal\u0131 il\u0259 m\u0259\u015f\u011ful olan sahibkarlara n\u00f6vb\u0259ti x\u0259b\u0259rdarl\u0131q edib. Sahibkarlar\u0131n diqq\u0259tin\u0259 \u00e7atd\u0131r\u0131l\u0131b ki, 2024-c\u00fc il 1 yanvar tarixin\u0259d\u0259k t\u0259sdiq \u00fc\u00e7\u00fcn agentliy\u0259 m\u00fcraci\u0259t etm\u0259y\u0259n v\u0259 xarici \u00f6lk\u0259l\u0259rd\u0259 f\u0259aliyy\u0259t g\u00f6st\u0259r\u0259n qida obyektl\u0259rind\u0259n y\u00fcks\u0259kriskli qida v\u0259 yem m\u0259hsullar\u0131n\u0131n idxal\u0131na m\u0259hdudiyy\u0259t t\u0259tbiq olunacaq.<\/p>\n<p><strong>M\u0259hdudiyy\u0259t n\u0259d\u0259n ibar\u0259tdir?<\/strong><\/p>\n<p>Qurumdan bildirilir ki, yanvar\u0131n 1-d\u0259k t\u0259sdiq \u00fc\u00e7\u00fcn r\u0259smi qaydada m\u00fcraci\u0259t etm\u0259y\u0259n m\u00fc\u0259ssis\u0259l\u0259rd\u0259n baytarl\u0131q n\u0259zar\u0259tin\u0259 aid &#8211; mal v\u0259 mal \u0259ti, qu\u015f v\u0259 qu\u015f \u0259ti, bal\u0131q v\u0259 d\u0259niz m\u0259hsullar\u0131, konservl\u0259\u015fdirilmi\u015f bal\u0131q v\u0259 d\u0259niz m\u0259hsullar\u0131, s\u00fcd v\u0259 s\u00fcd m\u0259hsullar\u0131 v\u0259 heyvan yemi \u00fc\u00e7\u00fcn istifad\u0259 edil\u0259n dig\u0259r m\u0259hsullar\u0131n \u00f6lk\u0259miz\u0259 idxal\u0131 m\u00fcmk\u00fcn olmayacaq.<\/p>\n<p>\u201cQida t\u0259hl\u00fck\u0259sizliyi haqq\u0131nda\u201d Az\u0259rbaycan Respublikas\u0131n\u0131n Qanununun t\u0259l\u0259bl\u0259rin\u0259 \u0259sas\u0259n, risk d\u0259r\u0259c\u0259si n\u0259z\u0259r\u0259 al\u0131naraq, \u00f6lk\u0259miz\u0259 qida v\u0259 yem m\u0259hsullar\u0131n\u0131n idxal\u0131 \u00fc\u00e7\u00fcn h\u0259min m\u0259hsullar\u0131n istehsal v\u0259 emal olundu\u011fu xarici qida obyektl\u0259ri t\u0259sdiq edilm\u0259lidir. M\u0259hz qanunun t\u0259l\u0259bl\u0259rind\u0259n ir\u0259li g\u0259l\u0259r\u0259k, agentlik t\u0259sdiqd\u0259n ke\u00e7m\u0259y\u0259n xarici qida obyektl\u0259rind\u0259n m\u0259hsul idxal\u0131na m\u0259hdudiyy\u0259t qoyulaca\u011f\u0131 il\u0259 ba\u011fl\u0131 K\u0130V-d\u0259 d\u0259f\u0259l\u0259rl\u0259 x\u0259b\u0259rdarl\u0131qlar edib.<\/p>\n<p>Buna baxmayaraq, agentliy\u0259 b\u0259zi \u00f6lk\u0259l\u0259rin istehsal\u00e7\u0131lar\u0131ndan t\u0259sdiql\u0259 ba\u011fl\u0131 h\u0259l\u0259 d\u0259 m\u00fcraci\u0259tl\u0259r daxil olmay\u0131b. Ona g\u00f6r\u0259 d\u0259 m\u00fcvafiq qiym\u0259tl\u0259ndirm\u0259 apar\u0131lmayan v\u0259 t\u0259sdiq edilm\u0259y\u0259n m\u0259hsullar\u0131n idxal\u0131 1 yanvar 2024-c\u00fc ild\u0259n dayand\u0131r\u0131lacaq v\u0259 idxal\u00e7\u0131 \u015firk\u0259tl\u0259rl\u0259 ba\u011fl\u0131 qanunvericilik \u00e7\u0259r\u00e7iv\u0259sind\u0259 t\u0259dbirl\u0259r g\u00f6r\u00fcl\u0259c\u0259k.<\/p>\n<p><strong>\u00a0\u201c\u018ftrafl\u0131 m\u0259lumat t\u0259l\u0259b olunmal\u0131d\u0131r\u201d<\/strong><\/p>\n<p>M\u0259s\u0259l\u0259 il\u0259 ba\u011fl\u0131 fikirl\u0259rini Bizim.media il\u0259 b\u00f6l\u00fc\u015f\u0259n Liberal \u0130qtisad\u00e7\u0131lar M\u0259rk\u0259zinin s\u0259dri Akif N\u0259sirli bildirib ki, bu vacib bir q\u0259rard\u0131r:<\/p>\n<p>\u201c\u0130ndiy\u0259\u00a0q\u0259d\u0259r kim n\u0259 ist\u0259yirdis\u0259, \u00f6lk\u0259miz\u0259 idxal edirdi. Amma n\u00f6vb\u0259ti ild\u0259n bu bel\u0259 olmayacaq. AQTA idxalla m\u0259\u015f\u011ful olan \u015firk\u0259tl\u0259rd\u0259n t\u0259l\u0259b edir ki, g\u0259tirdikl\u0259ri m\u0259hsullar bar\u0259d\u0259 \u0259trafl\u0131 v\u0259 s\u0259hih m\u0259lumatlar t\u0259qdim etsinl\u0259r. T\u0259sad\u00fcfi deyil ki, m\u0259hsul satd\u0131\u011f\u0131m\u0131z b\u00fct\u00fcn \u00f6lk\u0259l\u0259r bizd\u0259n bu c\u00fcr s\u0259n\u0259dl\u0259ri t\u0259l\u0259b edir. H\u0259r bir istehsal\u00e7\u0131 m\u0259hsul haqq\u0131nda \u0259trafl\u0131 v\u0259 z\u0259ruri m\u0259lumat\u0131 verir.<\/p>\n<p>Ona g\u00f6r\u0259 d\u0259 Az\u0259rbaycan da n\u00f6vb\u0259ti ild\u0259n qanuna uy\u011fun olaraq bu t\u0259l\u0259bl\u0259ri ir\u0259li s\u00fcr\u00fcr. Yeni qaydalar n\u0259 q\u0259d\u0259r vacib olsa da, bu, ilk aylarda istehlak bazar\u0131ndak\u0131 qiym\u0259t\u0259 m\u00fc\u0259yy\u0259n t\u0259sir g\u00f6st\u0259r\u0259c\u0259k. Y\u0259ni qiym\u0259tl\u0259r m\u00fc\u0259yy\u0259n q\u0259d\u0259r artacaq. Amma sonrak\u0131 d\u00f6vrd\u0259 qiym\u0259tl\u0259r sabitl\u0259\u015f\u0259c\u0259k\u201d.<\/p>\n<p>Akif N\u0259sirli onu da qeyd edib ki, bu q\u0259rar\u0131n icras\u0131 yerli istehsal \u00fc\u00e7\u00fcn d\u0259 bir stimul olacaq:<\/p>\n<p>\u201c\u0130dxal\u0131n azalmas\u0131 hesab\u0131na yerli sahibkarlar bazara daha \u00e7ox m\u0259hsul \u00e7\u0131xaracaqlar. Hesab edir\u0259m ki, qida sah\u0259sind\u0259 idxal\u0131n m\u00fc\u0259yy\u0259n q\u0259d\u0259r m\u0259hdudla\u015fd\u0131r\u0131lmas\u0131 \u00f6lk\u0259 iqtisadiyyat\u0131na m\u00fcsb\u0259t t\u00f6hf\u0259 ver\u0259c\u0259k. \u00c7\u00fcnki idxal qaydalar\u0131n\u0131n s\u0259rtl\u0259\u015fdirilm\u0259si imkan ver\u0259c\u0259k ki, analoji m\u0259hsullar yerl\u0259rd\u0259 daha \u00e7ox istehsal edilsin. B\u00fct\u00fcn hallarda biz keyfiyy\u0259ti k\u0259miyy\u0259t\u0259 qurban verm\u0259m\u0259liyik\u201d.<\/p>\n","protected":false},"excerpt":{"rendered":"<p>Az\u0259rbaycan Respublikas\u0131n\u0131n Qida T\u0259hl\u00fck\u0259sizliyi Agentliyi (AQTA) \u00f6lk\u0259miz\u0259 y\u00fcks\u0259k riskli qida v\u0259 yem m\u0259hsullar\u0131n\u0131n idxal\u0131 il\u0259 m\u0259\u015f\u011ful olan sahibkarlara n\u00f6vb\u0259ti x\u0259b\u0259rdarl\u0131q edib. Sahibkarlar\u0131n diqq\u0259tin\u0259 \u00e7atd\u0131r\u0131l\u0131b ki, 2024-c\u00fc il 1 yanvar tarixin\u0259d\u0259k t\u0259sdiq \u00fc\u00e7\u00fcn agentliy\u0259 m\u00fcraci\u0259t etm\u0259y\u0259n v\u0259 xarici \u00f6lk\u0259l\u0259rd\u0259 f\u0259aliyy\u0259t g\u00f6st\u0259r\u0259n qida obyektl\u0259rind\u0259n y\u00fcks\u0259kriskli qida v\u0259 yem m\u0259hsullar\u0131n\u0131n idxal\u0131na m\u0259hdudiyy\u0259t t\u0259tbiq olunacaq. M\u0259hdudiyy\u0259t n\u0259d\u0259n ibar\u0259tdir? Qurumdan bildirilir ki, yanvar\u0131n 1-d\u0259k t\u0259sdiq \u00fc\u00e7\u00fcn r\u0259smi qaydada m\u00fcraci\u0259t etm\u0259y\u0259n m\u00fc\u0259ssis\u0259l\u0259rd\u0259n baytarl\u0131q n\u0259zar\u0259tin\u0259 aid &#8211; mal v\u0259 mal \u0259ti, qu\u015f v\u0259 qu\u015f \u0259ti, bal\u0131q v\u0259 d\u0259niz m\u0259hsullar\u0131, konservl\u0259\u015fdirilmi\u015f bal\u0131q v\u0259 d\u0259niz m\u0259hsullar\u0131, s\u00fcd v\u0259 s\u00fcd&hellip;<\/p>\n","protected":false},"author":2,"featured_media":669216,"comment_status":"closed","ping_status":"closed","sticky":false,"template":"","format":"standard","meta":{"om_disable_all_campaigns":false,"_monsterinsights_skip_tracking":false,"_monsterinsights_sitenote_active":false,"_monsterinsights_sitenote_note":"","_monsterinsights_sitenote_category":0},"categories":[1],"tags":[],"aioseo_notices":[],"gutentor_comment":0,"rttpg_featured_image_url":{"full":["https:\/\/arantv.az\/wp-content\/uploads\/2023\/12\/1702555015_photo_5465579058390748973_x.jpg",620,413,false],"landscape":["https:\/\/arantv.az\/wp-content\/uploads\/2023\/12\/1702555015_photo_5465579058390748973_x.jpg",620,413,false],"portraits":["https:\/\/arantv.az\/wp-content\/uploads\/2023\/12\/1702555015_photo_5465579058390748973_x.jpg",620,413,false],"thumbnail":["https:\/\/arantv.az\/wp-content\/uploads\/2023\/12\/1702555015_photo_5465579058390748973_x-500x280.jpg",500,280,true],"medium":["https:\/\/arantv.az\/wp-content\/uploads\/2023\/12\/1702555015_photo_5465579058390748973_x-548x365.jpg",548,365,true],"large":["https:\/\/arantv.az\/wp-content\/uploads\/2023\/12\/1702555015_photo_5465579058390748973_x.jpg",620,413,false],"1536x1536":["https:\/\/arantv.az\/wp-content\/uploads\/2023\/12\/1702555015_photo_5465579058390748973_x.jpg",620,413,false],"2048x2048":["https:\/\/arantv.az\/wp-content\/uploads\/2023\/12\/1702555015_photo_5465579058390748973_x.jpg",620,413,false],"post-thumbnail":["https:\/\/arantv.az\/wp-content\/uploads\/2023\/12\/1702555015_photo_5465579058390748973_x-240x172.jpg",240,172,true],"advps-thumb-one":["https:\/\/arantv.az\/wp-content\/uploads\/2023\/12\/1702555015_photo_5465579058390748973_x.jpg",620,413,false]},"rttpg_author":{"display_name":"V\u00fcsal Rafiqo\u011flu","author_link":"https:\/\/arantv.az\/?author=2"},"rttpg_comment":0,"rttpg_category":"<a href=\"https:\/\/arantv.az\/?cat=1\" rel=\"category\">C\u0259miyy\u0259t<\/a>","rttpg_excerpt":"Az\u0259rbaycan Respublikas\u0131n\u0131n Qida T\u0259hl\u00fck\u0259sizliyi Agentliyi (AQTA) \u00f6lk\u0259miz\u0259 y\u00fcks\u0259k riskli qida v\u0259 yem m\u0259hsullar\u0131n\u0131n idxal\u0131 il\u0259 m\u0259\u015f\u011ful olan sahibkarlara n\u00f6vb\u0259ti x\u0259b\u0259rdarl\u0131q edib. Sahibkarlar\u0131n diqq\u0259tin\u0259 \u00e7atd\u0131r\u0131l\u0131b ki, 2024-c\u00fc il 1 yanvar tarixin\u0259d\u0259k t\u0259sdiq \u00fc\u00e7\u00fcn agentliy\u0259 m\u00fcraci\u0259t etm\u0259y\u0259n v\u0259 xarici \u00f6lk\u0259l\u0259rd\u0259 f\u0259aliyy\u0259t g\u00f6st\u0259r\u0259n qida obyektl\u0259rind\u0259n y\u00fcks\u0259kriskli qida v\u0259 yem m\u0259hsullar\u0131n\u0131n idxal\u0131na m\u0259hdudiyy\u0259t t\u0259tbiq olunacaq. M\u0259hdudiyy\u0259t n\u0259d\u0259n ibar\u0259tdir? Qurumdan&hellip;","_links":{"self":[{"href":"https:\/\/arantv.az\/index.php?rest_route=\/wp\/v2\/posts\/669214"}],"collection":[{"href":"https:\/\/arantv.az\/index.php?rest_route=\/wp\/v2\/posts"}],"about":[{"href":"https:\/\/arantv.az\/index.php?rest_route=\/wp\/v2\/types\/post"}],"author":[{"embeddable":true,"href":"https:\/\/arantv.az\/index.php?rest_route=\/wp\/v2\/users\/2"}],"replies":[{"embeddable":true,"href":"https:\/\/arantv.az\/index.php?rest_route=%2Fwp%2Fv2%2Fcomments&post=669214"}],"version-history":[{"count":0,"href":"https:\/\/arantv.az\/index.php?rest_route=\/wp\/v2\/posts\/669214\/revisions"}],"wp:featuredmedia":[{"embeddable":true,"href":"https:\/\/arantv.az\/index.php?rest_route=\/wp\/v2\/media\/669216"}],"wp:attachment":[{"href":"https:\/\/arantv.az\/index.php?rest_route=%2Fwp%2Fv2%2Fmedia&parent=669214"}],"wp:term":[{"taxonomy":"category","embeddable":true,"href":"https:\/\/arantv.az\/index.php?rest_route=%2Fwp%2Fv2%2Fcategories&post=669214"},{"taxonomy":"post_tag","embeddable":true,"href":"https:\/\/arantv.az\/index.php?rest_route=%2Fwp%2Fv2%2Ftags&post=669214"}],"curies":[{"name":"wp","href":"https:\/\/api.w.org\/{rel}","templated":true}]}}