{"id":669215,"date":"2023-12-15T13:13:11","date_gmt":"2023-12-15T09:13:11","guid":{"rendered":"https:\/\/arantv.az\/?p=669215"},"modified":"2023-12-15T13:13:11","modified_gmt":"2023-12-15T09:13:11","slug":"prezident-az%c9%99rbaycana-beyn%c9%99lxalq-al%c9%99md%c9%99-olan-horm%c9%99t-gunb%c9%99gun-artir","status":"publish","type":"post","link":"https:\/\/arantv.az\/?p=669215","title":{"rendered":"Prezident: \u201cAz\u0259rbaycana beyn\u0259lxalq al\u0259md\u0259 olan h\u00f6rm\u0259t g\u00fcnb\u0259g\u00fcn art\u0131r\u201d"},"content":{"rendered":"<p>\u201cBir ne\u00e7\u0259 g\u00fcn bundan \u0259vv\u0259l \u00f6lk\u0259miz n\u00f6vb\u0259ti b\u00f6y\u00fck u\u011fura imza atm\u0131\u015fd\u0131r, COP29 beyn\u0259lxalq konfrans Az\u0259rbaycanda, Bak\u0131da ke\u00e7iril\u0259c\u0259k. Bu q\u0259rar\u0131 b\u00fct\u00fcn d\u00fcnya \u00f6lk\u0259l\u0259ri bir ne\u00e7\u0259 g\u00fcn bundan \u0259vv\u0259l q\u0259bul etmi\u015fdir v\u0259 bel\u0259likl\u0259, Az\u0259rbaycana n\u00f6vb\u0259ti d\u0259f\u0259 b\u00f6y\u00fck etimad v\u0259 b\u00f6y\u00fck h\u00f6rm\u0259t g\u00f6st\u0259rilmi\u015fdir\u201d.<\/p>\n<p><a href=\"https:\/\/azertag.az\/xeber\/prezident_ilham_eliyev_apardigimiz_siyaset_neticesinde_dunya_miqyasinda_chox_guclu_movqelere_sahib_olmusuq-2852237\" target=\"_blank\" rel=\"noopener\">AZ\u018fRTAC<\/a>\u00a0x\u0259b\u0259r verir ki, bu fikri Az\u0259rbaycan Prezidenti\u00a0<strong>\u0130lham \u018fliyev<\/strong>\u00a0dekabr\u0131n 15-d\u0259 BMT-nin \u0130qlim D\u0259yi\u015fikliyi \u00fczr\u0259 \u00c7\u0259r\u00e7iv\u0259 Konvensiyas\u0131n\u0131n T\u0259r\u0259fl\u0259r Konfrans\u0131n\u0131n 29-cu sessiyas\u0131n\u0131n &#8211; COP29-un g\u0259l\u0259n il \u00f6lk\u0259mizd\u0259 ke\u00e7irilm\u0259si il\u0259 \u0259laq\u0259dar ke\u00e7iril\u0259n m\u00fc\u015favir\u0259d\u0259 deyib.<\/p>\n<p>D\u00f6vl\u0259timizin ba\u015f\u00e7\u0131s\u0131 deyib: \u201cBiz buna layiqik, biz apard\u0131\u011f\u0131m\u0131z siyas\u0259t n\u0259tic\u0259sind\u0259 d\u00fcnya miqyas\u0131nda \u00e7ox g\u00fccl\u00fc m\u00f6vqel\u0259r\u0259 sahib olmu\u015fuq. Az\u0259rbaycana beyn\u0259lxalq al\u0259md\u0259 olan h\u00f6rm\u0259t g\u00fcnb\u0259g\u00fcn art\u0131r v\u0259 biz bu h\u00f6rm\u0259ti \u00f6z \u0259m\u0259limizl\u0259, i\u015fimizl\u0259, siyas\u0259timizl\u0259 qazanm\u0131\u015f\u0131q\u201d.<\/p>\n","protected":false},"excerpt":{"rendered":"<p>\u201cBir ne\u00e7\u0259 g\u00fcn bundan \u0259vv\u0259l \u00f6lk\u0259miz n\u00f6vb\u0259ti b\u00f6y\u00fck u\u011fura imza atm\u0131\u015fd\u0131r, COP29 beyn\u0259lxalq konfrans Az\u0259rbaycanda, Bak\u0131da ke\u00e7iril\u0259c\u0259k. Bu q\u0259rar\u0131 b\u00fct\u00fcn d\u00fcnya \u00f6lk\u0259l\u0259ri bir ne\u00e7\u0259 g\u00fcn bundan \u0259vv\u0259l q\u0259bul etmi\u015fdir v\u0259 bel\u0259likl\u0259, Az\u0259rbaycana n\u00f6vb\u0259ti d\u0259f\u0259 b\u00f6y\u00fck etimad v\u0259 b\u00f6y\u00fck h\u00f6rm\u0259t g\u00f6st\u0259rilmi\u015fdir\u201d. AZ\u018fRTAC\u00a0x\u0259b\u0259r verir ki, bu fikri Az\u0259rbaycan Prezidenti\u00a0\u0130lham \u018fliyev\u00a0dekabr\u0131n 15-d\u0259 BMT-nin \u0130qlim D\u0259yi\u015fikliyi \u00fczr\u0259 \u00c7\u0259r\u00e7iv\u0259 Konvensiyas\u0131n\u0131n T\u0259r\u0259fl\u0259r Konfrans\u0131n\u0131n 29-cu sessiyas\u0131n\u0131n &#8211; COP29-un g\u0259l\u0259n il \u00f6lk\u0259mizd\u0259 ke\u00e7irilm\u0259si il\u0259 \u0259laq\u0259dar ke\u00e7iril\u0259n m\u00fc\u015favir\u0259d\u0259 deyib. D\u00f6vl\u0259timizin ba\u015f\u00e7\u0131s\u0131 deyib: \u201cBiz buna layiqik, biz apard\u0131\u011f\u0131m\u0131z siyas\u0259t n\u0259tic\u0259sind\u0259 d\u00fcnya miqyas\u0131nda \u00e7ox g\u00fccl\u00fc m\u00f6vqel\u0259r\u0259 sahib olmu\u015fuq. Az\u0259rbaycana beyn\u0259lxalq al\u0259md\u0259&hellip;<\/p>\n","protected":false},"author":2,"featured_media":669222,"comment_status":"closed","ping_status":"closed","sticky":false,"template":"","format":"standard","meta":{"om_disable_all_campaigns":false,"_monsterinsights_skip_tracking":false,"_monsterinsights_sitenote_active":false,"_monsterinsights_sitenote_note":"","_monsterinsights_sitenote_category":0},"categories":[4],"tags":[],"aioseo_notices":[],"gutentor_comment":0,"rttpg_featured_image_url":{"full":["https:\/\/arantv.az\/wp-content\/uploads\/2023\/12\/1-4.jpg",620,413,false],"landscape":["https:\/\/arantv.az\/wp-content\/uploads\/2023\/12\/1-4.jpg",620,413,false],"portraits":["https:\/\/arantv.az\/wp-content\/uploads\/2023\/12\/1-4.jpg",620,413,false],"thumbnail":["https:\/\/arantv.az\/wp-content\/uploads\/2023\/12\/1-4-500x280.jpg",500,280,true],"medium":["https:\/\/arantv.az\/wp-content\/uploads\/2023\/12\/1-4-548x365.jpg",548,365,true],"large":["https:\/\/arantv.az\/wp-content\/uploads\/2023\/12\/1-4.jpg",620,413,false],"1536x1536":["https:\/\/arantv.az\/wp-content\/uploads\/2023\/12\/1-4.jpg",620,413,false],"2048x2048":["https:\/\/arantv.az\/wp-content\/uploads\/2023\/12\/1-4.jpg",620,413,false],"post-thumbnail":["https:\/\/arantv.az\/wp-content\/uploads\/2023\/12\/1-4-240x172.jpg",240,172,true],"advps-thumb-one":["https:\/\/arantv.az\/wp-content\/uploads\/2023\/12\/1-4.jpg",620,413,false]},"rttpg_author":{"display_name":"V\u00fcsal Rafiqo\u011flu","author_link":"https:\/\/arantv.az\/?author=2"},"rttpg_comment":0,"rttpg_category":"<a href=\"https:\/\/arantv.az\/?cat=4\" rel=\"category\">Siyas\u0259t<\/a>","rttpg_excerpt":"\u201cBir ne\u00e7\u0259 g\u00fcn bundan \u0259vv\u0259l \u00f6lk\u0259miz n\u00f6vb\u0259ti b\u00f6y\u00fck u\u011fura imza atm\u0131\u015fd\u0131r, COP29 beyn\u0259lxalq konfrans Az\u0259rbaycanda, Bak\u0131da ke\u00e7iril\u0259c\u0259k. Bu q\u0259rar\u0131 b\u00fct\u00fcn d\u00fcnya \u00f6lk\u0259l\u0259ri bir ne\u00e7\u0259 g\u00fcn bundan \u0259vv\u0259l q\u0259bul etmi\u015fdir v\u0259 bel\u0259likl\u0259, Az\u0259rbaycana n\u00f6vb\u0259ti d\u0259f\u0259 b\u00f6y\u00fck etimad v\u0259 b\u00f6y\u00fck h\u00f6rm\u0259t g\u00f6st\u0259rilmi\u015fdir\u201d. AZ\u018fRTAC\u00a0x\u0259b\u0259r verir ki, bu fikri Az\u0259rbaycan Prezidenti\u00a0\u0130lham \u018fliyev\u00a0dekabr\u0131n 15-d\u0259 BMT-nin \u0130qlim D\u0259yi\u015fikliyi \u00fczr\u0259 \u00c7\u0259r\u00e7iv\u0259 Konvensiyas\u0131n\u0131n&hellip;","_links":{"self":[{"href":"https:\/\/arantv.az\/index.php?rest_route=\/wp\/v2\/posts\/669215"}],"collection":[{"href":"https:\/\/arantv.az\/index.php?rest_route=\/wp\/v2\/posts"}],"about":[{"href":"https:\/\/arantv.az\/index.php?rest_route=\/wp\/v2\/types\/post"}],"author":[{"embeddable":true,"href":"https:\/\/arantv.az\/index.php?rest_route=\/wp\/v2\/users\/2"}],"replies":[{"embeddable":true,"href":"https:\/\/arantv.az\/index.php?rest_route=%2Fwp%2Fv2%2Fcomments&post=669215"}],"version-history":[{"count":0,"href":"https:\/\/arantv.az\/index.php?rest_route=\/wp\/v2\/posts\/669215\/revisions"}],"wp:featuredmedia":[{"embeddable":true,"href":"https:\/\/arantv.az\/index.php?rest_route=\/wp\/v2\/media\/669222"}],"wp:attachment":[{"href":"https:\/\/arantv.az\/index.php?rest_route=%2Fwp%2Fv2%2Fmedia&parent=669215"}],"wp:term":[{"taxonomy":"category","embeddable":true,"href":"https:\/\/arantv.az\/index.php?rest_route=%2Fwp%2Fv2%2Fcategories&post=669215"},{"taxonomy":"post_tag","embeddable":true,"href":"https:\/\/arantv.az\/index.php?rest_route=%2Fwp%2Fv2%2Ftags&post=669215"}],"curies":[{"name":"wp","href":"https:\/\/api.w.org\/{rel}","templated":true}]}}