{"id":669218,"date":"2023-12-15T13:12:36","date_gmt":"2023-12-15T09:12:36","guid":{"rendered":"https:\/\/arantv.az\/?p=669218"},"modified":"2023-12-15T13:12:36","modified_gmt":"2023-12-15T09:12:36","slug":"ilham-%c9%99liyev-cop29-un-g%c9%99l%c9%99n-il-olk%c9%99mizd%c9%99-kecirilm%c9%99si-bar%c9%99d%c9%99-q%c9%99rarin-%c9%99h%c9%99miyy%c9%99tind%c9%99n-danisdi","status":"publish","type":"post","link":"https:\/\/arantv.az\/?p=669218","title":{"rendered":"\u0130lham \u018fliyev COP29-un g\u0259l\u0259n il \u00f6lk\u0259mizd\u0259 ke\u00e7irilm\u0259si bar\u0259d\u0259 q\u0259rar\u0131n \u0259h\u0259miyy\u0259tind\u0259n dan\u0131\u015fd\u0131"},"content":{"rendered":"<p>\u201cBizim m\u00fcst\u0259qil siyas\u0259timiz, prinsipial m\u00f6vqeyimiz, beyn\u0259lxalq h\u00fcquqa ba\u011fl\u0131l\u0131\u011f\u0131m\u0131z, s\u0259daq\u0259timiz v\u0259 eyni zamanda, \u00f6lk\u0259 \u0259razisind\u0259 suverenliyin b\u0259rpa edilm\u0259si biz\u0259 olan h\u00f6rm\u0259ti daha da art\u0131rd\u0131\u201d.<\/p>\n<p><a href=\"https:\/\/azertag.az\/xeber\/azerbaycan_prezidenti_olke_erazisinde_suverenliyin_berpa_edilmesi_bize_olan_hormeti_daha_da_artirdi-2852243\" target=\"_blank\" rel=\"noopener\">AZ\u018fRTAC<\/a>\u00a0x\u0259b\u0259r verir ki, bu fikri Az\u0259rbaycan Prezidenti\u00a0<strong>\u0130lham \u018fliyev<\/strong>\u00a0dekabr\u0131n 15-d\u0259 BMT-nin \u0130qlim D\u0259yi\u015fikliyi \u00fczr\u0259 \u00c7\u0259r\u00e7iv\u0259 Konvensiyas\u0131n\u0131n T\u0259r\u0259fl\u0259r Konfrans\u0131n\u0131n 29-cu sessiyas\u0131n\u0131n &#8211; COP29-un g\u0259l\u0259n il \u00f6lk\u0259mizd\u0259 ke\u00e7irilm\u0259si il\u0259 \u0259laq\u0259dar ke\u00e7iril\u0259n m\u00fc\u015favir\u0259d\u0259 deyib.<\/p>\n<p>COP29-un g\u0259l\u0259n il \u00f6lk\u0259mizd\u0259 ke\u00e7irilm\u0259si bar\u0259d\u0259 q\u0259rar\u0131n \u0259h\u0259miyy\u0259tin\u0259 toxunan d\u00f6vl\u0259timizin ba\u015f\u00e7\u0131s\u0131 vur\u011fulay\u0131b:<\/p>\n<p>\u201cBu hadis\u0259nin \u00f6n\u0259mi, o c\u00fcml\u0259d\u0259n ondad\u0131r ki, bu q\u0259rar antiterror \u0259m\u0259liyyat\u0131ndan iki ay yar\u0131m sonra q\u0259bul olunmu\u015fdur v\u0259 bel\u0259likl\u0259, bir daha b\u00fct\u00fcn d\u00fcnya ictimaiyy\u0259ti Az\u0259rbaycana \u00f6z d\u0259st\u0259yini ifad\u0259 etmi\u015fdir. Onu da bildirm\u0259liy\u0259m ki, Bak\u0131da COP29 konfrans\u0131n\u0131n ke\u00e7irilm\u0259si beyn\u0259lxalq al\u0259min h\u0259r bir \u00fczv\u00fcn\u00fcn raz\u0131l\u0131\u011f\u0131 il\u0259 m\u00fcmk\u00fcn olmu\u015fdur. Y\u0259ni, burada yekdil m\u00f6vqe bir daha \u00f6z\u00fcn\u00fc g\u00f6st\u0259rdi\u201d.<\/p>\n","protected":false},"excerpt":{"rendered":"<p>\u201cBizim m\u00fcst\u0259qil siyas\u0259timiz, prinsipial m\u00f6vqeyimiz, beyn\u0259lxalq h\u00fcquqa ba\u011fl\u0131l\u0131\u011f\u0131m\u0131z, s\u0259daq\u0259timiz v\u0259 eyni zamanda, \u00f6lk\u0259 \u0259razisind\u0259 suverenliyin b\u0259rpa edilm\u0259si biz\u0259 olan h\u00f6rm\u0259ti daha da art\u0131rd\u0131\u201d. AZ\u018fRTAC\u00a0x\u0259b\u0259r verir ki, bu fikri Az\u0259rbaycan Prezidenti\u00a0\u0130lham \u018fliyev\u00a0dekabr\u0131n 15-d\u0259 BMT-nin \u0130qlim D\u0259yi\u015fikliyi \u00fczr\u0259 \u00c7\u0259r\u00e7iv\u0259 Konvensiyas\u0131n\u0131n T\u0259r\u0259fl\u0259r Konfrans\u0131n\u0131n 29-cu sessiyas\u0131n\u0131n &#8211; COP29-un g\u0259l\u0259n il \u00f6lk\u0259mizd\u0259 ke\u00e7irilm\u0259si il\u0259 \u0259laq\u0259dar ke\u00e7iril\u0259n m\u00fc\u015favir\u0259d\u0259 deyib. COP29-un g\u0259l\u0259n il \u00f6lk\u0259mizd\u0259 ke\u00e7irilm\u0259si bar\u0259d\u0259 q\u0259rar\u0131n \u0259h\u0259miyy\u0259tin\u0259 toxunan d\u00f6vl\u0259timizin ba\u015f\u00e7\u0131s\u0131 vur\u011fulay\u0131b: \u201cBu hadis\u0259nin \u00f6n\u0259mi, o c\u00fcml\u0259d\u0259n ondad\u0131r ki, bu q\u0259rar antiterror \u0259m\u0259liyyat\u0131ndan iki ay yar\u0131m sonra q\u0259bul olunmu\u015fdur v\u0259 bel\u0259likl\u0259, bir daha b\u00fct\u00fcn d\u00fcnya ictimaiyy\u0259ti Az\u0259rbaycana&hellip;<\/p>\n","protected":false},"author":2,"featured_media":669219,"comment_status":"closed","ping_status":"closed","sticky":false,"template":"","format":"standard","meta":{"om_disable_all_campaigns":false,"_monsterinsights_skip_tracking":false,"_monsterinsights_sitenote_active":false,"_monsterinsights_sitenote_note":"","_monsterinsights_sitenote_category":0},"categories":[4],"tags":[],"aioseo_notices":[],"gutentor_comment":0,"rttpg_featured_image_url":{"full":["https:\/\/arantv.az\/wp-content\/uploads\/2023\/12\/17026258246107844939_1200x630.jpg",620,413,false],"landscape":["https:\/\/arantv.az\/wp-content\/uploads\/2023\/12\/17026258246107844939_1200x630.jpg",620,413,false],"portraits":["https:\/\/arantv.az\/wp-content\/uploads\/2023\/12\/17026258246107844939_1200x630.jpg",620,413,false],"thumbnail":["https:\/\/arantv.az\/wp-content\/uploads\/2023\/12\/17026258246107844939_1200x630-500x280.jpg",500,280,true],"medium":["https:\/\/arantv.az\/wp-content\/uploads\/2023\/12\/17026258246107844939_1200x630-548x365.jpg",548,365,true],"large":["https:\/\/arantv.az\/wp-content\/uploads\/2023\/12\/17026258246107844939_1200x630.jpg",620,413,false],"1536x1536":["https:\/\/arantv.az\/wp-content\/uploads\/2023\/12\/17026258246107844939_1200x630.jpg",620,413,false],"2048x2048":["https:\/\/arantv.az\/wp-content\/uploads\/2023\/12\/17026258246107844939_1200x630.jpg",620,413,false],"post-thumbnail":["https:\/\/arantv.az\/wp-content\/uploads\/2023\/12\/17026258246107844939_1200x630-240x172.jpg",240,172,true],"advps-thumb-one":["https:\/\/arantv.az\/wp-content\/uploads\/2023\/12\/17026258246107844939_1200x630.jpg",620,413,false]},"rttpg_author":{"display_name":"V\u00fcsal Rafiqo\u011flu","author_link":"https:\/\/arantv.az\/?author=2"},"rttpg_comment":0,"rttpg_category":"<a href=\"https:\/\/arantv.az\/?cat=4\" rel=\"category\">Siyas\u0259t<\/a>","rttpg_excerpt":"\u201cBizim m\u00fcst\u0259qil siyas\u0259timiz, prinsipial m\u00f6vqeyimiz, beyn\u0259lxalq h\u00fcquqa ba\u011fl\u0131l\u0131\u011f\u0131m\u0131z, s\u0259daq\u0259timiz v\u0259 eyni zamanda, \u00f6lk\u0259 \u0259razisind\u0259 suverenliyin b\u0259rpa edilm\u0259si biz\u0259 olan h\u00f6rm\u0259ti daha da art\u0131rd\u0131\u201d. AZ\u018fRTAC\u00a0x\u0259b\u0259r verir ki, bu fikri Az\u0259rbaycan Prezidenti\u00a0\u0130lham \u018fliyev\u00a0dekabr\u0131n 15-d\u0259 BMT-nin \u0130qlim D\u0259yi\u015fikliyi \u00fczr\u0259 \u00c7\u0259r\u00e7iv\u0259 Konvensiyas\u0131n\u0131n T\u0259r\u0259fl\u0259r Konfrans\u0131n\u0131n 29-cu sessiyas\u0131n\u0131n &#8211; COP29-un g\u0259l\u0259n il \u00f6lk\u0259mizd\u0259 ke\u00e7irilm\u0259si il\u0259 \u0259laq\u0259dar ke\u00e7iril\u0259n m\u00fc\u015favir\u0259d\u0259 deyib. COP29-un g\u0259l\u0259n&hellip;","_links":{"self":[{"href":"https:\/\/arantv.az\/index.php?rest_route=\/wp\/v2\/posts\/669218"}],"collection":[{"href":"https:\/\/arantv.az\/index.php?rest_route=\/wp\/v2\/posts"}],"about":[{"href":"https:\/\/arantv.az\/index.php?rest_route=\/wp\/v2\/types\/post"}],"author":[{"embeddable":true,"href":"https:\/\/arantv.az\/index.php?rest_route=\/wp\/v2\/users\/2"}],"replies":[{"embeddable":true,"href":"https:\/\/arantv.az\/index.php?rest_route=%2Fwp%2Fv2%2Fcomments&post=669218"}],"version-history":[{"count":0,"href":"https:\/\/arantv.az\/index.php?rest_route=\/wp\/v2\/posts\/669218\/revisions"}],"wp:featuredmedia":[{"embeddable":true,"href":"https:\/\/arantv.az\/index.php?rest_route=\/wp\/v2\/media\/669219"}],"wp:attachment":[{"href":"https:\/\/arantv.az\/index.php?rest_route=%2Fwp%2Fv2%2Fmedia&parent=669218"}],"wp:term":[{"taxonomy":"category","embeddable":true,"href":"https:\/\/arantv.az\/index.php?rest_route=%2Fwp%2Fv2%2Fcategories&post=669218"},{"taxonomy":"post_tag","embeddable":true,"href":"https:\/\/arantv.az\/index.php?rest_route=%2Fwp%2Fv2%2Ftags&post=669218"}],"curies":[{"name":"wp","href":"https:\/\/api.w.org\/{rel}","templated":true}]}}