{"id":669221,"date":"2023-12-15T13:13:58","date_gmt":"2023-12-15T09:13:58","guid":{"rendered":"https:\/\/arantv.az\/?p=669221"},"modified":"2023-12-15T13:13:58","modified_gmt":"2023-12-15T09:13:58","slug":"cop29-la-%c9%99laq%c9%99dar-ilham-%c9%99liyevin-s%c9%99drliyi-il%c9%99-musavir%c9%99-kecirilib-yenil%c9%99nib-foto","status":"publish","type":"post","link":"https:\/\/arantv.az\/?p=669221","title":{"rendered":"COP29-la \u0259laq\u0259dar \u0130lham \u018fliyevin s\u0259drliyi il\u0259 m\u00fc\u015favir\u0259 ke\u00e7irilib &#8211; YEN\u0130L\u018fN\u0130B + FOTO"},"content":{"rendered":"<p>Dekabr\u0131n 15-d\u0259 BMT-nin \u0130qlim D\u0259yi\u015fikliyi \u00fczr\u0259 \u00c7\u0259r\u00e7iv\u0259 Konvensiyas\u0131n\u0131n T\u0259r\u0259fl\u0259r Konfrans\u0131n\u0131n 29-cu sessiyas\u0131n\u0131n &#8211; COP29-un g\u0259l\u0259n il \u00f6lk\u0259mizd\u0259 ke\u00e7irilm\u0259si il\u0259 \u0259laq\u0259dar Az\u0259rbaycan Respublikas\u0131n\u0131n Prezidenti\u00a0<strong>\u0130lham \u018fliyevin<\/strong>\u00a0s\u0259drliyi il\u0259 m\u00fc\u015favir\u0259 ke\u00e7irilib.<\/p>\n<p><a href=\"https:\/\/azertag.az\/xeber\/cop29_un_gelen_il_olkemizde_kechirilmesi_ile_elaqedar_prezident_ilham_eliyevin_sedrliyi_ile_musavire_kechirilib_yenilenib_video-2851934\" target=\"_blank\" rel=\"noopener\">AZ\u018fRTAC<\/a>\u00a0x\u0259b\u0259r verir ki, d\u00f6vl\u0259timizin ba\u015f\u00e7\u0131s\u0131 m\u00fc\u015favir\u0259d\u0259 \u00e7\u0131x\u0131\u015f edib:<\/p>\n<p>\u201cBir ne\u00e7\u0259 g\u00fcn bundan \u0259vv\u0259l \u00f6lk\u0259miz n\u00f6vb\u0259ti b\u00f6y\u00fck u\u011fura imza atm\u0131\u015fd\u0131r, COP29 beyn\u0259lxalq konfrans Az\u0259rbaycanda, Bak\u0131da ke\u00e7iril\u0259c\u0259k. Bu q\u0259rar\u0131 b\u00fct\u00fcn d\u00fcnya \u00f6lk\u0259l\u0259ri bir ne\u00e7\u0259 g\u00fcn bundan \u0259vv\u0259l q\u0259bul etmi\u015fdir v\u0259 bel\u0259likl\u0259, Az\u0259rbaycana n\u00f6vb\u0259ti d\u0259f\u0259 b\u00f6y\u00fck etimad v\u0259 b\u00f6y\u00fck h\u00f6rm\u0259t g\u00f6st\u0259rilmi\u015fdir. Biz buna layiqik, biz apard\u0131\u011f\u0131m\u0131z siyas\u0259t n\u0259tic\u0259sind\u0259 d\u00fcnya miqyas\u0131nda \u00e7ox g\u00fccl\u00fc m\u00f6vqel\u0259r\u0259 sahib olmu\u015fuq. Az\u0259rbaycana beyn\u0259lxalq al\u0259md\u0259 olan h\u00f6rm\u0259t g\u00fcnb\u0259g\u00fcn art\u0131r v\u0259 biz bu h\u00f6rm\u0259ti \u00f6z \u0259m\u0259limizl\u0259, i\u015fimizl\u0259, siyas\u0259timizl\u0259 qazanm\u0131\u015f\u0131q. Bizim m\u00fcst\u0259qil siyas\u0259timiz, prinsipial m\u00f6vqeyimiz, beyn\u0259lxalq h\u00fcquqa ba\u011fl\u0131l\u0131\u011f\u0131m\u0131z, s\u0259daq\u0259timiz v\u0259 eyni zamanda, \u00f6lk\u0259 \u0259razisind\u0259 suverenliyin b\u0259rpa edilm\u0259si biz\u0259 olan h\u00f6rm\u0259ti daha da art\u0131rd\u0131.<\/p>\n<p>Bu hadis\u0259nin \u00f6n\u0259mi, o c\u00fcml\u0259d\u0259n ondad\u0131r ki, bu q\u0259rar antiterror \u0259m\u0259liyyat\u0131ndan iki ay yar\u0131m sonra q\u0259bul olunmu\u015fdur v\u0259 bel\u0259likl\u0259, bir daha b\u00fct\u00fcn d\u00fcnya ictimaiyy\u0259ti Az\u0259rbaycana \u00f6z d\u0259st\u0259yini ifad\u0259 etmi\u015fdir. Onu da bildirm\u0259liy\u0259m ki, Bak\u0131da COP29 konfrans\u0131n\u0131n ke\u00e7irilm\u0259si beyn\u0259lxalq al\u0259min h\u0259r bir \u00fczv\u00fcn\u00fcn raz\u0131l\u0131\u011f\u0131 il\u0259 m\u00fcmk\u00fcn olmu\u015fdur. Y\u0259ni, burada yekdil m\u00f6vqe bir daha \u00f6z\u00fcn\u00fc g\u00f6st\u0259rdi.<\/p>\n<p>D\u00fczd\u00fcr, antiterror \u0259m\u0259liyyat\u0131ndan sonra b\u0259zi Q\u0259rb \u00f6lk\u0259l\u0259ri Az\u0259rbaycana \u0259sass\u0131z ittihamlar ir\u0259li s\u00fcrm\u00fc\u015fd\u00fcr. Biz\u0259 qar\u015f\u0131 ir\u0259li s\u00fcr\u00fclm\u00fc\u015f bu ittihamlar\u0131n he\u00e7 bir \u0259sas\u0131 yoxdur. \u00c7\u00fcnki Az\u0259rbaycan \u00f6z suveren \u0259razisind\u0259 separat\u00e7\u0131l\u0131\u011fa qar\u015f\u0131, i\u015f\u011fal\u00e7\u0131lara qar\u015f\u0131 antiterror \u0259m\u0259liyyat\u0131 ke\u00e7ir\u0259r\u0259k beyn\u0259lxalq h\u00fcququn aliliyini \u00f6z\u00fc bir daha t\u0259min etmi\u015fdir v\u0259 eyni zamanda, b\u00fct\u00fcn humanitar normalara riay\u0259t ed\u0259r\u0259k \u00f6z suverenliyini b\u0259rpa etmi\u015fdir. B\u0259zi Q\u0259rb \u00f6lk\u0259l\u0259ri, onlar\u0131n aras\u0131nda t\u0259bii ki, \u0259n\u0259n\u0259vi olaraq Fransa bununla bar\u0131\u015fmaq fikrind\u0259 deyil. Halbuki art\u0131q beyn\u0259lxalq birlik d\u0259 g\u00f6r\u00fcr ki, h\u0259tta Erm\u0259nistan bu v\u0259ziyy\u0259tl\u0259 bar\u0131\u015f\u0131b v\u0259 COP29 konfrans\u0131n\u0131n ke\u00e7irilm\u0259si bunu bir daha g\u00f6st\u0259rir. Ancaq Fransada b\u0259zi siyasi liderl\u0259r erm\u0259nil\u0259rd\u0259n daha \u00e7ox erm\u0259ni olma\u011fa \u00e7al\u0131\u015f\u0131rlar. Ancaq onlar da bu v\u0259ziyy\u0259tl\u0259 bar\u0131\u015fma\u011fa m\u0259cbur olacaqlar.<\/p>\n<p>Bir d\u0259 b\u0259zi hallarda beyn\u0259lxalq al\u0259m, beyn\u0259lxalq birlik anlay\u0131\u015f\u0131 Q\u0259rbd\u0259 t\u0259hrif edilir. Beyn\u0259lxalq birlik 30-40 \u00f6lk\u0259 deyil. Beyn\u0259lxalq birlik d\u00fcnyan\u0131n b\u00fct\u00fcn \u00f6lk\u0259l\u0259ridir v\u0259 bu \u00f6lk\u0259l\u0259r yekdillikl\u0259 Az\u0259rbaycana \u00f6z b\u00f6y\u00fck d\u0259st\u0259yini g\u00f6st\u0259rmi\u015fdir. Bu, birinci d\u0259f\u0259 deyil. Biz Qo\u015fulmama H\u0259r\u0259kat\u0131na d\u00f6rd il \u0259rzind\u0259 u\u011furla s\u0259drlik edirik v\u0259 burada da bizim s\u0259drliyimiz 120 \u00f6lk\u0259nin d\u0259st\u0259yi il\u0259 m\u00fcmk\u00fcn olmu\u015fdur, h\u0259tta s\u0259drliyimiz bir il uzad\u0131lm\u0131\u015fd\u0131r. Bu, art\u0131q b\u00f6y\u00fck bir g\u00f6st\u0259rici idi. D\u00fcnyan\u0131n 120 \u00f6lk\u0259si Az\u0259rbaycana \u00f6z d\u0259st\u0259yini ifad\u0259 etmi\u015fdir. Bu d\u0259f\u0259 is\u0259 b\u00fct\u00fcn d\u00fcnya \u00f6lk\u0259l\u0259ri bu d\u0259st\u0259yi g\u00f6st\u0259rmi\u015fdir.<\/p>\n<p>\u0130rimiqyasl\u0131 beyn\u0259lxalq t\u0259dbirl\u0259rin ke\u00e7irilm\u0259si t\u0259bii ki, \u00fcz\u0259rimiz\u0259 b\u00f6y\u00fck m\u0259suliyy\u0259t qoyur. Ancaq biz bu g\u00fcn\u0259 q\u0259d\u0259r bir \u00e7ox beyn\u0259lxalq t\u0259dbirl\u0259r ke\u00e7irmi\u015fik. H\u0259tta bu il Beyn\u0259lxalq Astronavtika Konqresini b\u00f6y\u00fck m\u00fcv\u0259ff\u0259qiyy\u0259tl\u0259 ke\u00e7irmi\u015fik. Onu da h\u0259r k\u0259s bilir ki, bu m\u00f6t\u0259b\u0259r beyn\u0259lxalq t\u0259dbir ikinci d\u0259f\u0259 Bak\u0131 \u015f\u0259h\u0259rind\u0259 ke\u00e7irilib. 50 il bundan \u0259vv\u0259l sovet Az\u0259rbaycan\u0131n\u0131n paytaxt\u0131 olan Bak\u0131da, bu il is\u0259 m\u00fcst\u0259qil Az\u0259rbaycan\u0131n paytaxt\u0131 olan Bak\u0131da bu t\u0259dbir ke\u00e7irilmi\u015fdir. Ancaq t\u0259bii ki, COP29 bu vaxta q\u0259d\u0259r ke\u00e7irilmi\u015f t\u0259dbirl\u0259rl\u0259 m\u00fcqayis\u0259y\u0259 g\u0259lmir. H\u0259tta Avropa Oyunlar\u0131n\u0131 xat\u0131rlasaq, o vaxt 5 min idman\u00e7\u0131 v\u0259 onlar\u0131 m\u00fc\u015fayi\u0259t ed\u0259n t\u0259qrib\u0259n 3 min qonaq g\u0259lmi\u015fdir. Ancaq COP29-da 10 minl\u0259rl\u0259 xarici n\u00fcmay\u0259nd\u0259 \u00f6lk\u0259miz\u0259 g\u0259l\u0259c\u0259k, iki h\u0259ft\u0259 \u0259rzind\u0259 Bak\u0131 d\u00fcnyan\u0131n m\u0259rk\u0259zi olacaq. M\u00fc\u0259yy\u0259n ehtimallara g\u00f6r\u0259, t\u0259qrib\u0259n 70-80 min xarici qonaq bu m\u00fcdd\u0259t \u0259rzind\u0259 \u00f6lk\u0259mizd\u0259 olacaq.<\/p>\n<p>Hesab edir\u0259m ki, COP29 d\u00fcnyada \u0259n m\u00f6t\u0259b\u0259r beyn\u0259lxalq t\u0259dbirl\u0259rd\u0259n biridir. \u00d6lk\u0259l\u0259rin t\u0259msil\u00e7iliyi n\u00f6qteyi-n\u0259z\u0259rind\u0259n BMT Ba\u015f Assambleyas\u0131ndan geri qalm\u0131r. Ona g\u00f6r\u0259 biz d\u0259rhal b\u00fct\u00fcn haz\u0131rl\u0131q i\u015fl\u0259rin\u0259 start verm\u0259liyik. Bizim vaxt\u0131m\u0131z o q\u0259d\u0259r d\u0259 \u00e7ox deyil, 11 aydan az vaxt\u0131m\u0131z var. Ona g\u00f6r\u0259 m\u0259n hesab etdim ki, birinci m\u00fc\u015favir\u0259ni \u00f6z s\u0259drliyiml\u0259 ke\u00e7irim, b\u00fct\u00fcn laz\u0131mi tap\u015f\u0131r\u0131qlar\u0131 verim. Bu tap\u015f\u0131r\u0131qlar\u0131n yerin\u0259 yetirilm\u0259si bar\u0259d\u0259 m\u00fcnt\u0259z\u0259m olaraq m\u0259n\u0259 m\u0259lumat veril\u0259c\u0259k.<\/p>\n<p>M\u0259n \u015f\u00fcbh\u0259 etmir\u0259m ki, COP29 beyn\u0259lxalq konfrans\u0131n\u0131 da biz y\u00fcks\u0259k s\u0259viyy\u0259d\u0259 ke\u00e7ir\u0259c\u0259yik, bu, \u00f6lk\u0259mizin, xalq\u0131m\u0131z\u0131n n\u00f6vb\u0259ti b\u00f6y\u00fck u\u011furu olacaq. Eyni zamanda, Az\u0259rbaycan neft-qaz \u00f6lk\u0259si kimi bu sah\u0259d\u0259 d\u0259 \u00f6z\u00fcn\u00fc g\u00f6st\u0259r\u0259c\u0259kdir v\u0259 d\u00fcnyada h\u0259r k\u0259s bir daha g\u00f6r\u0259c\u0259k ki, bizim g\u00fcnd\u0259liyimiz ya\u015f\u0131l enerji il\u0259 ba\u011fl\u0131d\u0131r. Ya\u015f\u0131l enerji n\u00f6vl\u0259rinin yarad\u0131lmas\u0131 v\u0259 ya\u015f\u0131l enerjinin d\u00fcnya bazarlar\u0131na n\u0259qli haz\u0131rda bizim enerji siyas\u0259timizin prioritetidir. Bu, reall\u0131qd\u0131r v\u0259 b\u00fct\u00fcn d\u00fcnya bunu bir daha g\u00f6r\u0259c\u0259k\u201d.<\/p>\n<p><strong>11:40<\/strong><\/p>\n<p>Dekabr\u0131n 15-d\u0259 BMT-nin \u0130qlim D\u0259yi\u015fikliyi \u00fczr\u0259 \u00c7\u0259r\u00e7iv\u0259 Konvensiyas\u0131n\u0131n T\u0259r\u0259fl\u0259r Konfrans\u0131n\u0131n 29-cu sessiyas\u0131n\u0131n &#8211; COP29-un g\u0259l\u0259n il \u00f6lk\u0259mizd\u0259 ke\u00e7irilm\u0259si il\u0259 \u0259laq\u0259dar Az\u0259rbaycan Respublikas\u0131n\u0131n Prezidenti\u00a0<strong>\u0130lham \u018fliyevin<\/strong>\u00a0s\u0259drliyi il\u0259 m\u00fc\u015favir\u0259 ke\u00e7irilib.<\/p>\n<p>Bununla ba\u011fl\u0131\u00a0<a href=\"https:\/\/azertag.az\/xeber\/cop29_un_gelen_il_olkemizde_kechirilmesi_ile_elaqedar_prezident_ilham_eliyevin_sedrliyi_ile_musavire_kechirilib_yenilenecek-2851934\" target=\"_blank\" rel=\"noopener\">AZ\u018fRTAC<\/a>\u00a0m\u0259lumat yay\u0131b.<\/p>\n<p>&nbsp;<\/p>\n<div class=\"gallery\">\n<div class=\"gallery-i\"><img src=\"https:\/\/cdn.oxu.az\/uploads\/W1siZiIsIjIwMjMvMTIvMTUvMTEvNDIvNDIvMjg3MjY1MWMtNDU5Mi00ODc5LWExN2EtZWJlNjZkMDcwYTFmLzEuanBnIl0sWyJwIiwiZW5jb2RlIiwianBnIiwiLXF1YWxpdHkgODAiXSxbInAiLCJ0aHVtYiIsIjU5MHg1OTBcdTAwM2UiXV0?sha=ea96112c4b418da2\" alt=\"\" \/><\/p>\n<div class=\"gallery-i-caption\"><\/div>\n<\/div>\n<div class=\"gallery-i\"><img src=\"https:\/\/cdn.oxu.az\/uploads\/W1siZiIsIjIwMjMvMTIvMTUvMTEvNDIvNDIvNGEyMmUxMjEtZDMwNC00YjU4LTk5MzQtMDkyNTU5NjE3ZjIwLzMuanBnIl0sWyJwIiwiZW5jb2RlIiwianBnIiwiLXF1YWxpdHkgODAiXSxbInAiLCJ0aHVtYiIsIjU5MHg1OTBcdTAwM2UiXV0?sha=f40b9976f00d88c3\" alt=\"\" \/><\/p>\n<div class=\"gallery-i-caption\"><\/div>\n<\/div>\n<div class=\"gallery-i\"><img src=\"https:\/\/cdn.oxu.az\/uploads\/W1siZiIsIjIwMjMvMTIvMTUvMTEvNDIvNDIvZTNjMzk0NDktYmQ0OC00ZWI3LWI3MDktYjY2OWY2NjBhOTg0LzQuanBnIl0sWyJwIiwiZW5jb2RlIiwianBnIiwiLXF1YWxpdHkgODAiXSxbInAiLCJ0aHVtYiIsIjU5MHg1OTBcdTAwM2UiXV0?sha=eee785c7a64f5855\" alt=\"\" \/><\/div>\n<\/div>\n","protected":false},"excerpt":{"rendered":"<p>Dekabr\u0131n 15-d\u0259 BMT-nin \u0130qlim D\u0259yi\u015fikliyi \u00fczr\u0259 \u00c7\u0259r\u00e7iv\u0259 Konvensiyas\u0131n\u0131n T\u0259r\u0259fl\u0259r Konfrans\u0131n\u0131n 29-cu sessiyas\u0131n\u0131n &#8211; COP29-un g\u0259l\u0259n il \u00f6lk\u0259mizd\u0259 ke\u00e7irilm\u0259si il\u0259 \u0259laq\u0259dar Az\u0259rbaycan Respublikas\u0131n\u0131n Prezidenti\u00a0\u0130lham \u018fliyevin\u00a0s\u0259drliyi il\u0259 m\u00fc\u015favir\u0259 ke\u00e7irilib. AZ\u018fRTAC\u00a0x\u0259b\u0259r verir ki, d\u00f6vl\u0259timizin ba\u015f\u00e7\u0131s\u0131 m\u00fc\u015favir\u0259d\u0259 \u00e7\u0131x\u0131\u015f edib: \u201cBir ne\u00e7\u0259 g\u00fcn bundan \u0259vv\u0259l \u00f6lk\u0259miz n\u00f6vb\u0259ti b\u00f6y\u00fck u\u011fura imza atm\u0131\u015fd\u0131r, COP29 beyn\u0259lxalq konfrans Az\u0259rbaycanda, Bak\u0131da ke\u00e7iril\u0259c\u0259k. Bu q\u0259rar\u0131 b\u00fct\u00fcn d\u00fcnya \u00f6lk\u0259l\u0259ri bir ne\u00e7\u0259 g\u00fcn bundan \u0259vv\u0259l q\u0259bul etmi\u015fdir v\u0259 bel\u0259likl\u0259, Az\u0259rbaycana n\u00f6vb\u0259ti d\u0259f\u0259 b\u00f6y\u00fck etimad v\u0259 b\u00f6y\u00fck h\u00f6rm\u0259t g\u00f6st\u0259rilmi\u015fdir. Biz buna layiqik, biz apard\u0131\u011f\u0131m\u0131z siyas\u0259t n\u0259tic\u0259sind\u0259 d\u00fcnya miqyas\u0131nda \u00e7ox g\u00fccl\u00fc m\u00f6vqel\u0259r\u0259 sahib olmu\u015fuq. Az\u0259rbaycana&hellip;<\/p>\n","protected":false},"author":2,"featured_media":669226,"comment_status":"closed","ping_status":"closed","sticky":false,"template":"","format":"standard","meta":{"om_disable_all_campaigns":false,"_monsterinsights_skip_tracking":false,"_monsterinsights_sitenote_active":false,"_monsterinsights_sitenote_note":"","_monsterinsights_sitenote_category":0},"categories":[4],"tags":[],"aioseo_notices":[],"gutentor_comment":0,"rttpg_featured_image_url":{"full":["https:\/\/arantv.az\/wp-content\/uploads\/2023\/12\/2-1.jpg",620,413,false],"landscape":["https:\/\/arantv.az\/wp-content\/uploads\/2023\/12\/2-1.jpg",620,413,false],"portraits":["https:\/\/arantv.az\/wp-content\/uploads\/2023\/12\/2-1.jpg",620,413,false],"thumbnail":["https:\/\/arantv.az\/wp-content\/uploads\/2023\/12\/2-1-500x280.jpg",500,280,true],"medium":["https:\/\/arantv.az\/wp-content\/uploads\/2023\/12\/2-1-548x365.jpg",548,365,true],"large":["https:\/\/arantv.az\/wp-content\/uploads\/2023\/12\/2-1.jpg",620,413,false],"1536x1536":["https:\/\/arantv.az\/wp-content\/uploads\/2023\/12\/2-1.jpg",620,413,false],"2048x2048":["https:\/\/arantv.az\/wp-content\/uploads\/2023\/12\/2-1.jpg",620,413,false],"post-thumbnail":["https:\/\/arantv.az\/wp-content\/uploads\/2023\/12\/2-1-240x172.jpg",240,172,true],"advps-thumb-one":["https:\/\/arantv.az\/wp-content\/uploads\/2023\/12\/2-1.jpg",620,413,false]},"rttpg_author":{"display_name":"V\u00fcsal Rafiqo\u011flu","author_link":"https:\/\/arantv.az\/?author=2"},"rttpg_comment":0,"rttpg_category":"<a href=\"https:\/\/arantv.az\/?cat=4\" rel=\"category\">Siyas\u0259t<\/a>","rttpg_excerpt":"Dekabr\u0131n 15-d\u0259 BMT-nin \u0130qlim D\u0259yi\u015fikliyi \u00fczr\u0259 \u00c7\u0259r\u00e7iv\u0259 Konvensiyas\u0131n\u0131n T\u0259r\u0259fl\u0259r Konfrans\u0131n\u0131n 29-cu sessiyas\u0131n\u0131n &#8211; COP29-un g\u0259l\u0259n il \u00f6lk\u0259mizd\u0259 ke\u00e7irilm\u0259si il\u0259 \u0259laq\u0259dar Az\u0259rbaycan Respublikas\u0131n\u0131n Prezidenti\u00a0\u0130lham \u018fliyevin\u00a0s\u0259drliyi il\u0259 m\u00fc\u015favir\u0259 ke\u00e7irilib. AZ\u018fRTAC\u00a0x\u0259b\u0259r verir ki, d\u00f6vl\u0259timizin ba\u015f\u00e7\u0131s\u0131 m\u00fc\u015favir\u0259d\u0259 \u00e7\u0131x\u0131\u015f edib: \u201cBir ne\u00e7\u0259 g\u00fcn bundan \u0259vv\u0259l \u00f6lk\u0259miz n\u00f6vb\u0259ti b\u00f6y\u00fck u\u011fura imza atm\u0131\u015fd\u0131r, COP29 beyn\u0259lxalq konfrans Az\u0259rbaycanda, Bak\u0131da ke\u00e7iril\u0259c\u0259k. Bu q\u0259rar\u0131 b\u00fct\u00fcn&hellip;","_links":{"self":[{"href":"https:\/\/arantv.az\/index.php?rest_route=\/wp\/v2\/posts\/669221"}],"collection":[{"href":"https:\/\/arantv.az\/index.php?rest_route=\/wp\/v2\/posts"}],"about":[{"href":"https:\/\/arantv.az\/index.php?rest_route=\/wp\/v2\/types\/post"}],"author":[{"embeddable":true,"href":"https:\/\/arantv.az\/index.php?rest_route=\/wp\/v2\/users\/2"}],"replies":[{"embeddable":true,"href":"https:\/\/arantv.az\/index.php?rest_route=%2Fwp%2Fv2%2Fcomments&post=669221"}],"version-history":[{"count":0,"href":"https:\/\/arantv.az\/index.php?rest_route=\/wp\/v2\/posts\/669221\/revisions"}],"wp:featuredmedia":[{"embeddable":true,"href":"https:\/\/arantv.az\/index.php?rest_route=\/wp\/v2\/media\/669226"}],"wp:attachment":[{"href":"https:\/\/arantv.az\/index.php?rest_route=%2Fwp%2Fv2%2Fmedia&parent=669221"}],"wp:term":[{"taxonomy":"category","embeddable":true,"href":"https:\/\/arantv.az\/index.php?rest_route=%2Fwp%2Fv2%2Fcategories&post=669221"},{"taxonomy":"post_tag","embeddable":true,"href":"https:\/\/arantv.az\/index.php?rest_route=%2Fwp%2Fv2%2Ftags&post=669221"}],"curies":[{"name":"wp","href":"https:\/\/api.w.org\/{rel}","templated":true}]}}