{"id":669497,"date":"2023-12-15T21:21:22","date_gmt":"2023-12-15T17:21:22","guid":{"rendered":"https:\/\/arantv.az\/?p=669497"},"modified":"2023-12-15T21:21:22","modified_gmt":"2023-12-15T17:21:22","slug":"roya-ayxan-ill%c9%99r-sonra-yeni-il-gec%c9%99si-s%c9%99hn%c9%99-alacaq","status":"publish","type":"post","link":"https:\/\/arantv.az\/?p=669497","title":{"rendered":"R\u00f6ya Ayxan ill\u0259r sonra Yeni il gec\u0259si s\u0259hn\u0259 alacaq"},"content":{"rendered":"<p>Dekabr\u0131n 30-u v\u0259 31-d\u0259, Yeni il ax\u015fam\u0131 \u201c\u015eazeli S\u0259hn\u0259\u201d restoran\u0131nda m\u00f6ht\u0259\u015f\u0259m konsert proqram\u0131 ba\u015f tutacaq.<\/p>\n<p>Bel\u0259 ki, 30-31 dekabr ill\u0259r sonra ilk d\u0259f\u0259, Az\u0259rbaycan\u0131n Xalq artisti, milyonlar\u0131n sevimlisi R\u00f6ya canl\u0131 konsert proqram\u0131 il\u0259 Yeni ilin ilk g\u00fcn\u00fcn\u00fc m\u0259hz \u201c\u015eazeli S\u0259hn\u0259\u201d d\u0259 ke\u00e7ir\u0259c\u0259k.<\/p>\n<p>Qeyd ed\u0259k ki, 31 dekabr Ayaz Babayev d\u0259 \u201c\u015eazeli S\u0259hn\u0259\u201dd\u0259 s\u0259hn\u0259 alacaq.<\/p>\n","protected":false},"excerpt":{"rendered":"<p>Dekabr\u0131n 30-u v\u0259 31-d\u0259, Yeni il ax\u015fam\u0131 \u201c\u015eazeli S\u0259hn\u0259\u201d restoran\u0131nda m\u00f6ht\u0259\u015f\u0259m konsert proqram\u0131 ba\u015f tutacaq. Bel\u0259 ki, 30-31 dekabr ill\u0259r sonra ilk d\u0259f\u0259, Az\u0259rbaycan\u0131n Xalq artisti, milyonlar\u0131n sevimlisi R\u00f6ya canl\u0131 konsert proqram\u0131 il\u0259 Yeni ilin ilk g\u00fcn\u00fcn\u00fc m\u0259hz \u201c\u015eazeli S\u0259hn\u0259\u201d d\u0259 ke\u00e7ir\u0259c\u0259k. Qeyd ed\u0259k ki, 31 dekabr Ayaz Babayev d\u0259 \u201c\u015eazeli S\u0259hn\u0259\u201dd\u0259 s\u0259hn\u0259 alacaq.<\/p>\n","protected":false},"author":2,"featured_media":669498,"comment_status":"closed","ping_status":"closed","sticky":false,"template":"","format":"standard","meta":{"om_disable_all_campaigns":false,"_monsterinsights_skip_tracking":false,"_monsterinsights_sitenote_active":false,"_monsterinsights_sitenote_note":"","_monsterinsights_sitenote_category":0},"categories":[20],"tags":[],"aioseo_notices":[],"gutentor_comment":0,"rttpg_featured_image_url":{"full":["https:\/\/arantv.az\/wp-content\/uploads\/2023\/12\/FotoJet-52-1.jpg",620,413,false],"landscape":["https:\/\/arantv.az\/wp-content\/uploads\/2023\/12\/FotoJet-52-1.jpg",620,413,false],"portraits":["https:\/\/arantv.az\/wp-content\/uploads\/2023\/12\/FotoJet-52-1.jpg",620,413,false],"thumbnail":["https:\/\/arantv.az\/wp-content\/uploads\/2023\/12\/FotoJet-52-1-500x280.jpg",500,280,true],"medium":["https:\/\/arantv.az\/wp-content\/uploads\/2023\/12\/FotoJet-52-1-548x365.jpg",548,365,true],"large":["https:\/\/arantv.az\/wp-content\/uploads\/2023\/12\/FotoJet-52-1.jpg",620,413,false],"1536x1536":["https:\/\/arantv.az\/wp-content\/uploads\/2023\/12\/FotoJet-52-1.jpg",620,413,false],"2048x2048":["https:\/\/arantv.az\/wp-content\/uploads\/2023\/12\/FotoJet-52-1.jpg",620,413,false],"post-thumbnail":["https:\/\/arantv.az\/wp-content\/uploads\/2023\/12\/FotoJet-52-1-240x172.jpg",240,172,true],"advps-thumb-one":["https:\/\/arantv.az\/wp-content\/uploads\/2023\/12\/FotoJet-52-1.jpg",620,413,false]},"rttpg_author":{"display_name":"V\u00fcsal Rafiqo\u011flu","author_link":"https:\/\/arantv.az\/?author=2"},"rttpg_comment":0,"rttpg_category":"<a href=\"https:\/\/arantv.az\/?cat=20\" rel=\"category\">\u015eou biznes<\/a>","rttpg_excerpt":"Dekabr\u0131n 30-u v\u0259 31-d\u0259, Yeni il ax\u015fam\u0131 \u201c\u015eazeli S\u0259hn\u0259\u201d restoran\u0131nda m\u00f6ht\u0259\u015f\u0259m konsert proqram\u0131 ba\u015f tutacaq. Bel\u0259 ki, 30-31 dekabr ill\u0259r sonra ilk d\u0259f\u0259, Az\u0259rbaycan\u0131n Xalq artisti, milyonlar\u0131n sevimlisi R\u00f6ya canl\u0131 konsert proqram\u0131 il\u0259 Yeni ilin ilk g\u00fcn\u00fcn\u00fc m\u0259hz \u201c\u015eazeli S\u0259hn\u0259\u201d d\u0259 ke\u00e7ir\u0259c\u0259k. Qeyd ed\u0259k ki, 31 dekabr Ayaz Babayev d\u0259 \u201c\u015eazeli S\u0259hn\u0259\u201dd\u0259 s\u0259hn\u0259 alacaq.","_links":{"self":[{"href":"https:\/\/arantv.az\/index.php?rest_route=\/wp\/v2\/posts\/669497"}],"collection":[{"href":"https:\/\/arantv.az\/index.php?rest_route=\/wp\/v2\/posts"}],"about":[{"href":"https:\/\/arantv.az\/index.php?rest_route=\/wp\/v2\/types\/post"}],"author":[{"embeddable":true,"href":"https:\/\/arantv.az\/index.php?rest_route=\/wp\/v2\/users\/2"}],"replies":[{"embeddable":true,"href":"https:\/\/arantv.az\/index.php?rest_route=%2Fwp%2Fv2%2Fcomments&post=669497"}],"version-history":[{"count":0,"href":"https:\/\/arantv.az\/index.php?rest_route=\/wp\/v2\/posts\/669497\/revisions"}],"wp:featuredmedia":[{"embeddable":true,"href":"https:\/\/arantv.az\/index.php?rest_route=\/wp\/v2\/media\/669498"}],"wp:attachment":[{"href":"https:\/\/arantv.az\/index.php?rest_route=%2Fwp%2Fv2%2Fmedia&parent=669497"}],"wp:term":[{"taxonomy":"category","embeddable":true,"href":"https:\/\/arantv.az\/index.php?rest_route=%2Fwp%2Fv2%2Fcategories&post=669497"},{"taxonomy":"post_tag","embeddable":true,"href":"https:\/\/arantv.az\/index.php?rest_route=%2Fwp%2Fv2%2Ftags&post=669497"}],"curies":[{"name":"wp","href":"https:\/\/api.w.org\/{rel}","templated":true}]}}