{"id":669522,"date":"2023-12-16T09:12:01","date_gmt":"2023-12-16T05:12:01","guid":{"rendered":"https:\/\/arantv.az\/?p=669522"},"modified":"2023-12-16T09:12:01","modified_gmt":"2023-12-16T05:12:01","slug":"m%c9%99sgulluq-ucun-aldigi-in%c9%99k-gunl%c9%99r-sonra-t%c9%99l%c9%99f-oldu-video","status":"publish","type":"post","link":"https:\/\/arantv.az\/?p=669522","title":{"rendered":"M\u0259\u015f\u011fulluq \u00fc\u00e7\u00fcn ald\u0131\u011f\u0131 in\u0259k g\u00fcnl\u0259r sonra T\u018fL\u018fF OLDU &#8211; V\u0130DEO"},"content":{"rendered":"<article class=\"news\">\n<div class=\"news-inner\">\n<p>M\u0259\u015f\u011fullluq \u00fc\u00e7\u00fcn ald\u0131\u011f\u0131 in\u0259k 12 g\u00fcn sonra t\u0259l\u0259f olub.<\/p>\n<p>Xezerxeber.az-\u0131n m\u0259lumat\u0131na g\u00f6r\u0259,\u00a0Z\u0259rdab rayon Qoruqba\u011f\u0131 k\u0259nd sakini Amil M\u0259mm\u0259dov \u00f6z\u00fcn\u00fcm\u0259\u015f\u011fulluq proqram\u0131ndan yararlanmaq \u00fc\u00e7\u00fcn m\u00fcraci\u0259t ed\u0259n y\u00fczl\u0259rl\u0259 sakind\u0259n biridir.<\/p>\n<p>O, 2021-ci ilin noyabr\u0131nda m\u00fcraci\u0259t ed\u0259r\u0259k \u00f6z n\u00f6vb\u0259sini g\u00f6zl\u0259yib.<\/p>\n<p>Proqram\u0131n qaydalar\u0131na uy\u011fun olaraq Amil M\u0259mm\u0259dova iki ilin tamam\u0131nda \u00fc\u00e7 ba\u015f in\u0259k verilib.<\/p>\n<p>T\u0259s\u0259rr\u00fcfat sahibinin s\u00f6zl\u0259rin\u0259 g\u00f6r\u0259, in\u0259kl\u0259ri g\u0259tir\u0259n g\u00fcnd\u0259n bir ba\u015f\u0131n\u0131n x\u0259st\u0259 olmas\u0131 il\u0259 ba\u011fl\u0131 aidiyyat\u0131 \u00fczr\u0259 m\u0259lumat verib.<\/p>\n<p>T\u0259s\u0259rr\u00fcfat sahibinin s\u00f6zl\u0259rin\u0259 g\u00f6r\u0259, in\u0259kl\u0259r\u0259 bax\u0131\u015f ke\u00e7ir\u0259n baytar h\u0259kim in\u0259yin yem n\u0259tic\u0259sind\u0259 t\u0259l\u0259f oldu\u011funu deyir.<\/p>\n<p>\u018ftrafl\u0131 s\u00fcjetd\u0259:<\/p>\n<div><iframe loading=\"lazy\" title=\"YouTube video player\" src=\"https:\/\/www.youtube.com\/embed\/VpTQnBv8QmQ?si=UdGGW0q94Tw1D_ix\" width=\"560\" height=\"315\" frameborder=\"0\" allowfullscreen=\"allowfullscreen\" data-mce-fragment=\"1\"><\/iframe><\/div>\n<\/div>\n<\/article>\n","protected":false},"excerpt":{"rendered":"<p>M\u0259\u015f\u011fullluq \u00fc\u00e7\u00fcn ald\u0131\u011f\u0131 in\u0259k 12 g\u00fcn sonra t\u0259l\u0259f olub. Xezerxeber.az-\u0131n m\u0259lumat\u0131na g\u00f6r\u0259,\u00a0Z\u0259rdab rayon Qoruqba\u011f\u0131 k\u0259nd sakini Amil M\u0259mm\u0259dov \u00f6z\u00fcn\u00fcm\u0259\u015f\u011fulluq proqram\u0131ndan yararlanmaq \u00fc\u00e7\u00fcn m\u00fcraci\u0259t ed\u0259n y\u00fczl\u0259rl\u0259 sakind\u0259n biridir. O, 2021-ci ilin noyabr\u0131nda m\u00fcraci\u0259t ed\u0259r\u0259k \u00f6z n\u00f6vb\u0259sini g\u00f6zl\u0259yib. Proqram\u0131n qaydalar\u0131na uy\u011fun olaraq Amil M\u0259mm\u0259dova iki ilin tamam\u0131nda \u00fc\u00e7 ba\u015f in\u0259k verilib. T\u0259s\u0259rr\u00fcfat sahibinin s\u00f6zl\u0259rin\u0259 g\u00f6r\u0259, in\u0259kl\u0259ri g\u0259tir\u0259n g\u00fcnd\u0259n bir ba\u015f\u0131n\u0131n x\u0259st\u0259 olmas\u0131 il\u0259 ba\u011fl\u0131 aidiyyat\u0131 \u00fczr\u0259 m\u0259lumat verib. T\u0259s\u0259rr\u00fcfat sahibinin s\u00f6zl\u0259rin\u0259 g\u00f6r\u0259, in\u0259kl\u0259r\u0259 bax\u0131\u015f ke\u00e7ir\u0259n baytar h\u0259kim in\u0259yin yem n\u0259tic\u0259sind\u0259 t\u0259l\u0259f oldu\u011funu deyir. \u018ftrafl\u0131 s\u00fcjetd\u0259:<\/p>\n","protected":false},"author":2,"featured_media":669526,"comment_status":"closed","ping_status":"closed","sticky":false,"template":"","format":"standard","meta":{"om_disable_all_campaigns":false,"_monsterinsights_skip_tracking":false,"_monsterinsights_sitenote_active":false,"_monsterinsights_sitenote_note":"","_monsterinsights_sitenote_category":0},"categories":[1],"tags":[],"aioseo_notices":[],"gutentor_comment":0,"rttpg_featured_image_url":{"full":["https:\/\/arantv.az\/wp-content\/uploads\/2023\/12\/FotoJet-11-3.jpg",620,413,false],"landscape":["https:\/\/arantv.az\/wp-content\/uploads\/2023\/12\/FotoJet-11-3.jpg",620,413,false],"portraits":["https:\/\/arantv.az\/wp-content\/uploads\/2023\/12\/FotoJet-11-3.jpg",620,413,false],"thumbnail":["https:\/\/arantv.az\/wp-content\/uploads\/2023\/12\/FotoJet-11-3-500x280.jpg",500,280,true],"medium":["https:\/\/arantv.az\/wp-content\/uploads\/2023\/12\/FotoJet-11-3-548x365.jpg",548,365,true],"large":["https:\/\/arantv.az\/wp-content\/uploads\/2023\/12\/FotoJet-11-3.jpg",620,413,false],"1536x1536":["https:\/\/arantv.az\/wp-content\/uploads\/2023\/12\/FotoJet-11-3.jpg",620,413,false],"2048x2048":["https:\/\/arantv.az\/wp-content\/uploads\/2023\/12\/FotoJet-11-3.jpg",620,413,false],"post-thumbnail":["https:\/\/arantv.az\/wp-content\/uploads\/2023\/12\/FotoJet-11-3-240x172.jpg",240,172,true],"advps-thumb-one":["https:\/\/arantv.az\/wp-content\/uploads\/2023\/12\/FotoJet-11-3.jpg",620,413,false]},"rttpg_author":{"display_name":"V\u00fcsal Rafiqo\u011flu","author_link":"https:\/\/arantv.az\/?author=2"},"rttpg_comment":0,"rttpg_category":"<a href=\"https:\/\/arantv.az\/?cat=1\" rel=\"category\">C\u0259miyy\u0259t<\/a>","rttpg_excerpt":"M\u0259\u015f\u011fullluq \u00fc\u00e7\u00fcn ald\u0131\u011f\u0131 in\u0259k 12 g\u00fcn sonra t\u0259l\u0259f olub. Xezerxeber.az-\u0131n m\u0259lumat\u0131na g\u00f6r\u0259,\u00a0Z\u0259rdab rayon Qoruqba\u011f\u0131 k\u0259nd sakini Amil M\u0259mm\u0259dov \u00f6z\u00fcn\u00fcm\u0259\u015f\u011fulluq proqram\u0131ndan yararlanmaq \u00fc\u00e7\u00fcn m\u00fcraci\u0259t ed\u0259n y\u00fczl\u0259rl\u0259 sakind\u0259n biridir. O, 2021-ci ilin noyabr\u0131nda m\u00fcraci\u0259t ed\u0259r\u0259k \u00f6z n\u00f6vb\u0259sini g\u00f6zl\u0259yib. Proqram\u0131n qaydalar\u0131na uy\u011fun olaraq Amil M\u0259mm\u0259dova iki ilin tamam\u0131nda \u00fc\u00e7 ba\u015f in\u0259k verilib. T\u0259s\u0259rr\u00fcfat sahibinin s\u00f6zl\u0259rin\u0259 g\u00f6r\u0259, in\u0259kl\u0259ri g\u0259tir\u0259n&hellip;","_links":{"self":[{"href":"https:\/\/arantv.az\/index.php?rest_route=\/wp\/v2\/posts\/669522"}],"collection":[{"href":"https:\/\/arantv.az\/index.php?rest_route=\/wp\/v2\/posts"}],"about":[{"href":"https:\/\/arantv.az\/index.php?rest_route=\/wp\/v2\/types\/post"}],"author":[{"embeddable":true,"href":"https:\/\/arantv.az\/index.php?rest_route=\/wp\/v2\/users\/2"}],"replies":[{"embeddable":true,"href":"https:\/\/arantv.az\/index.php?rest_route=%2Fwp%2Fv2%2Fcomments&post=669522"}],"version-history":[{"count":0,"href":"https:\/\/arantv.az\/index.php?rest_route=\/wp\/v2\/posts\/669522\/revisions"}],"wp:featuredmedia":[{"embeddable":true,"href":"https:\/\/arantv.az\/index.php?rest_route=\/wp\/v2\/media\/669526"}],"wp:attachment":[{"href":"https:\/\/arantv.az\/index.php?rest_route=%2Fwp%2Fv2%2Fmedia&parent=669522"}],"wp:term":[{"taxonomy":"category","embeddable":true,"href":"https:\/\/arantv.az\/index.php?rest_route=%2Fwp%2Fv2%2Fcategories&post=669522"},{"taxonomy":"post_tag","embeddable":true,"href":"https:\/\/arantv.az\/index.php?rest_route=%2Fwp%2Fv2%2Ftags&post=669522"}],"curies":[{"name":"wp","href":"https:\/\/api.w.org\/{rel}","templated":true}]}}