{"id":66967,"date":"2019-06-17T09:09:21","date_gmt":"2019-06-17T06:09:21","guid":{"rendered":"http:\/\/arantv.az\/?p=66967"},"modified":"2019-06-17T09:09:21","modified_gmt":"2019-06-17T06:09:21","slug":"ai-sirk%c9%99tl%c9%99rinin-az%c9%99rbaycanla-bagli-investisiya-q%c9%99rari","status":"publish","type":"post","link":"https:\/\/arantv.az\/?p=66967","title":{"rendered":"A\u0130 \u015firk\u0259tl\u0259rinin Az\u0259rbaycanla ba\u011fl\u0131 investisiya q\u0259rar\u0131"},"content":{"rendered":"<p>Az\u0259rbaycanda f\u0259aliyy\u0259t g\u00f6st\u0259r\u0259n Avropa \u0130ttifaq\u0131na (A\u0130) \u00fczv olan \u00f6lk\u0259l\u0259rin \u015firk\u0259tl\u0259rinin 75 faizi \u00f6lk\u0259y\u0259 yenid\u0259n investisiya qoya bil\u0259c\u0259kl\u0259rini b\u0259yan edirl\u0259r.<\/p>\n<p><b>ARANTV.AZ\u00a0<\/b>x\u0259b\u0259r verir ki, bu bar\u0259d\u0259 A\u0130\u00a0t\u0259r\u0259find\u0259n haz\u0131rlanan 2019-cu il \u00fczr\u0259 biznes m\u00fchiti hesabat\u0131nda deyilir.<\/p>\n<p>Apar\u0131lan sor\u011funun m\u0259qs\u0259di A\u0130 \u015firk\u0259tl\u0259rinin fikirl\u0259rin\u0259 \u0259saslanaraq Az\u0259rbaycandak\u0131 cari makroiqtisadi v\u0259ziyy\u0259t, el\u0259c\u0259 d\u0259\u00a0biznes v\u0259 investisiya m\u00fchiti haqq\u0131nda m\u0259lumat verm\u0259kdir.<\/p>\n<p>\u015eirk\u0259tl\u0259r diqq\u0259ti Az\u0259rbaycanda biznes m\u00fchitinin yax\u015f\u0131la\u015fd\u0131r\u0131lmas\u0131 \u00fc\u00e7\u00fcn \u00f6n\u0259mli olan be\u015f\u00a0amil \u00fcz\u0259rind\u0259 c\u0259ml\u0259\u015fdiribl\u0259r.<\/p>\n<p>Bel\u0259 ki, A\u0130 \u015firk\u0259tl\u0259rinin q\u0259na\u0259tinc\u0259, biznes m\u00fchitinin t\u0259\u015fkili \u00fc\u00e7\u00fcn siyasi v\u0259 sosial sabitlik, ixtisas v\u0259 bacar\u0131qlar, m\u0259hsuldarl\u0131q, \u0259m\u0259yin d\u0259y\u0259ri v\u0259 immiqrasiya istiqam\u0259tl\u0259rind\u0259 yarad\u0131lan q\u0259na\u0259tb\u0259x\u015f \u015f\u0259rait xarici \u015firk\u0259tl\u0259ri Az\u0259rbaycana yenid\u0259n investisiya yat\u0131rma\u011fa t\u0259\u015fviq edir.oxu.az<\/p>\n","protected":false},"excerpt":{"rendered":"<p>Az\u0259rbaycanda f\u0259aliyy\u0259t g\u00f6st\u0259r\u0259n Avropa \u0130ttifaq\u0131na (A\u0130) \u00fczv olan \u00f6lk\u0259l\u0259rin \u015firk\u0259tl\u0259rinin 75 faizi \u00f6lk\u0259y\u0259 yenid\u0259n investisiya qoya bil\u0259c\u0259kl\u0259rini b\u0259yan edirl\u0259r. ARANTV.AZ\u00a0x\u0259b\u0259r verir ki, bu bar\u0259d\u0259 A\u0130\u00a0t\u0259r\u0259find\u0259n haz\u0131rlanan 2019-cu il \u00fczr\u0259 biznes m\u00fchiti hesabat\u0131nda deyilir. Apar\u0131lan sor\u011funun m\u0259qs\u0259di A\u0130 \u015firk\u0259tl\u0259rinin fikirl\u0259rin\u0259 \u0259saslanaraq Az\u0259rbaycandak\u0131 cari makroiqtisadi v\u0259ziyy\u0259t, el\u0259c\u0259 d\u0259\u00a0biznes v\u0259 investisiya m\u00fchiti haqq\u0131nda m\u0259lumat verm\u0259kdir. \u015eirk\u0259tl\u0259r diqq\u0259ti Az\u0259rbaycanda biznes m\u00fchitinin yax\u015f\u0131la\u015fd\u0131r\u0131lmas\u0131 \u00fc\u00e7\u00fcn \u00f6n\u0259mli olan be\u015f\u00a0amil \u00fcz\u0259rind\u0259 c\u0259ml\u0259\u015fdiribl\u0259r. Bel\u0259 ki, A\u0130 \u015firk\u0259tl\u0259rinin q\u0259na\u0259tinc\u0259, biznes m\u00fchitinin t\u0259\u015fkili \u00fc\u00e7\u00fcn siyasi v\u0259 sosial sabitlik, ixtisas v\u0259 bacar\u0131qlar, m\u0259hsuldarl\u0131q, \u0259m\u0259yin d\u0259y\u0259ri v\u0259 immiqrasiya istiqam\u0259tl\u0259rind\u0259 yarad\u0131lan q\u0259na\u0259tb\u0259x\u015f \u015f\u0259rait xarici&hellip;<\/p>\n","protected":false},"author":2,"featured_media":66968,"comment_status":"closed","ping_status":"closed","sticky":false,"template":"","format":"standard","meta":{"om_disable_all_campaigns":false,"_monsterinsights_skip_tracking":false,"_monsterinsights_sitenote_active":false,"_monsterinsights_sitenote_note":"","_monsterinsights_sitenote_category":0},"categories":[19],"tags":[],"aioseo_notices":[],"gutentor_comment":0,"rttpg_featured_image_url":{"full":["https:\/\/arantv.az\/wp-content\/uploads\/2019\/06\/rtrtrt.jpg",620,409,false],"landscape":["https:\/\/arantv.az\/wp-content\/uploads\/2019\/06\/rtrtrt.jpg",620,409,false],"portraits":["https:\/\/arantv.az\/wp-content\/uploads\/2019\/06\/rtrtrt.jpg",620,409,false],"thumbnail":["https:\/\/arantv.az\/wp-content\/uploads\/2019\/06\/rtrtrt-150x150.jpg",150,150,true],"medium":["https:\/\/arantv.az\/wp-content\/uploads\/2019\/06\/rtrtrt-300x198.jpg",300,198,true],"large":["https:\/\/arantv.az\/wp-content\/uploads\/2019\/06\/rtrtrt.jpg",620,409,false],"1536x1536":["https:\/\/arantv.az\/wp-content\/uploads\/2019\/06\/rtrtrt.jpg",620,409,false],"2048x2048":["https:\/\/arantv.az\/wp-content\/uploads\/2019\/06\/rtrtrt.jpg",620,409,false],"post-thumbnail":["https:\/\/arantv.az\/wp-content\/uploads\/2019\/06\/rtrtrt-240x172.jpg",240,172,true],"advps-thumb-one":["https:\/\/arantv.az\/wp-content\/uploads\/2019\/06\/rtrtrt.jpg",620,409,false]},"rttpg_author":{"display_name":"V\u00fcsal Rafiqo\u011flu","author_link":"https:\/\/arantv.az\/?author=2"},"rttpg_comment":0,"rttpg_category":"<a href=\"https:\/\/arantv.az\/?cat=19\" rel=\"category\">G\u00fcnd\u0259m<\/a>","rttpg_excerpt":"Az\u0259rbaycanda f\u0259aliyy\u0259t g\u00f6st\u0259r\u0259n Avropa \u0130ttifaq\u0131na (A\u0130) \u00fczv olan \u00f6lk\u0259l\u0259rin \u015firk\u0259tl\u0259rinin 75 faizi \u00f6lk\u0259y\u0259 yenid\u0259n investisiya qoya bil\u0259c\u0259kl\u0259rini b\u0259yan edirl\u0259r. ARANTV.AZ\u00a0x\u0259b\u0259r verir ki, bu bar\u0259d\u0259 A\u0130\u00a0t\u0259r\u0259find\u0259n haz\u0131rlanan 2019-cu il \u00fczr\u0259 biznes m\u00fchiti hesabat\u0131nda deyilir. Apar\u0131lan sor\u011funun m\u0259qs\u0259di A\u0130 \u015firk\u0259tl\u0259rinin fikirl\u0259rin\u0259 \u0259saslanaraq Az\u0259rbaycandak\u0131 cari makroiqtisadi v\u0259ziyy\u0259t, el\u0259c\u0259 d\u0259\u00a0biznes v\u0259 investisiya m\u00fchiti haqq\u0131nda m\u0259lumat verm\u0259kdir. \u015eirk\u0259tl\u0259r diqq\u0259ti Az\u0259rbaycanda&hellip;","_links":{"self":[{"href":"https:\/\/arantv.az\/index.php?rest_route=\/wp\/v2\/posts\/66967"}],"collection":[{"href":"https:\/\/arantv.az\/index.php?rest_route=\/wp\/v2\/posts"}],"about":[{"href":"https:\/\/arantv.az\/index.php?rest_route=\/wp\/v2\/types\/post"}],"author":[{"embeddable":true,"href":"https:\/\/arantv.az\/index.php?rest_route=\/wp\/v2\/users\/2"}],"replies":[{"embeddable":true,"href":"https:\/\/arantv.az\/index.php?rest_route=%2Fwp%2Fv2%2Fcomments&post=66967"}],"version-history":[{"count":0,"href":"https:\/\/arantv.az\/index.php?rest_route=\/wp\/v2\/posts\/66967\/revisions"}],"wp:featuredmedia":[{"embeddable":true,"href":"https:\/\/arantv.az\/index.php?rest_route=\/wp\/v2\/media\/66968"}],"wp:attachment":[{"href":"https:\/\/arantv.az\/index.php?rest_route=%2Fwp%2Fv2%2Fmedia&parent=66967"}],"wp:term":[{"taxonomy":"category","embeddable":true,"href":"https:\/\/arantv.az\/index.php?rest_route=%2Fwp%2Fv2%2Fcategories&post=66967"},{"taxonomy":"post_tag","embeddable":true,"href":"https:\/\/arantv.az\/index.php?rest_route=%2Fwp%2Fv2%2Ftags&post=66967"}],"curies":[{"name":"wp","href":"https:\/\/api.w.org\/{rel}","templated":true}]}}