{"id":669750,"date":"2023-12-16T19:41:25","date_gmt":"2023-12-16T15:41:25","guid":{"rendered":"https:\/\/arantv.az\/?p=669750"},"modified":"2023-12-16T19:41:25","modified_gmt":"2023-12-16T15:41:25","slug":"44-gunluk-muharib%c9%99nin-h%c9%99r-gunu-z%c9%99f%c9%99r-gunu-dur","status":"publish","type":"post","link":"https:\/\/arantv.az\/?p=669750","title":{"rendered":"44 G\u00dcNL\u00dcK M\u00dcHAR\u0130B\u018fN\u0130N H\u018fR G\u00dcN\u00dc ,,Z\u018fF\u018fR G\u00dcN\u00dc&#8221; D\u00dcR"},"content":{"rendered":"<p>44 g\u00fcnl\u00fck m\u00fcharib\u0259nin h\u0259r bir g\u00fcn\u00fc Q\u0259l\u0259b\u0259 , Z\u0259f\u0259r g\u00fcn\u00fcd\u00fcr.<br \/>\n16 Dekabr 2023-c\u00fc il Q\u0259b\u0259l\u0259 rayonunda &#8220;44 G\u00fcnd\u0259 Q\u0131z\u0131l Tarix Yazanlar&#8221; layih\u0259si \u00e7\u0259r\u00e7iv\u0259sind\u0259 \u015f\u0259hid h\u0259rbi h\u0259kim Ba\u015f leytenant \u018fnv\u0259rli Aq\u015fin Faiq o\u011flunun v\u0259 \u015f\u0259hid Mustafayev Elm\u0259ddin M\u0259h\u0259mm\u0259d o\u011flunun ail\u0259l\u0259ri ziyar\u0259t olunmu\u015fdur. G\u00f6r\u00fc\u015fl\u0259r zaman\u0131 layih\u0259 r\u0259hb\u0259ri X\u0259yal M\u0259mm\u0259d\u0259liyev, \u00fczvl\u0259r Elmira \u0130smay\u0131lova, Tural Abdullayev, P\u0259rviz M\u0259mm\u0259dov bildirdil\u0259r ki, 44 g\u00fcnl\u00fck V\u0259t\u0259n m\u00fcharib\u0259sind\u0259 M\u00fcz\u0259ff\u0259r Ordumuz Qaraba\u011f\u0131 v\u0259 dig\u0259r \u0259razil\u0259rimizi i\u015f\u011faldan azad etm\u0259kl\u0259 30 illik yurd h\u0259sr\u0259tin\u0259 son qoydu v\u0259 2020-ci il m\u00fcst\u0259qil Az\u0259rbaycan\u0131m\u0131z\u0131n h\u0259rb tarixin\u0259 \u015fanl\u0131 s\u0259hif\u0259 kimi yaz\u0131ld\u0131. Z\u0259f\u0259rl\u0259 ba\u015fa \u00e7atan \u0130kinci Qaraba\u011f m\u00fcharib\u0259sind\u0259 Ali Ba\u015f Komandan c\u0259nab \u0130lham \u018fliyevin r\u0259hb\u0259rliyi alt\u0131nda Az\u0259rbaycan Ordusunun \u0259sg\u0259r v\u0259 zabitl\u0259ri, h\u0259rb\u00e7il\u0259ri d\u00f6y\u00fc\u015f meydan\u0131nda \u0259sl q\u0259hr\u0259manl\u0131q g\u00f6st\u0259r\u0259r\u0259k b\u00fct\u00fcn d\u00fcnyaya s\u00fcbut etdil\u0259r ki, Qaraba\u011f Az\u0259rbaycand\u0131r! \u015e\u0259hidl\u0259rimizin ail\u0259l\u0259ri \u015f\u0259hidl\u0259r\u0259, qazil\u0259r\u0259, \u015f\u0259hid ail\u0259l\u0259rin\u0259 g\u00f6st\u0259rdikl\u0259ri diqq\u0259t v\u0259 qay\u011f\u0131ya g\u00f6r\u0259 \u00f6lk\u0259 Prezidenti c\u0259nab \u0130lham \u018fliyev\u0259 v\u0259 Birinci vitse-prezident h\u00f6rm\u0259tli Mehriban xan\u0131m \u018fliyevaya minn\u0259tdarl\u0131qlar\u0131n\u0131 ifad\u0259 edib v\u0259 qazan\u0131lan q\u0259l\u0259b\u0259d\u0259 \u00f6vladlar\u0131n\u0131n da pay\u0131 oldu\u011fu \u00fc\u00e7\u00fcn f\u0259xr etdikl\u0259rini bildiribl\u0259r. Sonra \u015f\u0259hidl\u0259rimizn ke\u00e7dikl\u0259ri d\u00f6y\u00fc\u015f yolundan, xatirl\u0259rind\u0259n s\u00f6hb\u0259t a\u00e7\u0131l\u0131b. H\u0259r bir \u015f\u0259hidimizin h\u0259l\u0259 yeniyetm\u0259 ya\u015flardan milli t\u0259\u0259ss\u00fcbke\u015fliy\u0259, v\u0259t\u0259np\u0259rv\u0259rliy\u0259, m\u00fcbarizliy\u0259, m\u0259rdliy\u0259 malik olduqlar\u0131, s\u0259f\u0259rb\u0259rlikl\u0259 ba\u011fl\u0131 c\u0259nab Ali Ba\u015f Komandan\u0131n \u00e7a\u011f\u0131r\u0131\u015f\u0131na nec\u0259 sevincl\u0259 qo\u015fulduqlar\u0131 vur\u011fulan\u0131b. Qeyd olunub ki, q\u0259hr\u0259man o\u011fullar\u0131m\u0131z\u0131n f\u0259dakarl\u0131\u011f\u0131 d\u00f6vl\u0259t ba\u015f\u00e7\u0131s\u0131 t\u0259r\u0259find\u0259n y\u00fcks\u0259k qiym\u0259tl\u0259ndirilib. \u015e\u0259hid h\u0259rbi h\u0259kim ba\u015f leytenant Aq\u015fin \u018fnv\u0259rli Faiq o\u011flu &#8220;Az\u0259rbaycan Bayra\u011f\u0131 ordeni&#8221;, &#8220;V\u0259t\u0259n u\u011frunda&#8221; , &#8220;Xocav\u0259ndin azad olunmas\u0131na g\u00f6r\u0259&#8221;, F\u00fczulinin azad olunmas\u0131na g\u00f6r\u0259&#8221;, \u015e\u0259hid Elm\u0259ddin Mustafayev M\u0259h\u0259mm\u0259d o\u011flu &#8220;V\u0259t\u0259n u\u011frunda&#8221;, &#8220;Xoc\u0259v\u0259ndin azad olunmas\u0131na g\u00f6r\u0259&#8221;, &#8220;F\u00fczulinin azad olunmas\u0131na g\u00f6r\u0259&#8221;, &#8220;\u015eu\u015fan\u0131n azad olunmas\u0131na g\u00f6r\u0259&#8221;, &#8221; C\u0259sur d\u00f6y\u00fc\u015fc\u00fc&#8221; medallar\u0131 il\u0259 t\u0259ltif edilibl\u0259r. Sonda bir daha vur\u011fulan\u0131b ki, torpaqlar\u0131m\u0131z\u0131n erm\u0259ni i\u015f\u011fal\u0131ndan azad edilm\u0259sind\u0259 can\u0131n\u0131 f\u0259da ed\u0259n \u0259sg\u0259r v\u0259 zabitl\u0259rimiz\u0259 minn\u0259tdar\u0131q, qanlar\u0131 il\u0259 dastan yazan \u015f\u0259hidl\u0259rimizin ruhlar\u0131 qar\u015f\u0131s\u0131nda ba\u015f \u0259yirik. V\u0259t\u0259n namin\u0259 d\u00f6y\u00fc\u015f\u0259n v\u0259 yaralanan qazil\u0259rimizl\u0259, canlar\u0131ndan ke\u00e7\u0259n \u015f\u0259hidl\u0259rimizl\u0259 q\u00fcrur duyuruq, onlar\u0131 h\u0259r zaman ya\u015fatmal\u0131y\u0131q v\u0259 g\u0259l\u0259c\u0259k n\u0259sill\u0259r\u0259 tan\u0131tmal\u0131y\u0131q. Qeyd edilib ki, V\u0259t\u0259n yolunda can\u0131ndan ke\u00e7\u0259n \u015f\u0259hidl\u0259rimiz h\u0259r zaman q\u0259lbimizd\u0259 ya\u015fayacaq v\u0259 onlar\u0131n qanlar\u0131yla azad etdikl\u0259ri torpaqlar\u0131m\u0131z\u0131 v\u0259 q\u0259l\u0259b\u0259mizi g\u00f6z b\u0259b\u0259yi kimi qoruyaca\u011f\u0131q. \u015e\u0259hidl\u0259rimizl\u0259 q\u00fcrur duyduqlar\u0131n\u0131 bildir\u0259n &#8220;44 G\u00fcnd\u0259 Q\u0131z\u0131l Tarix Yazanlar&#8221; layih\u0259sinin komanda \u00fczvl\u0259ri onlara Allahdan r\u0259hm\u0259t, ail\u0259l\u0259rin\u0259 s\u0259bir dil\u0259yibl\u0259r.<\/p>\n<p><img loading=\"lazy\" class=\"alignnone size-medium wp-image-669751\" src=\"https:\/\/arantv.az\/wp-content\/uploads\/2023\/12\/1860386d-d7b0-4eea-bf51-481747aeb31d-552x365.jpg\" alt=\"\" width=\"552\" height=\"365\" \/> <img loading=\"lazy\" class=\"alignnone size-medium wp-image-669752\" src=\"https:\/\/arantv.az\/wp-content\/uploads\/2023\/12\/49df0d52-4b81-47e1-a5c1-7d2bf66215d9-552x365.jpg\" alt=\"\" width=\"552\" height=\"365\" \/> <img loading=\"lazy\" class=\"alignnone size-medium wp-image-669753\" src=\"https:\/\/arantv.az\/wp-content\/uploads\/2023\/12\/fcdd9692-c972-4732-a59a-f0c232724777-552x365.jpg\" alt=\"\" width=\"552\" height=\"365\" \/> <img loading=\"lazy\" class=\"alignnone size-medium wp-image-669754\" src=\"https:\/\/arantv.az\/wp-content\/uploads\/2023\/12\/cc195f19-f5cf-41ca-bbe8-736935efa632-552x365.jpg\" alt=\"\" width=\"552\" height=\"365\" \/> <img loading=\"lazy\" class=\"alignnone size-medium wp-image-669755\" src=\"https:\/\/arantv.az\/wp-content\/uploads\/2023\/12\/b8e49754-4cd7-41ef-a334-7c199a4c7775-552x365.jpg\" alt=\"\" width=\"552\" height=\"365\" \/><\/p>\n","protected":false},"excerpt":{"rendered":"<p>44 g\u00fcnl\u00fck m\u00fcharib\u0259nin h\u0259r bir g\u00fcn\u00fc Q\u0259l\u0259b\u0259 , Z\u0259f\u0259r g\u00fcn\u00fcd\u00fcr. 16 Dekabr 2023-c\u00fc il Q\u0259b\u0259l\u0259 rayonunda &#8220;44 G\u00fcnd\u0259 Q\u0131z\u0131l Tarix Yazanlar&#8221; layih\u0259si \u00e7\u0259r\u00e7iv\u0259sind\u0259 \u015f\u0259hid h\u0259rbi h\u0259kim Ba\u015f leytenant \u018fnv\u0259rli Aq\u015fin Faiq o\u011flunun v\u0259 \u015f\u0259hid Mustafayev Elm\u0259ddin M\u0259h\u0259mm\u0259d o\u011flunun ail\u0259l\u0259ri ziyar\u0259t olunmu\u015fdur. G\u00f6r\u00fc\u015fl\u0259r zaman\u0131 layih\u0259 r\u0259hb\u0259ri X\u0259yal M\u0259mm\u0259d\u0259liyev, \u00fczvl\u0259r Elmira \u0130smay\u0131lova, Tural Abdullayev, P\u0259rviz M\u0259mm\u0259dov bildirdil\u0259r ki, 44 g\u00fcnl\u00fck V\u0259t\u0259n m\u00fcharib\u0259sind\u0259 M\u00fcz\u0259ff\u0259r Ordumuz Qaraba\u011f\u0131 v\u0259 dig\u0259r \u0259razil\u0259rimizi i\u015f\u011faldan azad etm\u0259kl\u0259 30 illik yurd h\u0259sr\u0259tin\u0259 son qoydu v\u0259 2020-ci il m\u00fcst\u0259qil Az\u0259rbaycan\u0131m\u0131z\u0131n h\u0259rb tarixin\u0259 \u015fanl\u0131 s\u0259hif\u0259 kimi yaz\u0131ld\u0131. Z\u0259f\u0259rl\u0259 ba\u015fa \u00e7atan \u0130kinci&hellip;<\/p>\n","protected":false},"author":2,"featured_media":669754,"comment_status":"closed","ping_status":"closed","sticky":false,"template":"","format":"standard","meta":{"om_disable_all_campaigns":false,"_monsterinsights_skip_tracking":false,"_monsterinsights_sitenote_active":false,"_monsterinsights_sitenote_note":"","_monsterinsights_sitenote_category":0},"categories":[1],"tags":[],"aioseo_notices":[],"gutentor_comment":0,"rttpg_featured_image_url":{"full":["https:\/\/arantv.az\/wp-content\/uploads\/2023\/12\/cc195f19-f5cf-41ca-bbe8-736935efa632.jpg",1200,794,false],"landscape":["https:\/\/arantv.az\/wp-content\/uploads\/2023\/12\/cc195f19-f5cf-41ca-bbe8-736935efa632.jpg",1200,794,false],"portraits":["https:\/\/arantv.az\/wp-content\/uploads\/2023\/12\/cc195f19-f5cf-41ca-bbe8-736935efa632.jpg",1200,794,false],"thumbnail":["https:\/\/arantv.az\/wp-content\/uploads\/2023\/12\/cc195f19-f5cf-41ca-bbe8-736935efa632-500x280.jpg",500,280,true],"medium":["https:\/\/arantv.az\/wp-content\/uploads\/2023\/12\/cc195f19-f5cf-41ca-bbe8-736935efa632-552x365.jpg",552,365,true],"large":["https:\/\/arantv.az\/wp-content\/uploads\/2023\/12\/cc195f19-f5cf-41ca-bbe8-736935efa632-840x556.jpg",640,424,true],"1536x1536":["https:\/\/arantv.az\/wp-content\/uploads\/2023\/12\/cc195f19-f5cf-41ca-bbe8-736935efa632.jpg",1200,794,false],"2048x2048":["https:\/\/arantv.az\/wp-content\/uploads\/2023\/12\/cc195f19-f5cf-41ca-bbe8-736935efa632.jpg",1200,794,false],"post-thumbnail":["https:\/\/arantv.az\/wp-content\/uploads\/2023\/12\/cc195f19-f5cf-41ca-bbe8-736935efa632-240x172.jpg",240,172,true],"advps-thumb-one":["https:\/\/arantv.az\/wp-content\/uploads\/2023\/12\/cc195f19-f5cf-41ca-bbe8-736935efa632-1200x620.jpg",1200,620,true]},"rttpg_author":{"display_name":"V\u00fcsal Rafiqo\u011flu","author_link":"https:\/\/arantv.az\/?author=2"},"rttpg_comment":0,"rttpg_category":"<a href=\"https:\/\/arantv.az\/?cat=1\" rel=\"category\">C\u0259miyy\u0259t<\/a>","rttpg_excerpt":"44 g\u00fcnl\u00fck m\u00fcharib\u0259nin h\u0259r bir g\u00fcn\u00fc Q\u0259l\u0259b\u0259 , Z\u0259f\u0259r g\u00fcn\u00fcd\u00fcr. 16 Dekabr 2023-c\u00fc il Q\u0259b\u0259l\u0259 rayonunda &#8220;44 G\u00fcnd\u0259 Q\u0131z\u0131l Tarix Yazanlar&#8221; layih\u0259si \u00e7\u0259r\u00e7iv\u0259sind\u0259 \u015f\u0259hid h\u0259rbi h\u0259kim Ba\u015f leytenant \u018fnv\u0259rli Aq\u015fin Faiq o\u011flunun v\u0259 \u015f\u0259hid Mustafayev Elm\u0259ddin M\u0259h\u0259mm\u0259d o\u011flunun ail\u0259l\u0259ri ziyar\u0259t olunmu\u015fdur. G\u00f6r\u00fc\u015fl\u0259r zaman\u0131 layih\u0259 r\u0259hb\u0259ri X\u0259yal M\u0259mm\u0259d\u0259liyev, \u00fczvl\u0259r Elmira \u0130smay\u0131lova, Tural Abdullayev, P\u0259rviz M\u0259mm\u0259dov bildirdil\u0259r&hellip;","_links":{"self":[{"href":"https:\/\/arantv.az\/index.php?rest_route=\/wp\/v2\/posts\/669750"}],"collection":[{"href":"https:\/\/arantv.az\/index.php?rest_route=\/wp\/v2\/posts"}],"about":[{"href":"https:\/\/arantv.az\/index.php?rest_route=\/wp\/v2\/types\/post"}],"author":[{"embeddable":true,"href":"https:\/\/arantv.az\/index.php?rest_route=\/wp\/v2\/users\/2"}],"replies":[{"embeddable":true,"href":"https:\/\/arantv.az\/index.php?rest_route=%2Fwp%2Fv2%2Fcomments&post=669750"}],"version-history":[{"count":0,"href":"https:\/\/arantv.az\/index.php?rest_route=\/wp\/v2\/posts\/669750\/revisions"}],"wp:featuredmedia":[{"embeddable":true,"href":"https:\/\/arantv.az\/index.php?rest_route=\/wp\/v2\/media\/669754"}],"wp:attachment":[{"href":"https:\/\/arantv.az\/index.php?rest_route=%2Fwp%2Fv2%2Fmedia&parent=669750"}],"wp:term":[{"taxonomy":"category","embeddable":true,"href":"https:\/\/arantv.az\/index.php?rest_route=%2Fwp%2Fv2%2Fcategories&post=669750"},{"taxonomy":"post_tag","embeddable":true,"href":"https:\/\/arantv.az\/index.php?rest_route=%2Fwp%2Fv2%2Ftags&post=669750"}],"curies":[{"name":"wp","href":"https:\/\/api.w.org\/{rel}","templated":true}]}}