{"id":669879,"date":"2023-12-17T14:08:53","date_gmt":"2023-12-17T10:08:53","guid":{"rendered":"https:\/\/arantv.az\/?p=669879"},"modified":"2023-12-17T14:08:53","modified_gmt":"2023-12-17T10:08:53","slug":"bakida-s%c9%99rnisin-avtobusu-isiq-dir%c9%99yin%c9%99-cirpilib-yolda-tixac-yaranib-video","status":"publish","type":"post","link":"https:\/\/arantv.az\/?p=669879","title":{"rendered":"Bak\u0131da s\u0259rni\u015fin avtobusu i\u015f\u0131q dir\u0259yin\u0259 \u00e7\u0131rp\u0131l\u0131b, yolda t\u0131xac yaran\u0131b &#8211; V\u0130DEO"},"content":{"rendered":"<p>Bak\u0131da s\u0259rni\u015fin avtobusu i\u015f\u0131q dir\u0259yin\u0259 \u00e7\u0131rp\u0131l\u0131b.<\/p>\n<p><strong>ARANTV.AZ\u00a0 <\/strong>x\u0259b\u0259r verir ki, bu bar\u0259d\u0259 g\u00f6r\u00fcnt\u00fcl\u0259r sosial \u015f\u0259b\u0259k\u0259l\u0259rd\u0259 payla\u015f\u0131l\u0131b.<\/p>\n<p>Bel\u0259 ki, \u201cDaewoo\u201d\u00a0markal\u0131 s\u0259rni\u015fin avtobusu yolun\u00a0k\u0259nar\u0131ndak\u0131 i\u015f\u0131q dir\u0259yin\u0259 \u00e7\u0131rp\u0131l\u0131b.<\/p>\n<p>Hadis\u0259 zaman\u0131 x\u0259sar\u0259t alanlar\u0131n oldu\u011fu bildirilir.<\/p>\n<p>Q\u0259za n\u0259tic\u0259sind\u0259 avtomobill\u0259rin h\u0259r\u0259k\u0259ti \u00e7\u0259tinl\u0259\u015fib.<\/p>\n<p>H\u0259min g\u00f6r\u00fcnt\u00fcl\u0259ri t\u0259qdim edirik:<\/p>\n<div><iframe loading=\"lazy\" id=\"telegram-post-oxuaze-73671\" src=\"https:\/\/t.me\/oxuaze\/73671?embed=1\" width=\"100%\" height=\"\" frameborder=\"0\" scrolling=\"no\" data-mce-fragment=\"1\"><\/iframe><\/div>\n<p>&nbsp;<\/p>\n","protected":false},"excerpt":{"rendered":"<p>Bak\u0131da s\u0259rni\u015fin avtobusu i\u015f\u0131q dir\u0259yin\u0259 \u00e7\u0131rp\u0131l\u0131b. ARANTV.AZ\u00a0 x\u0259b\u0259r verir ki, bu bar\u0259d\u0259 g\u00f6r\u00fcnt\u00fcl\u0259r sosial \u015f\u0259b\u0259k\u0259l\u0259rd\u0259 payla\u015f\u0131l\u0131b. Bel\u0259 ki, \u201cDaewoo\u201d\u00a0markal\u0131 s\u0259rni\u015fin avtobusu yolun\u00a0k\u0259nar\u0131ndak\u0131 i\u015f\u0131q dir\u0259yin\u0259 \u00e7\u0131rp\u0131l\u0131b. Hadis\u0259 zaman\u0131 x\u0259sar\u0259t alanlar\u0131n oldu\u011fu bildirilir. Q\u0259za n\u0259tic\u0259sind\u0259 avtomobill\u0259rin h\u0259r\u0259k\u0259ti \u00e7\u0259tinl\u0259\u015fib. H\u0259min g\u00f6r\u00fcnt\u00fcl\u0259ri t\u0259qdim edirik: &nbsp;<\/p>\n","protected":false},"author":2,"featured_media":669880,"comment_status":"closed","ping_status":"closed","sticky":false,"template":"","format":"standard","meta":{"om_disable_all_campaigns":false,"_monsterinsights_skip_tracking":false,"_monsterinsights_sitenote_active":false,"_monsterinsights_sitenote_note":"","_monsterinsights_sitenote_category":0},"categories":[5],"tags":[],"aioseo_notices":[],"gutentor_comment":0,"rttpg_featured_image_url":{"full":["https:\/\/arantv.az\/wp-content\/uploads\/2023\/12\/FotoJet-10-9.jpg",620,413,false],"landscape":["https:\/\/arantv.az\/wp-content\/uploads\/2023\/12\/FotoJet-10-9.jpg",620,413,false],"portraits":["https:\/\/arantv.az\/wp-content\/uploads\/2023\/12\/FotoJet-10-9.jpg",620,413,false],"thumbnail":["https:\/\/arantv.az\/wp-content\/uploads\/2023\/12\/FotoJet-10-9-500x280.jpg",500,280,true],"medium":["https:\/\/arantv.az\/wp-content\/uploads\/2023\/12\/FotoJet-10-9-548x365.jpg",548,365,true],"large":["https:\/\/arantv.az\/wp-content\/uploads\/2023\/12\/FotoJet-10-9.jpg",620,413,false],"1536x1536":["https:\/\/arantv.az\/wp-content\/uploads\/2023\/12\/FotoJet-10-9.jpg",620,413,false],"2048x2048":["https:\/\/arantv.az\/wp-content\/uploads\/2023\/12\/FotoJet-10-9.jpg",620,413,false],"post-thumbnail":["https:\/\/arantv.az\/wp-content\/uploads\/2023\/12\/FotoJet-10-9-240x172.jpg",240,172,true],"advps-thumb-one":["https:\/\/arantv.az\/wp-content\/uploads\/2023\/12\/FotoJet-10-9.jpg",620,413,false]},"rttpg_author":{"display_name":"V\u00fcsal Rafiqo\u011flu","author_link":"https:\/\/arantv.az\/?author=2"},"rttpg_comment":0,"rttpg_category":"<a href=\"https:\/\/arantv.az\/?cat=5\" rel=\"category\">Hadis\u0259<\/a>","rttpg_excerpt":"Bak\u0131da s\u0259rni\u015fin avtobusu i\u015f\u0131q dir\u0259yin\u0259 \u00e7\u0131rp\u0131l\u0131b. ARANTV.AZ\u00a0 x\u0259b\u0259r verir ki, bu bar\u0259d\u0259 g\u00f6r\u00fcnt\u00fcl\u0259r sosial \u015f\u0259b\u0259k\u0259l\u0259rd\u0259 payla\u015f\u0131l\u0131b. Bel\u0259 ki, \u201cDaewoo\u201d\u00a0markal\u0131 s\u0259rni\u015fin avtobusu yolun\u00a0k\u0259nar\u0131ndak\u0131 i\u015f\u0131q dir\u0259yin\u0259 \u00e7\u0131rp\u0131l\u0131b. Hadis\u0259 zaman\u0131 x\u0259sar\u0259t alanlar\u0131n oldu\u011fu bildirilir. Q\u0259za n\u0259tic\u0259sind\u0259 avtomobill\u0259rin h\u0259r\u0259k\u0259ti \u00e7\u0259tinl\u0259\u015fib. H\u0259min g\u00f6r\u00fcnt\u00fcl\u0259ri t\u0259qdim edirik: &nbsp;","_links":{"self":[{"href":"https:\/\/arantv.az\/index.php?rest_route=\/wp\/v2\/posts\/669879"}],"collection":[{"href":"https:\/\/arantv.az\/index.php?rest_route=\/wp\/v2\/posts"}],"about":[{"href":"https:\/\/arantv.az\/index.php?rest_route=\/wp\/v2\/types\/post"}],"author":[{"embeddable":true,"href":"https:\/\/arantv.az\/index.php?rest_route=\/wp\/v2\/users\/2"}],"replies":[{"embeddable":true,"href":"https:\/\/arantv.az\/index.php?rest_route=%2Fwp%2Fv2%2Fcomments&post=669879"}],"version-history":[{"count":0,"href":"https:\/\/arantv.az\/index.php?rest_route=\/wp\/v2\/posts\/669879\/revisions"}],"wp:featuredmedia":[{"embeddable":true,"href":"https:\/\/arantv.az\/index.php?rest_route=\/wp\/v2\/media\/669880"}],"wp:attachment":[{"href":"https:\/\/arantv.az\/index.php?rest_route=%2Fwp%2Fv2%2Fmedia&parent=669879"}],"wp:term":[{"taxonomy":"category","embeddable":true,"href":"https:\/\/arantv.az\/index.php?rest_route=%2Fwp%2Fv2%2Fcategories&post=669879"},{"taxonomy":"post_tag","embeddable":true,"href":"https:\/\/arantv.az\/index.php?rest_route=%2Fwp%2Fv2%2Ftags&post=669879"}],"curies":[{"name":"wp","href":"https:\/\/api.w.org\/{rel}","templated":true}]}}