{"id":669882,"date":"2023-12-17T14:09:47","date_gmt":"2023-12-17T10:09:47","guid":{"rendered":"https:\/\/arantv.az\/?p=669882"},"modified":"2023-12-17T14:09:47","modified_gmt":"2023-12-17T10:09:47","slug":"r%c9%99st-astara-d%c9%99mir-yolu-d%c9%99hlizinin-insasina-baslanilacaq-vaxt-aciqlandi","status":"publish","type":"post","link":"https:\/\/arantv.az\/?p=669882","title":{"rendered":"R\u0259\u015ft &#8211; Astara d\u0259mir yolu d\u0259hlizinin in\u015fas\u0131na ba\u015flan\u0131lacaq vaxt a\u00e7\u0131qland\u0131"},"content":{"rendered":"<p>Az\u0259rbaycan v\u0259 \u0130ran aras\u0131nda R\u0259\u015ft &#8211; Astara d\u0259mir yolu d\u0259hlizinin tikintisi ay yar\u0131mdan sonra ba\u015flayacaq.<\/p>\n<p>Bu bar\u0259d\u0259 \u0130ran\u0131n yollar v\u0259 \u015f\u0259h\u0259rsalma nazirinin m\u00fcavini \u015e\u0259hriyar \u018ff\u0259ndizad\u0259 m\u0259lumat verib.<\/p>\n<p>\u201c\u018fld\u0259 olunan raz\u0131l\u0131\u011fa \u0259sas\u0259n, biz 2024-c\u00fc ilin \u0259vv\u0259lind\u0259n, t\u0259xmin\u0259n ay yar\u0131mdan sonra bu layih\u0259nin icras\u0131na ba\u015flayaca\u011f\u0131m\u0131za \u00fcmid edirik\u201d, &#8211; o bildirib.<\/p>\n<p>\u018ff\u0259ndizad\u0259 onu da qeyd edib ki, R\u0259\u015ft &#8211; Astara d\u0259mir yolunun 162 kilometrlik hiss\u0259si haz\u0131rda \u0130randa \u0259n m\u00fch\u00fcm d\u0259mir yolu layih\u0259sidir.<\/p>\n<p>Xat\u0131rladaq ki, s\u00f6z\u00fcged\u0259n layih\u0259 \u015eimal &#8211; C\u0259nub n\u0259qliyyat d\u0259hlizinin t\u0259rkib hiss\u0259sidir.<\/p>\n<p>M\u0259nb\u0259: TASS<\/p>\n","protected":false},"excerpt":{"rendered":"<p>Az\u0259rbaycan v\u0259 \u0130ran aras\u0131nda R\u0259\u015ft &#8211; Astara d\u0259mir yolu d\u0259hlizinin tikintisi ay yar\u0131mdan sonra ba\u015flayacaq. Bu bar\u0259d\u0259 \u0130ran\u0131n yollar v\u0259 \u015f\u0259h\u0259rsalma nazirinin m\u00fcavini \u015e\u0259hriyar \u018ff\u0259ndizad\u0259 m\u0259lumat verib. \u201c\u018fld\u0259 olunan raz\u0131l\u0131\u011fa \u0259sas\u0259n, biz 2024-c\u00fc ilin \u0259vv\u0259lind\u0259n, t\u0259xmin\u0259n ay yar\u0131mdan sonra bu layih\u0259nin icras\u0131na ba\u015flayaca\u011f\u0131m\u0131za \u00fcmid edirik\u201d, &#8211; o bildirib. \u018ff\u0259ndizad\u0259 onu da qeyd edib ki, R\u0259\u015ft &#8211; Astara d\u0259mir yolunun 162 kilometrlik hiss\u0259si haz\u0131rda \u0130randa \u0259n m\u00fch\u00fcm d\u0259mir yolu layih\u0259sidir. Xat\u0131rladaq ki, s\u00f6z\u00fcged\u0259n layih\u0259 \u015eimal &#8211; C\u0259nub n\u0259qliyyat d\u0259hlizinin t\u0259rkib hiss\u0259sidir. M\u0259nb\u0259: TASS<\/p>\n","protected":false},"author":2,"featured_media":352672,"comment_status":"closed","ping_status":"closed","sticky":false,"template":"","format":"standard","meta":{"om_disable_all_campaigns":false,"_monsterinsights_skip_tracking":false,"_monsterinsights_sitenote_active":false,"_monsterinsights_sitenote_note":"","_monsterinsights_sitenote_category":0},"categories":[1],"tags":[],"aioseo_notices":[],"gutentor_comment":0,"rttpg_featured_image_url":{"full":["https:\/\/arantv.az\/wp-content\/uploads\/2021\/06\/demir_yolu-rels.jpg",800,600,false],"landscape":["https:\/\/arantv.az\/wp-content\/uploads\/2021\/06\/demir_yolu-rels.jpg",800,600,false],"portraits":["https:\/\/arantv.az\/wp-content\/uploads\/2021\/06\/demir_yolu-rels.jpg",800,600,false],"thumbnail":["https:\/\/arantv.az\/wp-content\/uploads\/2021\/06\/demir_yolu-rels-500x280.jpg",500,280,true],"medium":["https:\/\/arantv.az\/wp-content\/uploads\/2021\/06\/demir_yolu-rels-487x365.jpg",487,365,true],"large":["https:\/\/arantv.az\/wp-content\/uploads\/2021\/06\/demir_yolu-rels.jpg",640,480,false],"1536x1536":["https:\/\/arantv.az\/wp-content\/uploads\/2021\/06\/demir_yolu-rels.jpg",800,600,false],"2048x2048":["https:\/\/arantv.az\/wp-content\/uploads\/2021\/06\/demir_yolu-rels.jpg",800,600,false],"post-thumbnail":["https:\/\/arantv.az\/wp-content\/uploads\/2021\/06\/demir_yolu-rels-240x172.jpg",240,172,true],"advps-thumb-one":["https:\/\/arantv.az\/wp-content\/uploads\/2021\/06\/demir_yolu-rels.jpg",800,600,false]},"rttpg_author":{"display_name":"V\u00fcsal Rafiqo\u011flu","author_link":"https:\/\/arantv.az\/?author=2"},"rttpg_comment":0,"rttpg_category":"<a href=\"https:\/\/arantv.az\/?cat=1\" rel=\"category\">C\u0259miyy\u0259t<\/a>","rttpg_excerpt":"Az\u0259rbaycan v\u0259 \u0130ran aras\u0131nda R\u0259\u015ft &#8211; Astara d\u0259mir yolu d\u0259hlizinin tikintisi ay yar\u0131mdan sonra ba\u015flayacaq. Bu bar\u0259d\u0259 \u0130ran\u0131n yollar v\u0259 \u015f\u0259h\u0259rsalma nazirinin m\u00fcavini \u015e\u0259hriyar \u018ff\u0259ndizad\u0259 m\u0259lumat verib. \u201c\u018fld\u0259 olunan raz\u0131l\u0131\u011fa \u0259sas\u0259n, biz 2024-c\u00fc ilin \u0259vv\u0259lind\u0259n, t\u0259xmin\u0259n ay yar\u0131mdan sonra bu layih\u0259nin icras\u0131na ba\u015flayaca\u011f\u0131m\u0131za \u00fcmid edirik\u201d, &#8211; o bildirib. \u018ff\u0259ndizad\u0259 onu da qeyd edib ki, R\u0259\u015ft&hellip;","_links":{"self":[{"href":"https:\/\/arantv.az\/index.php?rest_route=\/wp\/v2\/posts\/669882"}],"collection":[{"href":"https:\/\/arantv.az\/index.php?rest_route=\/wp\/v2\/posts"}],"about":[{"href":"https:\/\/arantv.az\/index.php?rest_route=\/wp\/v2\/types\/post"}],"author":[{"embeddable":true,"href":"https:\/\/arantv.az\/index.php?rest_route=\/wp\/v2\/users\/2"}],"replies":[{"embeddable":true,"href":"https:\/\/arantv.az\/index.php?rest_route=%2Fwp%2Fv2%2Fcomments&post=669882"}],"version-history":[{"count":0,"href":"https:\/\/arantv.az\/index.php?rest_route=\/wp\/v2\/posts\/669882\/revisions"}],"wp:featuredmedia":[{"embeddable":true,"href":"https:\/\/arantv.az\/index.php?rest_route=\/wp\/v2\/media\/352672"}],"wp:attachment":[{"href":"https:\/\/arantv.az\/index.php?rest_route=%2Fwp%2Fv2%2Fmedia&parent=669882"}],"wp:term":[{"taxonomy":"category","embeddable":true,"href":"https:\/\/arantv.az\/index.php?rest_route=%2Fwp%2Fv2%2Fcategories&post=669882"},{"taxonomy":"post_tag","embeddable":true,"href":"https:\/\/arantv.az\/index.php?rest_route=%2Fwp%2Fv2%2Ftags&post=669882"}],"curies":[{"name":"wp","href":"https:\/\/api.w.org\/{rel}","templated":true}]}}