{"id":669908,"date":"2023-12-17T15:07:58","date_gmt":"2023-12-17T11:07:58","guid":{"rendered":"https:\/\/arantv.az\/?p=669908"},"modified":"2023-12-17T15:07:58","modified_gmt":"2023-12-17T11:07:58","slug":"prezident-seckil%c9%99ri-il%c9%99-bagli-yap-in-yerli-q%c9%99rargahlari-yaradilib-t%c9%99rkibi-t%c9%99sdiql%c9%99nib","status":"publish","type":"post","link":"https:\/\/arantv.az\/?p=669908","title":{"rendered":"Prezident se\u00e7kil\u0259ri il\u0259 ba\u011fl\u0131 YAP-\u0131n yerli q\u0259rargahlar\u0131 yarad\u0131l\u0131b, t\u0259rkibi t\u0259sdiql\u0259nib"},"content":{"rendered":"<p>Dekabr\u0131n 17-d\u0259 Yeni Az\u0259rbaycan Partiyas\u0131n\u0131n (YAP) M\u0259rk\u0259zi Se\u00e7ki Q\u0259rargah\u0131n\u0131n ilk iclas\u0131 ke\u00e7irilib.<\/p>\n<p>\u201cReport\u201d x\u0259b\u0259r verir ki, iclasda 2024-c\u00fc il fevral\u0131n 7-n\u0259 t\u0259yin edilmi\u015f n\u00f6vb\u0259d\u0259nk\u0259nar Az\u0259rbaycan Respublikas\u0131 Prezidenti se\u00e7kil\u0259rind\u0259 \u0130lham Heyd\u0259r o\u011flu \u018fliyevin namiz\u0259dliyinin t\u0259sdiq edilm\u0259si \u00fc\u00e7\u00fcn t\u0259l\u0259b olunan s\u0259n\u0259dl\u0259rin Az\u0259rbaycan Respublikas\u0131 Se\u00e7ki M\u0259c\u0259ll\u0259sinin 54.5 madd\u0259sin\u0259 \u0259sas\u0259n 2023-c\u00fc il dekabr\u0131n 16-da M\u0259rk\u0259zi Se\u00e7ki Komissiyas\u0131na t\u0259qdim edildiyi, Yeni Az\u0259rbaycan Partiyas\u0131n\u0131n T\u0259dbirl\u0259r Plan\u0131nda \u0259ks olunan dig\u0259r \u0259sas h\u0259r\u0259k\u0259t v\u0259 t\u0259dbirl\u0259rin d\u0259 m\u00fc\u0259yy\u0259n olunmu\u015f m\u00fcdd\u0259tl\u0259rd\u0259 icras\u0131n\u0131n z\u0259ruriliyi qeyd olunub.<br \/>\nM\u00fczakir\u0259l\u0259rd\u0259n sonra yerli q\u0259rargahlar\u0131n yarad\u0131lmas\u0131 haqq\u0131nda q\u0259rar q\u0259bul edilib v\u0259 h\u0259r bir inzibati \u0259razi vahidi \u00fczr\u0259 YAP yerli se\u00e7ki q\u0259rargahlar\u0131n\u0131n t\u0259rkibi t\u0259sdiql\u0259nib.<\/p>\n","protected":false},"excerpt":{"rendered":"<p>Dekabr\u0131n 17-d\u0259 Yeni Az\u0259rbaycan Partiyas\u0131n\u0131n (YAP) M\u0259rk\u0259zi Se\u00e7ki Q\u0259rargah\u0131n\u0131n ilk iclas\u0131 ke\u00e7irilib. \u201cReport\u201d x\u0259b\u0259r verir ki, iclasda 2024-c\u00fc il fevral\u0131n 7-n\u0259 t\u0259yin edilmi\u015f n\u00f6vb\u0259d\u0259nk\u0259nar Az\u0259rbaycan Respublikas\u0131 Prezidenti se\u00e7kil\u0259rind\u0259 \u0130lham Heyd\u0259r o\u011flu \u018fliyevin namiz\u0259dliyinin t\u0259sdiq edilm\u0259si \u00fc\u00e7\u00fcn t\u0259l\u0259b olunan s\u0259n\u0259dl\u0259rin Az\u0259rbaycan Respublikas\u0131 Se\u00e7ki M\u0259c\u0259ll\u0259sinin 54.5 madd\u0259sin\u0259 \u0259sas\u0259n 2023-c\u00fc il dekabr\u0131n 16-da M\u0259rk\u0259zi Se\u00e7ki Komissiyas\u0131na t\u0259qdim edildiyi, Yeni Az\u0259rbaycan Partiyas\u0131n\u0131n T\u0259dbirl\u0259r Plan\u0131nda \u0259ks olunan dig\u0259r \u0259sas h\u0259r\u0259k\u0259t v\u0259 t\u0259dbirl\u0259rin d\u0259 m\u00fc\u0259yy\u0259n olunmu\u015f m\u00fcdd\u0259tl\u0259rd\u0259 icras\u0131n\u0131n z\u0259ruriliyi qeyd olunub. M\u00fczakir\u0259l\u0259rd\u0259n sonra yerli q\u0259rargahlar\u0131n yarad\u0131lmas\u0131 haqq\u0131nda q\u0259rar q\u0259bul edilib v\u0259 h\u0259r bir inzibati \u0259razi vahidi&hellip;<\/p>\n","protected":false},"author":2,"featured_media":669909,"comment_status":"closed","ping_status":"closed","sticky":false,"template":"","format":"standard","meta":{"om_disable_all_campaigns":false,"_monsterinsights_skip_tracking":false,"_monsterinsights_sitenote_active":false,"_monsterinsights_sitenote_note":"","_monsterinsights_sitenote_category":0},"categories":[4],"tags":[],"aioseo_notices":[],"gutentor_comment":0,"rttpg_featured_image_url":{"full":["https:\/\/arantv.az\/wp-content\/uploads\/2023\/12\/657a99fab6fa4657a99fab6fa51702533626983b6929d5259b28395cb74339837db5-2.jpg",620,413,false],"landscape":["https:\/\/arantv.az\/wp-content\/uploads\/2023\/12\/657a99fab6fa4657a99fab6fa51702533626983b6929d5259b28395cb74339837db5-2.jpg",620,413,false],"portraits":["https:\/\/arantv.az\/wp-content\/uploads\/2023\/12\/657a99fab6fa4657a99fab6fa51702533626983b6929d5259b28395cb74339837db5-2.jpg",620,413,false],"thumbnail":["https:\/\/arantv.az\/wp-content\/uploads\/2023\/12\/657a99fab6fa4657a99fab6fa51702533626983b6929d5259b28395cb74339837db5-2-500x280.jpg",500,280,true],"medium":["https:\/\/arantv.az\/wp-content\/uploads\/2023\/12\/657a99fab6fa4657a99fab6fa51702533626983b6929d5259b28395cb74339837db5-2-548x365.jpg",548,365,true],"large":["https:\/\/arantv.az\/wp-content\/uploads\/2023\/12\/657a99fab6fa4657a99fab6fa51702533626983b6929d5259b28395cb74339837db5-2.jpg",620,413,false],"1536x1536":["https:\/\/arantv.az\/wp-content\/uploads\/2023\/12\/657a99fab6fa4657a99fab6fa51702533626983b6929d5259b28395cb74339837db5-2.jpg",620,413,false],"2048x2048":["https:\/\/arantv.az\/wp-content\/uploads\/2023\/12\/657a99fab6fa4657a99fab6fa51702533626983b6929d5259b28395cb74339837db5-2.jpg",620,413,false],"post-thumbnail":["https:\/\/arantv.az\/wp-content\/uploads\/2023\/12\/657a99fab6fa4657a99fab6fa51702533626983b6929d5259b28395cb74339837db5-2-240x172.jpg",240,172,true],"advps-thumb-one":["https:\/\/arantv.az\/wp-content\/uploads\/2023\/12\/657a99fab6fa4657a99fab6fa51702533626983b6929d5259b28395cb74339837db5-2.jpg",620,413,false]},"rttpg_author":{"display_name":"V\u00fcsal Rafiqo\u011flu","author_link":"https:\/\/arantv.az\/?author=2"},"rttpg_comment":0,"rttpg_category":"<a href=\"https:\/\/arantv.az\/?cat=4\" rel=\"category\">Siyas\u0259t<\/a>","rttpg_excerpt":"Dekabr\u0131n 17-d\u0259 Yeni Az\u0259rbaycan Partiyas\u0131n\u0131n (YAP) M\u0259rk\u0259zi Se\u00e7ki Q\u0259rargah\u0131n\u0131n ilk iclas\u0131 ke\u00e7irilib. \u201cReport\u201d x\u0259b\u0259r verir ki, iclasda 2024-c\u00fc il fevral\u0131n 7-n\u0259 t\u0259yin edilmi\u015f n\u00f6vb\u0259d\u0259nk\u0259nar Az\u0259rbaycan Respublikas\u0131 Prezidenti se\u00e7kil\u0259rind\u0259 \u0130lham Heyd\u0259r o\u011flu \u018fliyevin namiz\u0259dliyinin t\u0259sdiq edilm\u0259si \u00fc\u00e7\u00fcn t\u0259l\u0259b olunan s\u0259n\u0259dl\u0259rin Az\u0259rbaycan Respublikas\u0131 Se\u00e7ki M\u0259c\u0259ll\u0259sinin 54.5 madd\u0259sin\u0259 \u0259sas\u0259n 2023-c\u00fc il dekabr\u0131n 16-da M\u0259rk\u0259zi Se\u00e7ki Komissiyas\u0131na t\u0259qdim edildiyi,&hellip;","_links":{"self":[{"href":"https:\/\/arantv.az\/index.php?rest_route=\/wp\/v2\/posts\/669908"}],"collection":[{"href":"https:\/\/arantv.az\/index.php?rest_route=\/wp\/v2\/posts"}],"about":[{"href":"https:\/\/arantv.az\/index.php?rest_route=\/wp\/v2\/types\/post"}],"author":[{"embeddable":true,"href":"https:\/\/arantv.az\/index.php?rest_route=\/wp\/v2\/users\/2"}],"replies":[{"embeddable":true,"href":"https:\/\/arantv.az\/index.php?rest_route=%2Fwp%2Fv2%2Fcomments&post=669908"}],"version-history":[{"count":0,"href":"https:\/\/arantv.az\/index.php?rest_route=\/wp\/v2\/posts\/669908\/revisions"}],"wp:featuredmedia":[{"embeddable":true,"href":"https:\/\/arantv.az\/index.php?rest_route=\/wp\/v2\/media\/669909"}],"wp:attachment":[{"href":"https:\/\/arantv.az\/index.php?rest_route=%2Fwp%2Fv2%2Fmedia&parent=669908"}],"wp:term":[{"taxonomy":"category","embeddable":true,"href":"https:\/\/arantv.az\/index.php?rest_route=%2Fwp%2Fv2%2Fcategories&post=669908"},{"taxonomy":"post_tag","embeddable":true,"href":"https:\/\/arantv.az\/index.php?rest_route=%2Fwp%2Fv2%2Ftags&post=669908"}],"curies":[{"name":"wp","href":"https:\/\/api.w.org\/{rel}","templated":true}]}}