{"id":669911,"date":"2023-12-17T15:08:36","date_gmt":"2023-12-17T11:08:36","guid":{"rendered":"https:\/\/arantv.az\/?p=669911"},"modified":"2023-12-17T15:08:36","modified_gmt":"2023-12-17T11:08:36","slug":"heyd%c9%99r-%c9%99liyev-adina-turk-dill%c9%99ri-v%c9%99-m%c9%99d%c9%99niyy%c9%99tl%c9%99ri-m%c9%99rk%c9%99zinin-acilisi-olub-foto","status":"publish","type":"post","link":"https:\/\/arantv.az\/?p=669911","title":{"rendered":"\u201cHeyd\u0259r \u018fliyev ad\u0131na t\u00fcrk dill\u0259ri v\u0259 m\u0259d\u0259niyy\u0259tl\u0259ri m\u0259rk\u0259zi\u201dnin a\u00e7\u0131l\u0131\u015f\u0131 olub &#8211; FOTO"},"content":{"rendered":"<p>Dekabr\u0131n 14-d\u0259 Rusiya Federasiyas\u0131n\u0131n Voronej \u015f\u0259h\u0259rind\u0259 Voronej D\u00f6vl\u0259t Universitetinin t\u0259\u015fkilat\u00e7\u0131l\u0131\u011f\u0131 il\u0259 \u201cD\u0259yi\u015f\u0259n d\u00fcnyada m\u0259d\u0259niyy\u0259tl\u0259r dialoqu\u201d m\u00f6vzusunda beyn\u0259lxalq konfans ke\u00e7irilib.<\/p>\n<p>Bu bar\u0259d\u0259 D\u00f6vl\u0259t G\u00f6mr\u00fck Komit\u0259si m\u0259lumat verib.<\/p>\n<p>Konfrans \u0259r\u0259f\u0259sind\u0259 Az\u0259rbaycan Dill\u0259r Universiteti il\u0259 \u0259m\u0259kda\u015fl\u0131q \u00e7\u0259r\u00e7iv\u0259sind\u0259 Voronej D\u00f6vl\u0259t Universitetind\u0259 \u201cHeyd\u0259r \u018fliyev ad\u0131na t\u00fcrk dill\u0259ri v\u0259 m\u0259d\u0259niyy\u0259tl\u0259ri m\u0259rk\u0259zi\u201dnin a\u00e7\u0131l\u0131\u015f\u0131 olub.<\/p>\n<p>T\u0259dbird\u0259 Az\u0259rbaycan Respublikas\u0131n\u0131n Rusiya Federasiyas\u0131ndak\u0131 f\u00f6vq\u0259lad\u0259 v\u0259 s\u0259lahiyy\u0259tli s\u0259firi Polad B\u00fclb\u00fclo\u011flu, D\u00f6vl\u0259t G\u00f6mr\u00fck Komit\u0259sinin r\u0259hb\u0259rliyi il\u0259 n\u00fcmay\u0259nd\u0259 hey\u0259ti, Az\u0259rbaycan Dill\u0259r Universitetinin professorlar\u0131, Voronej D\u00f6vl\u0259t Universitetinin m\u0259zunlar\u0131 i\u015ftirak edibl\u0259r. Konfransda h\u0259m\u00e7inin D\u00f6vl\u0259t G\u00f6mr\u00fck Komit\u0259sinin Akademiyas\u0131 da t\u0259msil olunub.<\/p>\n<p>Qeyd ed\u0259k ki, yarad\u0131lan m\u0259rk\u0259z t\u00fcrk dill\u0259ri v\u0259 m\u0259d\u0259niyy\u0259tinin \u00f6yr\u0259nilm\u0259si istiqam\u0259tind\u0259 f\u0259aliyy\u0259t g\u00f6st\u0259r\u0259c\u0259k, xalqlar aras\u0131nda m\u0259d\u0259ni \u0259laq\u0259l\u0259rin, dostluq m\u00fcnasib\u0259tl\u0259rinin g\u00fccl\u0259nm\u0259sin\u0259 t\u00f6hf\u0259 ver\u0259c\u0259k.<\/p>\n<p>T\u0259dbird\u0259 \u00e7\u0131x\u0131\u015f ed\u0259nl\u0259r iki \u00f6lk\u0259 aras\u0131nda uzunm\u00fcdd\u0259tli dostluq m\u00fcnasib\u0259tl\u0259rinin quruldu\u011funu vur\u011fulay\u0131b, m\u0259rk\u0259zin a\u00e7\u0131l\u0131\u015f\u0131n\u0131 m\u00fch\u00fcm hadis\u0259 kimi qiym\u0259tl\u0259ndiribl\u0259r. O da qeyd olunub ki, t\u0259hsil\u0259, bilikli v\u0259 pe\u015f\u0259kar kadrlar\u0131n haz\u0131rlanmas\u0131na x\u00fcsusu diqq\u0259t g\u00f6st\u0259r\u0259n \u00dcmummilli Lider Heyd\u0259r \u018fliyevin r\u0259hb\u0259rliyi il\u0259 h\u0259yata ke\u00e7iril\u0259n proqramlar \u00e7\u0259r\u00e7iv\u0259sind\u0259 minl\u0259rl\u0259 az\u0259rbaycanl\u0131 g\u0259nc ke\u00e7mi\u015f ittifaq\u0131n m\u00fcxt\u0259lif respublikalar\u0131n\u0131n m\u00f6t\u0259b\u0259r ali t\u0259hsil m\u00fc\u0259ssis\u0259l\u0259rind\u0259, o c\u00fcml\u0259d\u0259n Voronej D\u00f6vl\u0259t Universitetind\u0259 t\u0259hsil al\u0131b. M\u0259hz buna g\u00f6r\u0259 d\u0259 Voronej D\u00f6vl\u0259t Universitetinin bitir\u0259n v\u0259 Az\u0259rbaycanda f\u0259aliyy\u0259t g\u00f6st\u0259r\u0259n t\u0259l\u0259b\u0259l\u0259r d\u0259 qonaq qismind\u0259 t\u0259dbir\u0259 d\u0259v\u0259t olunub.<\/p>\n<p>\u201cD\u0259yi\u015f\u0259n d\u00fcnyada m\u0259d\u0259niyy\u0259tl\u0259r dialoqu\u201d konfrans\u0131nda Az\u0259rbaycan v\u0259 Rusiyadan olan elm adamlar\u0131, ictimai xadiml\u0259r t\u0259r\u0259find\u0259n \u00fcmummilli lider Heyd\u0259r \u018fliyevin multikulturalizm siyas\u0259ti, d\u00f6vl\u0259t quruculu\u011fundak\u0131 m\u00fcst\u0259sna rolu, qon\u015fu \u00f6lk\u0259l\u0259rl\u0259 iqtisadi v\u0259 dostluq m\u00fcnasib\u0259tl\u0259rinin qurulmas\u0131, t\u0259hsil sisteminin formala\u015fd\u0131r\u0131lmas\u0131ndak\u0131 \u0259v\u0259zsiz xidm\u0259tl\u0259ri, eyni zamanda Prezident\u00a0<strong>\u0130lham \u018fliyevin<\/strong>\u00a0r\u0259hb\u0259rliyi il\u0259 m\u00fcasir Az\u0259rbaycan\u0131n \u0259ld\u0259 etdiyi nailiyy\u0259tl\u0259r bar\u0259d\u0259 m\u0259lumat verilib.<\/p>\n<p>Az\u0259rbaycan n\u00fcmay\u0259nd\u0259 hey\u0259ti t\u0259r\u0259find\u0259n m\u0259rk\u0259z\u0259 dahi \u015f\u0259xsiyy\u0259t Heyd\u0259r \u018fliyevin h\u0259yat\u0131na v\u0259 d\u00f6vl\u0259t\u00e7ilik irsin\u0259, h\u0259m\u00e7inin Az\u0259rbaycan\u0131n tarixi v\u0259 m\u0259d\u0259niyy\u0259tin\u0259 dair resurslar h\u0259diyy\u0259 olunub.<\/p>\n<p>&nbsp;<\/p>\n<div class=\"gallery\">\n<div class=\"gallery-i\"><img src=\"https:\/\/cdn.oxu.az\/uploads\/W1siZiIsIjIwMjMvMTIvMTcvMTQvMDMvNDcvZTA2NzA4MDUtZWMwNy00MmRmLTliYzMtMTRiODY3YWUwN2JhLzkxNTlhOWQwZjNjY2QyYzJjNTNkOGI0ZDg1YmMwNTExLmpwZyJdLFsicCIsImVuY29kZSIsImpwZyIsIi1xdWFsaXR5IDgwIl0sWyJwIiwidGh1bWIiLCI1OTB4NTkwXHUwMDNlIl1d?sha=1373d5f32966ceb8\" alt=\"\" \/><\/p>\n<div class=\"gallery-i-caption\"><\/div>\n<\/div>\n<div class=\"gallery-i\"><img src=\"https:\/\/cdn.oxu.az\/uploads\/W1siZiIsIjIwMjMvMTIvMTcvMTQvMDMvNDgvM2MzOGFhYmQtYjE0My00YzAzLTk2YTgtNjViYjE0MzVjNGU0L2M2OTZkMzRiOWNhYjMzYmM2NGVmMDEwMmNlODUxN2Q0LmpwZyJdLFsicCIsImVuY29kZSIsImpwZyIsIi1xdWFsaXR5IDgwIl0sWyJwIiwidGh1bWIiLCI1OTB4NTkwXHUwMDNlIl1d?sha=0e637f4fd025e100\" alt=\"\" \/><\/p>\n<div class=\"gallery-i-caption\"><\/div>\n<\/div>\n<div class=\"gallery-i\"><img src=\"https:\/\/cdn.oxu.az\/uploads\/W1siZiIsIjIwMjMvMTIvMTcvMTQvMDMvNDcvNDkxNDc0MjItMTM2OC00MzQxLWFlNGMtOGFiZDVlM2E3Zjk5L2JjZTBiZDA1Y2JjM2M2MDNhMzUxMmNiYzMzYmU2MmVjLmpwZyJdLFsicCIsImVuY29kZSIsImpwZyIsIi1xdWFsaXR5IDgwIl0sWyJwIiwidGh1bWIiLCI1OTB4NTkwXHUwMDNlIl1d?sha=3aae2c198fffb7f4\" alt=\"\" \/><\/p>\n<div class=\"gallery-i-caption\"><\/div>\n<\/div>\n<div class=\"gallery-i\"><img src=\"https:\/\/cdn.oxu.az\/uploads\/W1siZiIsIjIwMjMvMTIvMTcvMTQvMDMvNDcvMWQ0N2FkY2YtY2QxNi00OThkLTgxNTAtZTU5MGNhMzUwNDkwLzc0YTVlNTgxZDE1ZDFlNTU5YWZmNDM2ZGM3YmVjZDExLmpwZyJdLFsicCIsImVuY29kZSIsImpwZyIsIi1xdWFsaXR5IDgwIl0sWyJwIiwidGh1bWIiLCI1OTB4NTkwXHUwMDNlIl1d?sha=e7bb41440bab97be\" alt=\"\" \/><\/p>\n<div class=\"gallery-i-caption\"><\/div>\n<\/div>\n<div class=\"gallery-i\"><img src=\"https:\/\/cdn.oxu.az\/uploads\/W1siZiIsIjIwMjMvMTIvMTcvMTQvMDMvNDcvZDNiNWNmMTEtYjRlMC00ZjJlLThhNTctOTk3MTY2MDE3MWRhLzNlMmI5YmE1ZGY1NzJjNjFmYTY5MGZiY2NmN2MyOTk0LmpwZyJdLFsicCIsImVuY29kZSIsImpwZyIsIi1xdWFsaXR5IDgwIl0sWyJwIiwidGh1bWIiLCI1OTB4NTkwXHUwMDNlIl1d?sha=e017e08ec7465585\" alt=\"\" \/><\/p>\n<div class=\"gallery-i-caption\"><\/div>\n<\/div>\n<div class=\"gallery-i\"><img src=\"https:\/\/cdn.oxu.az\/uploads\/W1siZiIsIjIwMjMvMTIvMTcvMTQvMDMvNDcvZWRlMzYzZDctYjg4Mi00YWYxLWFhMDctYTkzMGI1NTk1MmFmLzMzMTg1MDIxY2Y0YTI5N2EyOGYxM2Q1MjU3NTk0NzYwLmpwZyJdLFsicCIsImVuY29kZSIsImpwZyIsIi1xdWFsaXR5IDgwIl0sWyJwIiwidGh1bWIiLCI1OTB4NTkwXHUwMDNlIl1d?sha=93c56614edef5d96\" alt=\"\" \/><\/div>\n<\/div>\n","protected":false},"excerpt":{"rendered":"<p>Dekabr\u0131n 14-d\u0259 Rusiya Federasiyas\u0131n\u0131n Voronej \u015f\u0259h\u0259rind\u0259 Voronej D\u00f6vl\u0259t Universitetinin t\u0259\u015fkilat\u00e7\u0131l\u0131\u011f\u0131 il\u0259 \u201cD\u0259yi\u015f\u0259n d\u00fcnyada m\u0259d\u0259niyy\u0259tl\u0259r dialoqu\u201d m\u00f6vzusunda beyn\u0259lxalq konfans ke\u00e7irilib. Bu bar\u0259d\u0259 D\u00f6vl\u0259t G\u00f6mr\u00fck Komit\u0259si m\u0259lumat verib. Konfrans \u0259r\u0259f\u0259sind\u0259 Az\u0259rbaycan Dill\u0259r Universiteti il\u0259 \u0259m\u0259kda\u015fl\u0131q \u00e7\u0259r\u00e7iv\u0259sind\u0259 Voronej D\u00f6vl\u0259t Universitetind\u0259 \u201cHeyd\u0259r \u018fliyev ad\u0131na t\u00fcrk dill\u0259ri v\u0259 m\u0259d\u0259niyy\u0259tl\u0259ri m\u0259rk\u0259zi\u201dnin a\u00e7\u0131l\u0131\u015f\u0131 olub. T\u0259dbird\u0259 Az\u0259rbaycan Respublikas\u0131n\u0131n Rusiya Federasiyas\u0131ndak\u0131 f\u00f6vq\u0259lad\u0259 v\u0259 s\u0259lahiyy\u0259tli s\u0259firi Polad B\u00fclb\u00fclo\u011flu, D\u00f6vl\u0259t G\u00f6mr\u00fck Komit\u0259sinin r\u0259hb\u0259rliyi il\u0259 n\u00fcmay\u0259nd\u0259 hey\u0259ti, Az\u0259rbaycan Dill\u0259r Universitetinin professorlar\u0131, Voronej D\u00f6vl\u0259t Universitetinin m\u0259zunlar\u0131 i\u015ftirak edibl\u0259r. Konfransda h\u0259m\u00e7inin D\u00f6vl\u0259t G\u00f6mr\u00fck Komit\u0259sinin Akademiyas\u0131 da t\u0259msil olunub. Qeyd ed\u0259k ki, yarad\u0131lan m\u0259rk\u0259z t\u00fcrk&hellip;<\/p>\n","protected":false},"author":2,"featured_media":669912,"comment_status":"closed","ping_status":"closed","sticky":false,"template":"","format":"standard","meta":{"om_disable_all_campaigns":false,"_monsterinsights_skip_tracking":false,"_monsterinsights_sitenote_active":false,"_monsterinsights_sitenote_note":"","_monsterinsights_sitenote_category":0},"categories":[4],"tags":[],"aioseo_notices":[],"gutentor_comment":0,"rttpg_featured_image_url":{"full":["https:\/\/arantv.az\/wp-content\/uploads\/2023\/12\/FotoJet-11-4.jpg",620,413,false],"landscape":["https:\/\/arantv.az\/wp-content\/uploads\/2023\/12\/FotoJet-11-4.jpg",620,413,false],"portraits":["https:\/\/arantv.az\/wp-content\/uploads\/2023\/12\/FotoJet-11-4.jpg",620,413,false],"thumbnail":["https:\/\/arantv.az\/wp-content\/uploads\/2023\/12\/FotoJet-11-4-500x280.jpg",500,280,true],"medium":["https:\/\/arantv.az\/wp-content\/uploads\/2023\/12\/FotoJet-11-4-548x365.jpg",548,365,true],"large":["https:\/\/arantv.az\/wp-content\/uploads\/2023\/12\/FotoJet-11-4.jpg",620,413,false],"1536x1536":["https:\/\/arantv.az\/wp-content\/uploads\/2023\/12\/FotoJet-11-4.jpg",620,413,false],"2048x2048":["https:\/\/arantv.az\/wp-content\/uploads\/2023\/12\/FotoJet-11-4.jpg",620,413,false],"post-thumbnail":["https:\/\/arantv.az\/wp-content\/uploads\/2023\/12\/FotoJet-11-4-240x172.jpg",240,172,true],"advps-thumb-one":["https:\/\/arantv.az\/wp-content\/uploads\/2023\/12\/FotoJet-11-4.jpg",620,413,false]},"rttpg_author":{"display_name":"V\u00fcsal Rafiqo\u011flu","author_link":"https:\/\/arantv.az\/?author=2"},"rttpg_comment":0,"rttpg_category":"<a href=\"https:\/\/arantv.az\/?cat=4\" rel=\"category\">Siyas\u0259t<\/a>","rttpg_excerpt":"Dekabr\u0131n 14-d\u0259 Rusiya Federasiyas\u0131n\u0131n Voronej \u015f\u0259h\u0259rind\u0259 Voronej D\u00f6vl\u0259t Universitetinin t\u0259\u015fkilat\u00e7\u0131l\u0131\u011f\u0131 il\u0259 \u201cD\u0259yi\u015f\u0259n d\u00fcnyada m\u0259d\u0259niyy\u0259tl\u0259r dialoqu\u201d m\u00f6vzusunda beyn\u0259lxalq konfans ke\u00e7irilib. Bu bar\u0259d\u0259 D\u00f6vl\u0259t G\u00f6mr\u00fck Komit\u0259si m\u0259lumat verib. Konfrans \u0259r\u0259f\u0259sind\u0259 Az\u0259rbaycan Dill\u0259r Universiteti il\u0259 \u0259m\u0259kda\u015fl\u0131q \u00e7\u0259r\u00e7iv\u0259sind\u0259 Voronej D\u00f6vl\u0259t Universitetind\u0259 \u201cHeyd\u0259r \u018fliyev ad\u0131na t\u00fcrk dill\u0259ri v\u0259 m\u0259d\u0259niyy\u0259tl\u0259ri m\u0259rk\u0259zi\u201dnin a\u00e7\u0131l\u0131\u015f\u0131 olub. T\u0259dbird\u0259 Az\u0259rbaycan Respublikas\u0131n\u0131n Rusiya Federasiyas\u0131ndak\u0131 f\u00f6vq\u0259lad\u0259 v\u0259 s\u0259lahiyy\u0259tli&hellip;","_links":{"self":[{"href":"https:\/\/arantv.az\/index.php?rest_route=\/wp\/v2\/posts\/669911"}],"collection":[{"href":"https:\/\/arantv.az\/index.php?rest_route=\/wp\/v2\/posts"}],"about":[{"href":"https:\/\/arantv.az\/index.php?rest_route=\/wp\/v2\/types\/post"}],"author":[{"embeddable":true,"href":"https:\/\/arantv.az\/index.php?rest_route=\/wp\/v2\/users\/2"}],"replies":[{"embeddable":true,"href":"https:\/\/arantv.az\/index.php?rest_route=%2Fwp%2Fv2%2Fcomments&post=669911"}],"version-history":[{"count":0,"href":"https:\/\/arantv.az\/index.php?rest_route=\/wp\/v2\/posts\/669911\/revisions"}],"wp:featuredmedia":[{"embeddable":true,"href":"https:\/\/arantv.az\/index.php?rest_route=\/wp\/v2\/media\/669912"}],"wp:attachment":[{"href":"https:\/\/arantv.az\/index.php?rest_route=%2Fwp%2Fv2%2Fmedia&parent=669911"}],"wp:term":[{"taxonomy":"category","embeddable":true,"href":"https:\/\/arantv.az\/index.php?rest_route=%2Fwp%2Fv2%2Fcategories&post=669911"},{"taxonomy":"post_tag","embeddable":true,"href":"https:\/\/arantv.az\/index.php?rest_route=%2Fwp%2Fv2%2Ftags&post=669911"}],"curies":[{"name":"wp","href":"https:\/\/api.w.org\/{rel}","templated":true}]}}