{"id":669914,"date":"2023-12-17T15:09:55","date_gmt":"2023-12-17T11:09:55","guid":{"rendered":"https:\/\/arantv.az\/?p=669914"},"modified":"2023-12-17T15:09:55","modified_gmt":"2023-12-17T11:09:55","slug":"olk%c9%99-%c9%99razisind%c9%99-qeyri-sabit-hava-s%c9%99raiti-n%c9%99-vaxtad%c9%99k-davam-ed%c9%99c%c9%99k-2","status":"publish","type":"post","link":"https:\/\/arantv.az\/?p=669914","title":{"rendered":"\u00d6lk\u0259 \u0259razisind\u0259 qeyri-sabit hava \u015f\u0259raiti n\u0259 vaxtad\u0259k davam ed\u0259c\u0259k?"},"content":{"rendered":"<p>\u201c\u015eimal-q\u0259rbd\u0259n h\u0259r\u0259k\u0259t ed\u0259n soyuq hava k\u00fctl\u0259l\u0259rinin t\u0259siri n\u0259tic\u0259sind\u0259 \u00f6lk\u0259 \u0259razisind\u0259 ya\u011f\u0131nt\u0131l\u0131, k\u00fcl\u0259kli hava \u015f\u0259raiti m\u00fc\u015fahid\u0259 olunur\u201d.<\/p>\n<p>Bunu Milli Hidrometeorologiya Xidm\u0259tinin Hidrometeoroloji Proqnozlar B\u00fcrosunun direktoru G\u00fcl\u015fad M\u0259mm\u0259dova deyib.<\/p>\n<p>O bildirib ki, k\u00fcl\u0259yin maksimal s\u00fcr\u0259tinin b\u0259zi yerl\u0259rd\u0259 27-32 m\/san-d\u0259k \u00e7ataca\u011f\u0131 g\u00f6zl\u0259nilir:<\/p>\n<p>\u201cHavan\u0131n temperaturu \u00f6t\u0259n g\u00fcnl\u0259rl\u0259 m\u00fcqayis\u0259d\u0259 5-8 d\u0259r\u0259c\u0259 a\u015fa\u011f\u0131 en\u0259c\u0259k\u201d.<\/p>\n<p>Qeyd edilib ki, Bak\u0131da v\u0259 Ab\u015feron yar\u0131madas\u0131nda da ya\u011f\u0131nt\u0131l\u0131 hava \u015f\u0259raiti dekabr\u0131n 18-i s\u0259h\u0259r\u0259d\u0259k davam ed\u0259c\u0259k. B\u0259zi yerl\u0259rd\u0259 intensiv olaca\u011f\u0131, 17-i gec\u0259y\u0259 do\u011fru, 17-d\u0259n 18-\u0259 ke\u00e7\u0259n gec\u0259 v\u0259 s\u0259h\u0259r saatlar\u0131nda b\u0259zi \u015f\u0259h\u0259r\u0259traf\u0131 \u0259razil\u0259rd\u0259 ya\u011f\u0131\u015f\u0131n sulu qara ke\u00e7\u0259c\u0259yi ehtimal olunur.<\/p>\n<p>B\u0259zi yerl\u0259rd\u0259 qar ya\u011facaq, ayr\u0131-ayr\u0131 yerl\u0259rd\u0259, \u0259sas\u0259n Nax\u00e7\u0131van Muxtar Respublikas\u0131, Qaraba\u011f v\u0259 \u015e\u0259rqi-Z\u0259ng\u0259zur b\u00f6lg\u0259sind\u0259, Balak\u0259n, \u015e\u0259ki, Quba, Xa\u00e7maz, L\u0259nk\u0259ran, Astara zonas\u0131nda ya\u011f\u0131nt\u0131lar\u0131n intensiv olaca\u011f\u0131 ehtimal olunur.<\/p>\n<p>18-i g\u00fcnd\u00fcz saatlar\u0131ndan Bak\u0131da v\u0259 Ab\u015feron yar\u0131madas\u0131nda v\u0259 b\u00f6lg\u0259l\u0259rd\u0259 hava \u015f\u0259raitinin nisb\u0259t\u0259n sabitl\u0259\u015f\u0259c\u0259yi g\u00f6zl\u0259nilir.<\/p>\n<p>Dekabr\u0131n 19-u v\u0259 20-d\u0259 \u00f6lk\u0259 \u0259razisind\u0259 havan\u0131n m\u00fclayim, \u0259sas\u0259n ya\u011fmursuz ke\u00e7\u0259c\u0259yi proqnozla\u015fd\u0131r\u0131l\u0131r. M\u00fclayim c\u0259nub-\u015f\u0259rq k\u00fcl\u0259kl\u0259ri \u00fcst\u00fcnl\u00fck t\u0259\u015fkil ed\u0259c\u0259k.<\/p>\n","protected":false},"excerpt":{"rendered":"<p>\u201c\u015eimal-q\u0259rbd\u0259n h\u0259r\u0259k\u0259t ed\u0259n soyuq hava k\u00fctl\u0259l\u0259rinin t\u0259siri n\u0259tic\u0259sind\u0259 \u00f6lk\u0259 \u0259razisind\u0259 ya\u011f\u0131nt\u0131l\u0131, k\u00fcl\u0259kli hava \u015f\u0259raiti m\u00fc\u015fahid\u0259 olunur\u201d. Bunu Milli Hidrometeorologiya Xidm\u0259tinin Hidrometeoroloji Proqnozlar B\u00fcrosunun direktoru G\u00fcl\u015fad M\u0259mm\u0259dova deyib. O bildirib ki, k\u00fcl\u0259yin maksimal s\u00fcr\u0259tinin b\u0259zi yerl\u0259rd\u0259 27-32 m\/san-d\u0259k \u00e7ataca\u011f\u0131 g\u00f6zl\u0259nilir: \u201cHavan\u0131n temperaturu \u00f6t\u0259n g\u00fcnl\u0259rl\u0259 m\u00fcqayis\u0259d\u0259 5-8 d\u0259r\u0259c\u0259 a\u015fa\u011f\u0131 en\u0259c\u0259k\u201d. Qeyd edilib ki, Bak\u0131da v\u0259 Ab\u015feron yar\u0131madas\u0131nda da ya\u011f\u0131nt\u0131l\u0131 hava \u015f\u0259raiti dekabr\u0131n 18-i s\u0259h\u0259r\u0259d\u0259k davam ed\u0259c\u0259k. B\u0259zi yerl\u0259rd\u0259 intensiv olaca\u011f\u0131, 17-i gec\u0259y\u0259 do\u011fru, 17-d\u0259n 18-\u0259 ke\u00e7\u0259n gec\u0259 v\u0259 s\u0259h\u0259r saatlar\u0131nda b\u0259zi \u015f\u0259h\u0259r\u0259traf\u0131 \u0259razil\u0259rd\u0259 ya\u011f\u0131\u015f\u0131n sulu qara ke\u00e7\u0259c\u0259yi ehtimal olunur. B\u0259zi yerl\u0259rd\u0259 qar&hellip;<\/p>\n","protected":false},"author":2,"featured_media":656439,"comment_status":"closed","ping_status":"closed","sticky":false,"template":"","format":"standard","meta":{"om_disable_all_campaigns":false,"_monsterinsights_skip_tracking":false,"_monsterinsights_sitenote_active":false,"_monsterinsights_sitenote_note":"","_monsterinsights_sitenote_category":0},"categories":[22],"tags":[],"aioseo_notices":[],"gutentor_comment":0,"rttpg_featured_image_url":{"full":["https:\/\/arantv.az\/wp-content\/uploads\/2023\/11\/yagis-1.gif",498,282,false],"landscape":["https:\/\/arantv.az\/wp-content\/uploads\/2023\/11\/yagis-1.gif",498,282,false],"portraits":["https:\/\/arantv.az\/wp-content\/uploads\/2023\/11\/yagis-1.gif",498,282,false],"thumbnail":["https:\/\/arantv.az\/wp-content\/uploads\/2023\/11\/yagis-1-498x280.gif",498,280,true],"medium":["https:\/\/arantv.az\/wp-content\/uploads\/2023\/11\/yagis-1.gif",498,282,false],"large":["https:\/\/arantv.az\/wp-content\/uploads\/2023\/11\/yagis-1.gif",498,282,false],"1536x1536":["https:\/\/arantv.az\/wp-content\/uploads\/2023\/11\/yagis-1.gif",498,282,false],"2048x2048":["https:\/\/arantv.az\/wp-content\/uploads\/2023\/11\/yagis-1.gif",498,282,false],"post-thumbnail":["https:\/\/arantv.az\/wp-content\/uploads\/2023\/11\/yagis-1-240x172.gif",240,172,true],"advps-thumb-one":["https:\/\/arantv.az\/wp-content\/uploads\/2023\/11\/yagis-1.gif",498,282,false]},"rttpg_author":{"display_name":"V\u00fcsal Rafiqo\u011flu","author_link":"https:\/\/arantv.az\/?author=2"},"rttpg_comment":0,"rttpg_category":"<a href=\"https:\/\/arantv.az\/?cat=22\" rel=\"category\">Hava<\/a>","rttpg_excerpt":"\u201c\u015eimal-q\u0259rbd\u0259n h\u0259r\u0259k\u0259t ed\u0259n soyuq hava k\u00fctl\u0259l\u0259rinin t\u0259siri n\u0259tic\u0259sind\u0259 \u00f6lk\u0259 \u0259razisind\u0259 ya\u011f\u0131nt\u0131l\u0131, k\u00fcl\u0259kli hava \u015f\u0259raiti m\u00fc\u015fahid\u0259 olunur\u201d. Bunu Milli Hidrometeorologiya Xidm\u0259tinin Hidrometeoroloji Proqnozlar B\u00fcrosunun direktoru G\u00fcl\u015fad M\u0259mm\u0259dova deyib. O bildirib ki, k\u00fcl\u0259yin maksimal s\u00fcr\u0259tinin b\u0259zi yerl\u0259rd\u0259 27-32 m\/san-d\u0259k \u00e7ataca\u011f\u0131 g\u00f6zl\u0259nilir: \u201cHavan\u0131n temperaturu \u00f6t\u0259n g\u00fcnl\u0259rl\u0259 m\u00fcqayis\u0259d\u0259 5-8 d\u0259r\u0259c\u0259 a\u015fa\u011f\u0131 en\u0259c\u0259k\u201d. Qeyd edilib ki, Bak\u0131da v\u0259 Ab\u015feron yar\u0131madas\u0131nda&hellip;","_links":{"self":[{"href":"https:\/\/arantv.az\/index.php?rest_route=\/wp\/v2\/posts\/669914"}],"collection":[{"href":"https:\/\/arantv.az\/index.php?rest_route=\/wp\/v2\/posts"}],"about":[{"href":"https:\/\/arantv.az\/index.php?rest_route=\/wp\/v2\/types\/post"}],"author":[{"embeddable":true,"href":"https:\/\/arantv.az\/index.php?rest_route=\/wp\/v2\/users\/2"}],"replies":[{"embeddable":true,"href":"https:\/\/arantv.az\/index.php?rest_route=%2Fwp%2Fv2%2Fcomments&post=669914"}],"version-history":[{"count":0,"href":"https:\/\/arantv.az\/index.php?rest_route=\/wp\/v2\/posts\/669914\/revisions"}],"wp:featuredmedia":[{"embeddable":true,"href":"https:\/\/arantv.az\/index.php?rest_route=\/wp\/v2\/media\/656439"}],"wp:attachment":[{"href":"https:\/\/arantv.az\/index.php?rest_route=%2Fwp%2Fv2%2Fmedia&parent=669914"}],"wp:term":[{"taxonomy":"category","embeddable":true,"href":"https:\/\/arantv.az\/index.php?rest_route=%2Fwp%2Fv2%2Fcategories&post=669914"},{"taxonomy":"post_tag","embeddable":true,"href":"https:\/\/arantv.az\/index.php?rest_route=%2Fwp%2Fv2%2Ftags&post=669914"}],"curies":[{"name":"wp","href":"https:\/\/api.w.org\/{rel}","templated":true}]}}