{"id":669917,"date":"2023-12-17T15:13:02","date_gmt":"2023-12-17T11:13:02","guid":{"rendered":"https:\/\/arantv.az\/?p=669917"},"modified":"2023-12-17T15:13:02","modified_gmt":"2023-12-17T11:13:02","slug":"pfl-prezidenti-v%c9%99-vitse-prezidentinin-sagliq-durumu-aciqlanib","status":"publish","type":"post","link":"https:\/\/arantv.az\/?p=669917","title":{"rendered":"PFL prezidenti v\u0259 vitse-prezidentinin sa\u011fl\u0131q durumu a\u00e7\u0131qlan\u0131b"},"content":{"rendered":"<p>D\u00fcn\u0259n \u0259m\u0259liyyat olunan Pe\u015f\u0259kar Futbol Liqas\u0131n\u0131n (PFL) prezidenti Elxan S\u0259m\u0259dov v\u0259 PFL vitse-prezidenti Aslan \u015eahg\u0259ldigevin v\u0259ziyy\u0259ti stabildir.<\/p>\n<p>APA x\u0259b\u0259r verir ki, Liv Bona Dea Hospital\u0131n m\u0259tbuat xidm\u0259tind\u0259n m\u0259lumat verilib. Bildirilib ki, reanimasiya \u015f\u0259raitind\u0259 m\u00fcalic\u0259l\u0259ri davam edir.<\/p>\n<p>\u201cDig\u0259r d\u00f6rd x\u0259st\u0259 is\u0259 stasionar \u015f\u0259raitd\u0259 m\u00fcalic\u0259 al\u0131r. \u00dcmumi v\u0259ziyy\u0259tl\u0259ri nisbi-stabildir\u201d, &#8211; dey\u0259 cavabda qeyd edilib.<\/p>\n<p>Qeyd ed\u0259k ki, dekabr\u0131n 16-da A\u011fdam rayonu, Birinci D\u00f6rdyol q\u0259s\u0259b\u0259sind\u0259 \u201cMercedes\u201d markal\u0131 mikroavtobusun yol k\u0259nar\u0131ndak\u0131 mane\u0259y\u0259 \u00e7\u0131rp\u0131lmas\u0131 n\u0259tic\u0259sind\u0259 alt\u0131 n\u0259f\u0259r &#8211; PFL-in prezidenti Elxan S\u0259m\u0259dov, PFL-in vitse-prezidenti Aslan \u015eahg\u0259ldiyev, PFL-in icra\u00e7\u0131 direktor Zaur Hac\u0131m\u0259h\u0259rr\u0259mov, PFL-in texniki-idman direktoru Elgiz Abbasov, PFL-in media v\u0259 marketinq direktoru S\u0259nan Abdullayev v\u0259 s\u00fcr\u00fcc\u00fc Rasim Qafarl\u0131 x\u0259sar\u0259t al\u0131blar.<\/p>\n","protected":false},"excerpt":{"rendered":"<p>D\u00fcn\u0259n \u0259m\u0259liyyat olunan Pe\u015f\u0259kar Futbol Liqas\u0131n\u0131n (PFL) prezidenti Elxan S\u0259m\u0259dov v\u0259 PFL vitse-prezidenti Aslan \u015eahg\u0259ldigevin v\u0259ziyy\u0259ti stabildir. APA x\u0259b\u0259r verir ki, Liv Bona Dea Hospital\u0131n m\u0259tbuat xidm\u0259tind\u0259n m\u0259lumat verilib. Bildirilib ki, reanimasiya \u015f\u0259raitind\u0259 m\u00fcalic\u0259l\u0259ri davam edir. \u201cDig\u0259r d\u00f6rd x\u0259st\u0259 is\u0259 stasionar \u015f\u0259raitd\u0259 m\u00fcalic\u0259 al\u0131r. \u00dcmumi v\u0259ziyy\u0259tl\u0259ri nisbi-stabildir\u201d, &#8211; dey\u0259 cavabda qeyd edilib. Qeyd ed\u0259k ki, dekabr\u0131n 16-da A\u011fdam rayonu, Birinci D\u00f6rdyol q\u0259s\u0259b\u0259sind\u0259 \u201cMercedes\u201d markal\u0131 mikroavtobusun yol k\u0259nar\u0131ndak\u0131 mane\u0259y\u0259 \u00e7\u0131rp\u0131lmas\u0131 n\u0259tic\u0259sind\u0259 alt\u0131 n\u0259f\u0259r &#8211; PFL-in prezidenti Elxan S\u0259m\u0259dov, PFL-in vitse-prezidenti Aslan \u015eahg\u0259ldiyev, PFL-in icra\u00e7\u0131 direktor Zaur Hac\u0131m\u0259h\u0259rr\u0259mov, PFL-in texniki-idman direktoru Elgiz&hellip;<\/p>\n","protected":false},"author":2,"featured_media":669918,"comment_status":"closed","ping_status":"closed","sticky":false,"template":"","format":"standard","meta":{"om_disable_all_campaigns":false,"_monsterinsights_skip_tracking":false,"_monsterinsights_sitenote_active":false,"_monsterinsights_sitenote_note":"","_monsterinsights_sitenote_category":0},"categories":[1],"tags":[],"aioseo_notices":[],"gutentor_comment":0,"rttpg_featured_image_url":{"full":["https:\/\/arantv.az\/wp-content\/uploads\/2023\/12\/aslan-1.jpg",620,413,false],"landscape":["https:\/\/arantv.az\/wp-content\/uploads\/2023\/12\/aslan-1.jpg",620,413,false],"portraits":["https:\/\/arantv.az\/wp-content\/uploads\/2023\/12\/aslan-1.jpg",620,413,false],"thumbnail":["https:\/\/arantv.az\/wp-content\/uploads\/2023\/12\/aslan-1-500x280.jpg",500,280,true],"medium":["https:\/\/arantv.az\/wp-content\/uploads\/2023\/12\/aslan-1-548x365.jpg",548,365,true],"large":["https:\/\/arantv.az\/wp-content\/uploads\/2023\/12\/aslan-1.jpg",620,413,false],"1536x1536":["https:\/\/arantv.az\/wp-content\/uploads\/2023\/12\/aslan-1.jpg",620,413,false],"2048x2048":["https:\/\/arantv.az\/wp-content\/uploads\/2023\/12\/aslan-1.jpg",620,413,false],"post-thumbnail":["https:\/\/arantv.az\/wp-content\/uploads\/2023\/12\/aslan-1-240x172.jpg",240,172,true],"advps-thumb-one":["https:\/\/arantv.az\/wp-content\/uploads\/2023\/12\/aslan-1.jpg",620,413,false]},"rttpg_author":{"display_name":"V\u00fcsal Rafiqo\u011flu","author_link":"https:\/\/arantv.az\/?author=2"},"rttpg_comment":0,"rttpg_category":"<a href=\"https:\/\/arantv.az\/?cat=1\" rel=\"category\">C\u0259miyy\u0259t<\/a>","rttpg_excerpt":"D\u00fcn\u0259n \u0259m\u0259liyyat olunan Pe\u015f\u0259kar Futbol Liqas\u0131n\u0131n (PFL) prezidenti Elxan S\u0259m\u0259dov v\u0259 PFL vitse-prezidenti Aslan \u015eahg\u0259ldigevin v\u0259ziyy\u0259ti stabildir. APA x\u0259b\u0259r verir ki, Liv Bona Dea Hospital\u0131n m\u0259tbuat xidm\u0259tind\u0259n m\u0259lumat verilib. Bildirilib ki, reanimasiya \u015f\u0259raitind\u0259 m\u00fcalic\u0259l\u0259ri davam edir. \u201cDig\u0259r d\u00f6rd x\u0259st\u0259 is\u0259 stasionar \u015f\u0259raitd\u0259 m\u00fcalic\u0259 al\u0131r. \u00dcmumi v\u0259ziyy\u0259tl\u0259ri nisbi-stabildir\u201d, &#8211; dey\u0259 cavabda qeyd edilib. Qeyd ed\u0259k ki,&hellip;","_links":{"self":[{"href":"https:\/\/arantv.az\/index.php?rest_route=\/wp\/v2\/posts\/669917"}],"collection":[{"href":"https:\/\/arantv.az\/index.php?rest_route=\/wp\/v2\/posts"}],"about":[{"href":"https:\/\/arantv.az\/index.php?rest_route=\/wp\/v2\/types\/post"}],"author":[{"embeddable":true,"href":"https:\/\/arantv.az\/index.php?rest_route=\/wp\/v2\/users\/2"}],"replies":[{"embeddable":true,"href":"https:\/\/arantv.az\/index.php?rest_route=%2Fwp%2Fv2%2Fcomments&post=669917"}],"version-history":[{"count":0,"href":"https:\/\/arantv.az\/index.php?rest_route=\/wp\/v2\/posts\/669917\/revisions"}],"wp:featuredmedia":[{"embeddable":true,"href":"https:\/\/arantv.az\/index.php?rest_route=\/wp\/v2\/media\/669918"}],"wp:attachment":[{"href":"https:\/\/arantv.az\/index.php?rest_route=%2Fwp%2Fv2%2Fmedia&parent=669917"}],"wp:term":[{"taxonomy":"category","embeddable":true,"href":"https:\/\/arantv.az\/index.php?rest_route=%2Fwp%2Fv2%2Fcategories&post=669917"},{"taxonomy":"post_tag","embeddable":true,"href":"https:\/\/arantv.az\/index.php?rest_route=%2Fwp%2Fv2%2Ftags&post=669917"}],"curies":[{"name":"wp","href":"https:\/\/api.w.org\/{rel}","templated":true}]}}