{"id":669936,"date":"2023-12-17T16:50:00","date_gmt":"2023-12-17T12:50:00","guid":{"rendered":"https:\/\/arantv.az\/?p=669936"},"modified":"2023-12-17T16:50:00","modified_gmt":"2023-12-17T12:50:00","slug":"goygol-milli-parkinin-%c9%99razisind%c9%99-su-hovz%c9%99sin%c9%99-1500-d%c9%99n-cox-baliq-korp%c9%99si-buraxilib-foto","status":"publish","type":"post","link":"https:\/\/arantv.az\/?p=669936","title":{"rendered":"G\u00f6yg\u00f6l Milli Park\u0131n\u0131n \u0259razisind\u0259 su h\u00f6vz\u0259sin\u0259 1500-d\u0259n \u00e7ox bal\u0131q k\u00f6rp\u0259si burax\u0131l\u0131b &#8211; FOTO"},"content":{"rendered":"<p>G\u00f6yg\u00f6l Milli Park\u0131n\u0131n \u0259razisind\u0259 su h\u00f6vz\u0259sin\u0259 q\u0131z\u0131l xall\u0131 farel n\u00f6v\u00fcn\u0259 aid 1500-d\u0259n \u00e7ox bal\u0131q k\u00f6rp\u0259si burax\u0131l\u0131b.<\/p>\n<p>Bu bar\u0259d\u0259 Ekologiya v\u0259 T\u0259bii S\u0259rv\u0259tl\u0259r Nazirliyind\u0259n bildirilib.<\/p>\n<p>Bununla yana\u015f\u0131, G\u00f6yg\u00f6l rayonu \u0259razisind\u0259 a\u011fac\u0259km\u0259 aksiyas\u0131 ke\u00e7irilib, b\u00f6lg\u0259nin torpaq-iqlim \u015f\u0259raitin\u0259 uy\u011fun m\u00fcxt\u0259lif cinsli a\u011faclar \u0259kilib<\/p>\n<p>Qeyd ed\u0259k ki, \u00fcmummilli lider Heyd\u0259r \u018fliyevin anadan olmas\u0131n\u0131n 100 illiyin\u0259 h\u0259sr olunan \u201cMilli ekoloji prioritetl\u0259r v\u0259 qlobal iqtisadi t\u0259hdidl\u0259r: yeni \u00e7a\u011f\u0131r\u0131\u015flar, imkanlar v\u0259 perspektivl\u0259r\u201d m\u00f6vzusunda beyn\u0259lxalq elmi-praktik konfrans proqram\u0131 \u00e7\u0259r\u00e7iv\u0259sind\u0259 \u00f6lk\u0259mizd\u0259 ya\u015f\u0131ll\u0131q sah\u0259l\u0259rinin geni\u015fl\u0259ndirilm\u0259sin\u0259 v\u0259 su bioresurslar\u0131n\u0131n populyasiyas\u0131n\u0131n art\u0131r\u0131lmas\u0131na d\u0259st\u0259k m\u0259qs\u0259dil\u0259 n\u00f6vb\u0259ti \u0259n\u0259n\u0259vi aksiyalar t\u0259\u015fkil olunub.<\/p>\n<p>Aksiyalarda Milli M\u0259clisin komit\u0259 s\u0259drl\u0259ri v\u0259 deputatlar\u0131, Ekologiya v\u0259 T\u0259bii S\u0259rv\u0259tl\u0259r Nazirliyinin n\u00fcmay\u0259nd\u0259l\u0259ri, elmi t\u0259\u015fkilat v\u0259 t\u0259hsil m\u00fc\u0259ssis\u0259l\u0259rind\u0259 \u00e7al\u0131\u015fan alim v\u0259 pedaqoqlar, G\u0259nc\u0259 \u015f\u0259h\u0259r v\u0259 G\u00f6yg\u00f6l rayon icra hakimiyy\u0259tl\u0259ri r\u0259smil\u0259ri i\u015ftirak edib.<\/p>\n<p>&nbsp;<\/p>\n<div class=\"gallery\">\n<div class=\"gallery-i\"><img src=\"https:\/\/cdn.oxu.az\/uploads\/W1siZiIsIjIwMjMvMTIvMTcvMTUvMDcvMDgvNGQ0MDFiN2QtY2RmYS00ZDQ1LTkwNzMtNzU5NjBhNzc3YmQ0L2I0ZmQ5OWY4LTg0MDgtM2Y1NC1hODEyLWQxZGI1M2I3M2M1NC5qcGciXSxbInAiLCJlbmNvZGUiLCJqcGciLCItcXVhbGl0eSA4MCJdLFsicCIsInRodW1iIiwiNTkweDU5MFx1MDAzZSJdXQ?sha=81c738f420dda2e3\" alt=\"\" \/><\/p>\n<div class=\"gallery-i-caption\"><\/div>\n<\/div>\n<div class=\"gallery-i\"><img src=\"https:\/\/cdn.oxu.az\/uploads\/W1siZiIsIjIwMjMvMTIvMTcvMTUvMDcvMDcvMmQ4ZmZjZTEtZjljOS00NTViLWJiYmQtOTk4OTg4YjZmY2VkLzY5YWFhNzFiLTNlMzYtM2YyNy04Y2MwLWYyMGUxNDM5MDE5Zi5qcGciXSxbInAiLCJlbmNvZGUiLCJqcGciLCItcXVhbGl0eSA4MCJdLFsicCIsInRodW1iIiwiNTkweDU5MFx1MDAzZSJdXQ?sha=6b198664304a0ec0\" alt=\"\" \/><\/p>\n<div class=\"gallery-i-caption\"><\/div>\n<\/div>\n<div class=\"gallery-i\"><img src=\"https:\/\/cdn.oxu.az\/uploads\/W1siZiIsIjIwMjMvMTIvMTcvMTUvMDcvMDgvOTY1YjAwMzgtMDlhYy00MGM5LWJhN2MtMmYwMDdhOTEwMGU2L2ZhZmI1ZmQyLWI1ZTUtMzJhZC1iYzI4LTAwZDAzNmZmNDY3NS5qcGciXSxbInAiLCJlbmNvZGUiLCJqcGciLCItcXVhbGl0eSA4MCJdLFsicCIsInRodW1iIiwiNTkweDU5MFx1MDAzZSJdXQ?sha=8955ac61cb7b2f5c\" alt=\"\" \/><\/p>\n<div class=\"gallery-i-caption\"><\/div>\n<\/div>\n<div class=\"gallery-i\"><img src=\"https:\/\/cdn.oxu.az\/uploads\/W1siZiIsIjIwMjMvMTIvMTcvMTUvMDcvMDcvNjU2M2I2NDktYmU5Ny00NTFkLWFlOTctNDIwNDc3NWE3YTMyLzA3ZDkzNGE2LTY2NWMtM2Q1ZC05OWU3LTdmOTA3ZGNkZGNiNy5qcGciXSxbInAiLCJlbmNvZGUiLCJqcGciLCItcXVhbGl0eSA4MCJdLFsicCIsInRodW1iIiwiNTkweDU5MFx1MDAzZSJdXQ?sha=14bc4098376b12eb\" alt=\"\" \/><\/p>\n<div class=\"gallery-i-caption\"><\/div>\n<\/div>\n<div class=\"gallery-i\"><img src=\"https:\/\/cdn.oxu.az\/uploads\/W1siZiIsIjIwMjMvMTIvMTcvMTUvMDcvMDgvNDRlZjEzOWYtMjgyYS00MDdmLTk4MGQtMDcyNDg3YjQ2ZGNkLzUyMDU5ZmY2LTM1NTAtMzBkNC1hMzEwLWY4ODIyNWI1MmZkOS5qcGciXSxbInAiLCJlbmNvZGUiLCJqcGciLCItcXVhbGl0eSA4MCJdLFsicCIsInRodW1iIiwiNTkweDU5MFx1MDAzZSJdXQ?sha=df4e3f28399e86aa\" alt=\"\" \/><\/p>\n<div class=\"gallery-i-caption\"><\/div>\n<\/div>\n<div class=\"gallery-i\"><img src=\"https:\/\/cdn.oxu.az\/uploads\/W1siZiIsIjIwMjMvMTIvMTcvMTUvMDcvMDgvMWYyMzJhZmYtYjQ2Ny00NDZiLWEwODItYTE1MTRkODg0M2Y4L2QyNzIzNjhhLWVkZjgtM2E5My1iMTlkLTgyNDgxZTg3NDI2OS5qcGciXSxbInAiLCJlbmNvZGUiLCJqcGciLCItcXVhbGl0eSA4MCJdLFsicCIsInRodW1iIiwiNTkweDU5MFx1MDAzZSJdXQ?sha=d8cf6e56d2f463b0\" alt=\"\" \/><\/p>\n<div class=\"gallery-i-caption\"><\/div>\n<\/div>\n<div class=\"gallery-i\"><img src=\"https:\/\/cdn.oxu.az\/uploads\/W1siZiIsIjIwMjMvMTIvMTcvMTUvMDcvMDgvNzVkM2Q2MzgtZDliMS00OGM2LWIzOTctNDViYzJkMmU2MjZhL2ZiYTBlNDBhLWNiYWYtMzU1Ni04NGU4LTJkOWY0N2Y3YTY5OC5qcGciXSxbInAiLCJlbmNvZGUiLCJqcGciLCItcXVhbGl0eSA4MCJdLFsicCIsInRodW1iIiwiNTkweDU5MFx1MDAzZSJdXQ?sha=835f880ce4c0dd45\" alt=\"\" \/><\/div>\n<\/div>\n","protected":false},"excerpt":{"rendered":"<p>G\u00f6yg\u00f6l Milli Park\u0131n\u0131n \u0259razisind\u0259 su h\u00f6vz\u0259sin\u0259 q\u0131z\u0131l xall\u0131 farel n\u00f6v\u00fcn\u0259 aid 1500-d\u0259n \u00e7ox bal\u0131q k\u00f6rp\u0259si burax\u0131l\u0131b. Bu bar\u0259d\u0259 Ekologiya v\u0259 T\u0259bii S\u0259rv\u0259tl\u0259r Nazirliyind\u0259n bildirilib. Bununla yana\u015f\u0131, G\u00f6yg\u00f6l rayonu \u0259razisind\u0259 a\u011fac\u0259km\u0259 aksiyas\u0131 ke\u00e7irilib, b\u00f6lg\u0259nin torpaq-iqlim \u015f\u0259raitin\u0259 uy\u011fun m\u00fcxt\u0259lif cinsli a\u011faclar \u0259kilib Qeyd ed\u0259k ki, \u00fcmummilli lider Heyd\u0259r \u018fliyevin anadan olmas\u0131n\u0131n 100 illiyin\u0259 h\u0259sr olunan \u201cMilli ekoloji prioritetl\u0259r v\u0259 qlobal iqtisadi t\u0259hdidl\u0259r: yeni \u00e7a\u011f\u0131r\u0131\u015flar, imkanlar v\u0259 perspektivl\u0259r\u201d m\u00f6vzusunda beyn\u0259lxalq elmi-praktik konfrans proqram\u0131 \u00e7\u0259r\u00e7iv\u0259sind\u0259 \u00f6lk\u0259mizd\u0259 ya\u015f\u0131ll\u0131q sah\u0259l\u0259rinin geni\u015fl\u0259ndirilm\u0259sin\u0259 v\u0259 su bioresurslar\u0131n\u0131n populyasiyas\u0131n\u0131n art\u0131r\u0131lmas\u0131na d\u0259st\u0259k m\u0259qs\u0259dil\u0259 n\u00f6vb\u0259ti \u0259n\u0259n\u0259vi aksiyalar t\u0259\u015fkil olunub. Aksiyalarda Milli M\u0259clisin&hellip;<\/p>\n","protected":false},"author":2,"featured_media":669937,"comment_status":"closed","ping_status":"closed","sticky":false,"template":"","format":"standard","meta":{"om_disable_all_campaigns":false,"_monsterinsights_skip_tracking":false,"_monsterinsights_sitenote_active":false,"_monsterinsights_sitenote_note":"","_monsterinsights_sitenote_category":0},"categories":[1],"tags":[],"aioseo_notices":[],"gutentor_comment":0,"rttpg_featured_image_url":{"full":["https:\/\/arantv.az\/wp-content\/uploads\/2023\/12\/FotoJet-13-2.jpg",620,413,false],"landscape":["https:\/\/arantv.az\/wp-content\/uploads\/2023\/12\/FotoJet-13-2.jpg",620,413,false],"portraits":["https:\/\/arantv.az\/wp-content\/uploads\/2023\/12\/FotoJet-13-2.jpg",620,413,false],"thumbnail":["https:\/\/arantv.az\/wp-content\/uploads\/2023\/12\/FotoJet-13-2-500x280.jpg",500,280,true],"medium":["https:\/\/arantv.az\/wp-content\/uploads\/2023\/12\/FotoJet-13-2-548x365.jpg",548,365,true],"large":["https:\/\/arantv.az\/wp-content\/uploads\/2023\/12\/FotoJet-13-2.jpg",620,413,false],"1536x1536":["https:\/\/arantv.az\/wp-content\/uploads\/2023\/12\/FotoJet-13-2.jpg",620,413,false],"2048x2048":["https:\/\/arantv.az\/wp-content\/uploads\/2023\/12\/FotoJet-13-2.jpg",620,413,false],"post-thumbnail":["https:\/\/arantv.az\/wp-content\/uploads\/2023\/12\/FotoJet-13-2-240x172.jpg",240,172,true],"advps-thumb-one":["https:\/\/arantv.az\/wp-content\/uploads\/2023\/12\/FotoJet-13-2.jpg",620,413,false]},"rttpg_author":{"display_name":"V\u00fcsal Rafiqo\u011flu","author_link":"https:\/\/arantv.az\/?author=2"},"rttpg_comment":0,"rttpg_category":"<a href=\"https:\/\/arantv.az\/?cat=1\" rel=\"category\">C\u0259miyy\u0259t<\/a>","rttpg_excerpt":"G\u00f6yg\u00f6l Milli Park\u0131n\u0131n \u0259razisind\u0259 su h\u00f6vz\u0259sin\u0259 q\u0131z\u0131l xall\u0131 farel n\u00f6v\u00fcn\u0259 aid 1500-d\u0259n \u00e7ox bal\u0131q k\u00f6rp\u0259si burax\u0131l\u0131b. Bu bar\u0259d\u0259 Ekologiya v\u0259 T\u0259bii S\u0259rv\u0259tl\u0259r Nazirliyind\u0259n bildirilib. Bununla yana\u015f\u0131, G\u00f6yg\u00f6l rayonu \u0259razisind\u0259 a\u011fac\u0259km\u0259 aksiyas\u0131 ke\u00e7irilib, b\u00f6lg\u0259nin torpaq-iqlim \u015f\u0259raitin\u0259 uy\u011fun m\u00fcxt\u0259lif cinsli a\u011faclar \u0259kilib Qeyd ed\u0259k ki, \u00fcmummilli lider Heyd\u0259r \u018fliyevin anadan olmas\u0131n\u0131n 100 illiyin\u0259 h\u0259sr olunan \u201cMilli ekoloji&hellip;","_links":{"self":[{"href":"https:\/\/arantv.az\/index.php?rest_route=\/wp\/v2\/posts\/669936"}],"collection":[{"href":"https:\/\/arantv.az\/index.php?rest_route=\/wp\/v2\/posts"}],"about":[{"href":"https:\/\/arantv.az\/index.php?rest_route=\/wp\/v2\/types\/post"}],"author":[{"embeddable":true,"href":"https:\/\/arantv.az\/index.php?rest_route=\/wp\/v2\/users\/2"}],"replies":[{"embeddable":true,"href":"https:\/\/arantv.az\/index.php?rest_route=%2Fwp%2Fv2%2Fcomments&post=669936"}],"version-history":[{"count":0,"href":"https:\/\/arantv.az\/index.php?rest_route=\/wp\/v2\/posts\/669936\/revisions"}],"wp:featuredmedia":[{"embeddable":true,"href":"https:\/\/arantv.az\/index.php?rest_route=\/wp\/v2\/media\/669937"}],"wp:attachment":[{"href":"https:\/\/arantv.az\/index.php?rest_route=%2Fwp%2Fv2%2Fmedia&parent=669936"}],"wp:term":[{"taxonomy":"category","embeddable":true,"href":"https:\/\/arantv.az\/index.php?rest_route=%2Fwp%2Fv2%2Fcategories&post=669936"},{"taxonomy":"post_tag","embeddable":true,"href":"https:\/\/arantv.az\/index.php?rest_route=%2Fwp%2Fv2%2Ftags&post=669936"}],"curies":[{"name":"wp","href":"https:\/\/api.w.org\/{rel}","templated":true}]}}