{"id":669948,"date":"2023-12-17T16:52:43","date_gmt":"2023-12-17T12:52:43","guid":{"rendered":"https:\/\/arantv.az\/?p=669948"},"modified":"2023-12-17T16:52:43","modified_gmt":"2023-12-17T12:52:43","slug":"xoxan-turk-obrazi-erm%c9%99niy%c9%99-yoxsa-rusa-lazimdir-mkrtcyanin-fas-etdiyi-yalan","status":"publish","type":"post","link":"https:\/\/arantv.az\/?p=669948","title":{"rendered":"\u201cXoxan T\u00fcrk\u201d obraz\u0131 erm\u0259niy\u0259, yoxsa rusa laz\u0131md\u0131r? \u2013 Mkrt\u00e7yan\u0131n fa\u015f etdiyi YALAN"},"content":{"rendered":"<p><strong>Rusiyan\u0131n G\u00fcney Qafqazda dayaqlar\u0131 z\u0259ifl\u0259dikc\u0259 bu d\u00f6vl\u0259tin siyasi v\u0259 ekspert dair\u0259l\u0259rind\u0259 erm\u0259nil\u0259r\u0259 \u00fcnvanl\u0131 \u201cqani\u00e7\u0259n, xoxan T\u00fcrk\u201d t\u0259bli\u011fat\u0131 da g\u00fccl\u0259nir. Anla\u015f\u0131land\u0131r. \u015e\u0259r imperiyas\u0131 \u0259srl\u0259r boyu T\u00fcrkiy\u0259 il\u0259 torpaq u\u011frunda, m\u0259nafe u\u011frunda sava\u015f apar\u0131b. Qafqaz da istisna t\u0259\u015fkil etm\u0259yib. H\u0259r n\u0259 q\u0259d\u0259r Ankara il\u0259 Moskva aras\u0131nda m\u00fcnasib\u0259tl\u0259r indi il\u0131q olsa da, ayd\u0131nd\u0131r ki, onlar \u201cmehriban d\u00fc\u015fm\u0259nl\u0259r\u201d kimidir. \u00dcst\u0259lik, qarda\u015f \u00f6lk\u0259 NATO-nun \u00fczv\u00fcd\u00fcr.<\/strong><\/p>\n<p>\u0130\u015f ondad\u0131r ki, ax\u0131r vaxtlar Erm\u0259nistan\u0131n \u00f6z\u00fcnd\u0259 d\u0259 b\u0259db\u0259xt xalq\u0131n beynin\u0259 israrla \u201cAz\u0259rbaycanla s\u00fclh m\u00fcqavil\u0259si imzalansa T\u00fcrk\u00fcn qulu olaca\u011f\u0131q\u201d tezisi yeridilir. Guya tarixd\u0259 erm\u0259ni kimins\u0259 a\u011fas\u0131 olub. Ancaq m\u0259s\u0259l\u0259 bunda deyil. Ondad\u0131r ki, bel\u0259 \u0259ks-t\u0259bli\u011fat m\u00fcst\u0259sna olaraq, b\u00f6lg\u0259d\u0259 m\u00f6hk\u0259ml\u0259nm\u0259k ist\u0259y\u0259n Kremlin \u201cd\u0259yirman\u0131\u201dna su t\u00f6k\u00fcr, onun imperiya maraqlar\u0131na xidm\u0259t edir. \u00c7\u00fcnki qon\u015fu T\u00fcrkiy\u0259 v\u0259 Az\u0259rbaycanla dostluq Erm\u0259nistana v\u0259 onun xalq\u0131na rifah, inki\u015faf v\u0259 \u0259min-amanl\u0131qdan savay\u0131 he\u00e7 n\u0259 v\u0259d etmir&#8230;<\/p>\n<p><strong>Az yuxar\u0131da vur\u011fuland\u0131, he\u00e7 t\u0259sad\u00fcfi deyil ki, erm\u0259nil\u0259r \u00fc\u00e7\u00fcn \u201cv\u0259h\u015fi T\u00fcrk\u201d obraz\u0131 rusiyal\u0131 politoloq-ekspertl\u0259rin dilind\u0259n d\u0259 durmadan tirajlan\u0131r. Analoji iddian\u0131 bu g\u00fcnl\u0259rd\u0259 hakim partiyadan olan deputat Pyotr Tolstoy s\u0259sl\u0259ndirib.<\/strong><\/p>\n<p>Tan\u0131nm\u0131\u015f rusiyal\u0131 h\u0259rbi analitik Aleksandr Xram\u00e7ixin is\u0259 \u201cNezavisimaya qazeta\u201dda iki g\u00fcn \u00f6nc\u0259ki \u201cErm\u0259nistan \u00f6z g\u0259l\u0259c\u0259yini \u00f6z\u00fc se\u00e7di\u201d ba\u015fl\u0131ql\u0131 m\u0259qal\u0259sind\u0259 g\u00f6r\u00fcn n\u0259 yaz\u0131r: \u201cDQR\u201d-in s\u00fcqutundan sonra \u0130r\u0259van\u0131n birc\u0259 KTMT-d\u0259n \u00e7\u0131xmas\u0131 v\u0259 Rusiyan\u0131n 102-ci h\u0259rbi bazas\u0131n\u0131 \u00f6lk\u0259d\u0259n \u00e7\u0131xarmas\u0131 qal\u0131b. \u00dcmid etm\u0259k ist\u0259rdim ki, bu, tezlikl\u0259 ba\u015f ver\u0259c\u0259k. \u00c7\u00fcnki indiki anti-Rusiya ovqatl\u0131 Erm\u0259nistan bizim \u00fc\u00e7\u00fcn a\u011f\u0131r, m\u0259nas\u0131z y\u00fck\u0259 \u00e7evrilir. Bundan sonra o, he\u00e7 kim \u00fc\u00e7\u00fcn maraql\u0131 olmayacaq. Yax\u0131n vaxtlarad\u0259k Stepanakert olan Xank\u0259ndid\u0259 Az\u0259rbaycan bayraqlar\u0131ndan sonra \u0130r\u0259van\u0131n \u00fcz\u0259rind\u0259 d\u0259 NATO \u00fczv\u00fc olan bir \u00f6lk\u0259nin bayraqlar\u0131 g\u00f6r\u00fcn\u0259c\u0259k. Xeyr, bu, Fransa v\u0259 ya AB\u015e-\u0131n yox, T\u00fcrkiy\u0259nin bayra\u011f\u0131 olacaq\u201d.<\/p>\n<p><strong>Y\u0259ni yen\u0259 eyni t\u0259hdid, h\u0259m\u0259nki d\u0259st-x\u0259tt. Ancaq yax\u015f\u0131 ki, Erm\u0259nistanda \u201c\u00e7\u00f6r\u0259yi a\u011fz\u0131na yey\u0259nl\u0259r\u201d d\u0259 var. Misal \u00fc\u00e7\u00fcn, politoloq Arutyun Mkrt\u00e7yan kimi.<\/strong><\/p>\n<p>\u201cTolstoy timsall\u0131 bu ideologiyan\u0131n da\u015f\u0131y\u0131c\u0131lar\u0131 t\u0259\u0259ss\u00fcf ki, Erm\u0259nistanda da var. Onlar \u201crus olmasa, t\u00fcrkl\u0259r bizi yey\u0259c\u0259k\u201d tezisini daim t\u0259bli\u011f ed\u0259n \u201cbe\u015finci kolon\u201d n\u00fcmay\u0259nd\u0259l\u0259ridir. Amma bir \u015feyi anlamal\u0131y\u0131q: biz b\u00f6lg\u0259mizd\u0259 qon\u015fular\u0131m\u0131zla \u00fcnsiyy\u0259t qurma\u011f\u0131, dil tapma\u011f\u0131, dan\u0131\u015f\u0131qlar aparma\u011f\u0131, dan\u0131\u015fma\u011f\u0131 v\u0259 bunu h\u0259tta birba\u015fa etm\u0259yi bacarmal\u0131y\u0131q. Son vaxtlar bunun n\u0259tic\u0259 ver\u0259 bil\u0259c\u0259yinin art\u0131q \u015fahidiyik\u201d \u2013 erm\u0259ni ekspert yerli mediaya s\u00f6yl\u0259yib.<\/p>\n<p>S\u00fclh m\u00fcqavil\u0259sin\u0259 g\u0259linc\u0259, onun q\u0259na\u0259tinc\u0259, Erm\u0259nistan buna haz\u0131rd\u0131r: \u201cLakin \u00f6lk\u0259 daxilind\u0259 h\u0259r \u015feyi pozma\u011fa \u00e7al\u0131\u015fan qruplar var. Erm\u0259nistanla Az\u0259rbaycan hans\u0131sa raz\u0131l\u0131\u011fa g\u0259l\u0259nd\u0259 v\u0259 ya s\u00fclh m\u00fcqavil\u0259si imzalamaq imkan\u0131ndan s\u00f6z a\u00e7an kimi daxild\u0259ki h\u0259min adamlar \u201cArtsax\u201d\u0131n m\u00fcst\u0259qilliyind\u0259n dan\u0131\u015fma\u011fa ba\u015flay\u0131rlar\u201d.<\/p>\n<p>Mkrt\u00e7yan ard\u0131nca do\u011fru olaraq, revan\u015fist-radikallar\u0131 ba\u015f ver\u0259nl\u0259rd\u0259n d\u0259rs g\u00f6t\u00fcrm\u0259k yerin\u0259, \u201c\u00e7\u0259hray\u0131 arzular\u201dla ya\u015famaqda su\u00e7lay\u0131b. \u201cBu insanlar \u201cd\u00f6vl\u0259t i\u00e7ind\u0259 d\u00f6vl\u0259t\u201d yaratmaqdan dan\u0131\u015f\u0131rlar. Siz ciddisiniz? Hakimiyy\u0259t icaz\u0259 vers\u0259 bel\u0259, Erm\u0259nistan\u0131n \u0259n az\u0131 3 milyon v\u0259t\u0259nda\u015f\u0131 buna imkan verm\u0259z. Onlar Erm\u0259nistana g\u0259lib \u201cArtsax\u201d\u0131n m\u00fcst\u0259qilliyind\u0259n dan\u0131\u015f\u0131rlar. El\u0259 bir m\u0259qamda ki, s\u00fclh Erm\u0259nistana hava-su kimi laz\u0131md\u0131r. \u018fg\u0259r kims\u0259 bunun \u0259ksini iddia edirs\u0259, o, ya yan\u0131l\u0131r, ya da bil\u0259r\u0259kd\u0259n xalq\u0131 aldad\u0131r\u201d, &#8211; dey\u0259 o x\u0259b\u0259rdarl\u0131q edib.<\/p>\n<p><strong>Az \u00f6nc\u0259 is\u0259 o, soyda\u015flar\u0131na \u00fcnvanlad\u0131\u011f\u0131 m\u00fcraci\u0259td\u0259 bel\u0259 deyirdi: \u201cErm\u0259nil\u0259r, g\u00f6z\u00fcn\u00fcz\u00fc a\u00e7\u0131n, Qaraba\u011f m\u0259s\u0259l\u0259sind\u0259 bizim m\u00fctt\u0259fiqimiz yox idi\u201d.<\/strong><\/p>\n<p>Yaxud onun ba\u015fqa bir m\u0259ntiqli fikri: \u201cB\u0259zi erm\u0259ni ekspert dair\u0259l\u0259ri Erm\u0259nistan v\u0259 Az\u0259rbaycan\u0131n vasit\u0259\u00e7i olmadan birba\u015fa dan\u0131\u015f\u0131qlar aparmas\u0131ndan narahat olduqlar\u0131n\u0131 bildirir. M\u0259n onlar\u0131 \u00f6z dedikl\u0259rind\u0259 diqq\u0259tli olma\u011fa \u00e7a\u011f\u0131r\u0131ram. \u018fslind\u0259 birba\u015fa dan\u0131\u015f\u0131qlar Erm\u0259nistan\u0131 bo\u011faz\u0131ndan yap\u0131\u015f\u0131b Moskva platformas\u0131na \u00e7\u0259km\u0259kd\u0259n qat-qat yax\u015f\u0131d\u0131r. Niy\u0259 birba\u015fa dan\u0131\u015f\u0131qlara getm\u0259y\u0259k ki? Bundan \u0259lav\u0259, indi, s\u00fclh m\u00fcqavil\u0259sinin imzalanmas\u0131ndan s\u00f6hb\u0259t ged\u0259nd\u0259 Erm\u0259nistan\u0131n daxilind\u0259, Qaraba\u011f\u0131n burax\u0131lm\u0131\u015f \u201cparlamentinin\u201dnin ke\u00e7mi\u015f \u201cdeputatlar\u0131\u201d yenid\u0259n Qaraba\u011f m\u0259s\u0259l\u0259sinin y\u00fck\u00fcn\u00fc xalq\u0131n aya\u011f\u0131na as\u0131rlar. \u018fvv\u0259lc\u0259 \u00e7ox sad\u0259 bir suala cavab versinl\u0259r: onlar \u00f6zl\u0259ri Qaraba\u011fa qay\u0131tma\u011fa haz\u0131rd\u0131rlarm\u0131? \u018fziz Qaraba\u011f erm\u0259nil\u0259ri, g\u00f6z\u00fcn\u00fcz\u00fc a\u00e7\u0131n, son d\u00f6vr\u00fcn tarixind\u0259n d\u0259rs al\u0131n. Qaraba\u011f\u0131n \u201cm\u00fcst\u0259qilliyi\u201d m\u0259s\u0259l\u0259sind\u0259 bizim m\u00fctt\u0259fiqimiz yox idi. Dey\u0259k ki, Parisin Sen-Lui \u015f\u0259h\u0259rinin hans\u0131sa k\u00fc\u00e7\u0259si Qaraba\u011f\u0131n \u201cm\u00fcst\u0259qilliyini\u201d tan\u0131d\u0131. N\u0259 olsun? Bu, ciddi deyil&#8230;\u201d<\/p>\n<p>\u018ffsus ki, Erm\u0259nistanda A.Mkrt\u00e7yan kimi az-\u00e7ox obyektiv, soyuq ba\u015fla d\u00fc\u015f\u00fcn\u0259nl\u0259rin \u00e7evr\u0259si geni\u015f deyil. Ancaq b\u00f6y\u00fcm\u0259y\u0259 m\u0259hkumdur. \u018fks t\u0259qdird\u0259, erm\u0259ni toplumu getdikc\u0259 ki\u00e7ilib yox olacaq.\u00a0<strong>C\u0259nubi Qafqazda is\u0259 ger\u00e7\u0259kd\u0259n ikic\u0259 d\u00f6vl\u0259t qalacaq \u2013 Az\u0259rbaycan v\u0259 G\u00fcrc\u00fcstan&#8230;<\/strong><\/p>\n","protected":false},"excerpt":{"rendered":"<p>Rusiyan\u0131n G\u00fcney Qafqazda dayaqlar\u0131 z\u0259ifl\u0259dikc\u0259 bu d\u00f6vl\u0259tin siyasi v\u0259 ekspert dair\u0259l\u0259rind\u0259 erm\u0259nil\u0259r\u0259 \u00fcnvanl\u0131 \u201cqani\u00e7\u0259n, xoxan T\u00fcrk\u201d t\u0259bli\u011fat\u0131 da g\u00fccl\u0259nir. Anla\u015f\u0131land\u0131r. \u015e\u0259r imperiyas\u0131 \u0259srl\u0259r boyu T\u00fcrkiy\u0259 il\u0259 torpaq u\u011frunda, m\u0259nafe u\u011frunda sava\u015f apar\u0131b. Qafqaz da istisna t\u0259\u015fkil etm\u0259yib. H\u0259r n\u0259 q\u0259d\u0259r Ankara il\u0259 Moskva aras\u0131nda m\u00fcnasib\u0259tl\u0259r indi il\u0131q olsa da, ayd\u0131nd\u0131r ki, onlar \u201cmehriban d\u00fc\u015fm\u0259nl\u0259r\u201d kimidir. \u00dcst\u0259lik, qarda\u015f \u00f6lk\u0259 NATO-nun \u00fczv\u00fcd\u00fcr. \u0130\u015f ondad\u0131r ki, ax\u0131r vaxtlar Erm\u0259nistan\u0131n \u00f6z\u00fcnd\u0259 d\u0259 b\u0259db\u0259xt xalq\u0131n beynin\u0259 israrla \u201cAz\u0259rbaycanla s\u00fclh m\u00fcqavil\u0259si imzalansa T\u00fcrk\u00fcn qulu olaca\u011f\u0131q\u201d tezisi yeridilir. Guya tarixd\u0259 erm\u0259ni kimins\u0259 a\u011fas\u0131 olub. Ancaq m\u0259s\u0259l\u0259 bunda&hellip;<\/p>\n","protected":false},"author":2,"featured_media":669949,"comment_status":"closed","ping_status":"closed","sticky":false,"template":"","format":"standard","meta":{"om_disable_all_campaigns":false,"_monsterinsights_skip_tracking":false,"_monsterinsights_sitenote_active":false,"_monsterinsights_sitenote_note":"","_monsterinsights_sitenote_category":0},"categories":[4],"tags":[],"aioseo_notices":[],"gutentor_comment":0,"rttpg_featured_image_url":{"full":["https:\/\/arantv.az\/wp-content\/uploads\/2023\/12\/305be8ad150b1737085499ae355a576a.jpg",700,387,false],"landscape":["https:\/\/arantv.az\/wp-content\/uploads\/2023\/12\/305be8ad150b1737085499ae355a576a.jpg",700,387,false],"portraits":["https:\/\/arantv.az\/wp-content\/uploads\/2023\/12\/305be8ad150b1737085499ae355a576a.jpg",700,387,false],"thumbnail":["https:\/\/arantv.az\/wp-content\/uploads\/2023\/12\/305be8ad150b1737085499ae355a576a-500x280.jpg",500,280,true],"medium":["https:\/\/arantv.az\/wp-content\/uploads\/2023\/12\/305be8ad150b1737085499ae355a576a-660x365.jpg",660,365,true],"large":["https:\/\/arantv.az\/wp-content\/uploads\/2023\/12\/305be8ad150b1737085499ae355a576a.jpg",640,354,false],"1536x1536":["https:\/\/arantv.az\/wp-content\/uploads\/2023\/12\/305be8ad150b1737085499ae355a576a.jpg",700,387,false],"2048x2048":["https:\/\/arantv.az\/wp-content\/uploads\/2023\/12\/305be8ad150b1737085499ae355a576a.jpg",700,387,false],"post-thumbnail":["https:\/\/arantv.az\/wp-content\/uploads\/2023\/12\/305be8ad150b1737085499ae355a576a-240x172.jpg",240,172,true],"advps-thumb-one":["https:\/\/arantv.az\/wp-content\/uploads\/2023\/12\/305be8ad150b1737085499ae355a576a.jpg",700,387,false]},"rttpg_author":{"display_name":"V\u00fcsal Rafiqo\u011flu","author_link":"https:\/\/arantv.az\/?author=2"},"rttpg_comment":0,"rttpg_category":"<a href=\"https:\/\/arantv.az\/?cat=4\" rel=\"category\">Siyas\u0259t<\/a>","rttpg_excerpt":"Rusiyan\u0131n G\u00fcney Qafqazda dayaqlar\u0131 z\u0259ifl\u0259dikc\u0259 bu d\u00f6vl\u0259tin siyasi v\u0259 ekspert dair\u0259l\u0259rind\u0259 erm\u0259nil\u0259r\u0259 \u00fcnvanl\u0131 \u201cqani\u00e7\u0259n, xoxan T\u00fcrk\u201d t\u0259bli\u011fat\u0131 da g\u00fccl\u0259nir. Anla\u015f\u0131land\u0131r. \u015e\u0259r imperiyas\u0131 \u0259srl\u0259r boyu T\u00fcrkiy\u0259 il\u0259 torpaq u\u011frunda, m\u0259nafe u\u011frunda sava\u015f apar\u0131b. Qafqaz da istisna t\u0259\u015fkil etm\u0259yib. H\u0259r n\u0259 q\u0259d\u0259r Ankara il\u0259 Moskva aras\u0131nda m\u00fcnasib\u0259tl\u0259r indi il\u0131q olsa da, ayd\u0131nd\u0131r ki, onlar \u201cmehriban d\u00fc\u015fm\u0259nl\u0259r\u201d kimidir.&hellip;","_links":{"self":[{"href":"https:\/\/arantv.az\/index.php?rest_route=\/wp\/v2\/posts\/669948"}],"collection":[{"href":"https:\/\/arantv.az\/index.php?rest_route=\/wp\/v2\/posts"}],"about":[{"href":"https:\/\/arantv.az\/index.php?rest_route=\/wp\/v2\/types\/post"}],"author":[{"embeddable":true,"href":"https:\/\/arantv.az\/index.php?rest_route=\/wp\/v2\/users\/2"}],"replies":[{"embeddable":true,"href":"https:\/\/arantv.az\/index.php?rest_route=%2Fwp%2Fv2%2Fcomments&post=669948"}],"version-history":[{"count":0,"href":"https:\/\/arantv.az\/index.php?rest_route=\/wp\/v2\/posts\/669948\/revisions"}],"wp:featuredmedia":[{"embeddable":true,"href":"https:\/\/arantv.az\/index.php?rest_route=\/wp\/v2\/media\/669949"}],"wp:attachment":[{"href":"https:\/\/arantv.az\/index.php?rest_route=%2Fwp%2Fv2%2Fmedia&parent=669948"}],"wp:term":[{"taxonomy":"category","embeddable":true,"href":"https:\/\/arantv.az\/index.php?rest_route=%2Fwp%2Fv2%2Fcategories&post=669948"},{"taxonomy":"post_tag","embeddable":true,"href":"https:\/\/arantv.az\/index.php?rest_route=%2Fwp%2Fv2%2Ftags&post=669948"}],"curies":[{"name":"wp","href":"https:\/\/api.w.org\/{rel}","templated":true}]}}