{"id":67037,"date":"2019-06-17T10:08:45","date_gmt":"2019-06-17T07:08:45","guid":{"rendered":"http:\/\/arantv.az\/?p=67037"},"modified":"2019-06-17T10:08:45","modified_gmt":"2019-06-17T07:08:45","slug":"deputat-c%c9%99bh%c9%99d%c9%99-v%c9%99ziyy%c9%99t-g%c9%99rginl%c9%99sm%c9%99kd%c9%99-davam-ed%c9%99c%c9%99k","status":"publish","type":"post","link":"https:\/\/arantv.az\/?p=67037","title":{"rendered":"Deputat: C\u0259bh\u0259d\u0259 v\u0259ziyy\u0259t g\u0259rginl\u0259\u015fm\u0259kd\u0259 davam ed\u0259c\u0259k"},"content":{"rendered":"<p>&#8220;Bel\u0259 g\u00f6r\u00fcn\u00fcr ki, c\u0259bh\u0259d\u0259 v\u0259ziyy\u0259t g\u0259rginl\u0259\u015fm\u0259kd\u0259 davam ed\u0259c\u0259k v\u0259 bunda da Erm\u0259nistan t\u0259r\u0259fi maraql\u0131d\u0131r&#8221;.<\/p>\n<p><b>ARANTV.AZ\u00a0<\/b>\u00a0x\u0259b\u0259r verir ki, bu bar\u0259d\u0259 mill\u0259t v\u0259kili Sahib Al\u0131yev &#8220;Facebook&#8221; sosial \u015f\u0259b\u0259k\u0259sind\u0259 yaz\u0131b. Onun s\u00f6zl\u0259rin\u0259 g\u00f6r\u0259, g\u0259rginliy\u0259 s\u0259b\u0259b odur ki, i\u015f\u011fal\u00e7\u0131 \u00f6lk\u0259 substantiv dan\u0131\u015f\u0131qlara getm\u0259k ist\u0259mir. Ona g\u00f6r\u0259 d\u0259 \u00e7al\u0131\u015f\u0131r ki, Qaraba\u011fda toqqu\u015fma olsun, AT\u018fT-in Minsk qrupuna h\u0259ms\u0259drlik ed\u0259n \u00f6lk\u0259l\u0259r d\u0259 yenid\u0259n dan\u0131\u015f\u0131qlarda diqq\u0259ti at\u0259\u015fk\u0259s rejiminin pozulams\u0131n\u0131n qar\u015f\u0131s\u0131n\u0131n al\u0131nmas\u0131 v\u0259 bu q\u0259bild\u0259n olan ikinci d\u0259r\u0259c\u0259li m\u0259s\u0259l\u0259l\u0259r\u0259 y\u00f6n\u0259ltsinl\u0259r.<\/p>\n<p>&#8220;Amma h\u0259ms\u0259drl\u0259r d\u0259 g\u00f6z\u0259l bilirl\u0259r ki, at\u0259\u015fk\u0259s rejiminin pozulmamas\u0131n\u0131n \u0259n effektli v\u0259 do\u011fru yolu i\u015f\u011fal\u00e7\u0131 ordunun Az\u0259rbaycan torpaqlar\u0131n\u0131 t\u0259rk etm\u0259sidir.<\/p>\n<p>Bildikl\u0259rini n\u0259 q\u0259d\u0259r tez dil\u0259 g\u0259tirs\u0259l\u0259r, burada s\u00fclh\u0259, eyni zamanda da beyn\u0259lxalq h\u00fcquqa bir o q\u0259d\u0259r \u00e7ox t\u00f6hf\u0259 vermi\u015f olarlar&#8221;.Sonxeber.az<\/p>\n","protected":false},"excerpt":{"rendered":"<p>&#8220;Bel\u0259 g\u00f6r\u00fcn\u00fcr ki, c\u0259bh\u0259d\u0259 v\u0259ziyy\u0259t g\u0259rginl\u0259\u015fm\u0259kd\u0259 davam ed\u0259c\u0259k v\u0259 bunda da Erm\u0259nistan t\u0259r\u0259fi maraql\u0131d\u0131r&#8221;. ARANTV.AZ\u00a0\u00a0x\u0259b\u0259r verir ki, bu bar\u0259d\u0259 mill\u0259t v\u0259kili Sahib Al\u0131yev &#8220;Facebook&#8221; sosial \u015f\u0259b\u0259k\u0259sind\u0259 yaz\u0131b. Onun s\u00f6zl\u0259rin\u0259 g\u00f6r\u0259, g\u0259rginliy\u0259 s\u0259b\u0259b odur ki, i\u015f\u011fal\u00e7\u0131 \u00f6lk\u0259 substantiv dan\u0131\u015f\u0131qlara getm\u0259k ist\u0259mir. Ona g\u00f6r\u0259 d\u0259 \u00e7al\u0131\u015f\u0131r ki, Qaraba\u011fda toqqu\u015fma olsun, AT\u018fT-in Minsk qrupuna h\u0259ms\u0259drlik ed\u0259n \u00f6lk\u0259l\u0259r d\u0259 yenid\u0259n dan\u0131\u015f\u0131qlarda diqq\u0259ti at\u0259\u015fk\u0259s rejiminin pozulams\u0131n\u0131n qar\u015f\u0131s\u0131n\u0131n al\u0131nmas\u0131 v\u0259 bu q\u0259bild\u0259n olan ikinci d\u0259r\u0259c\u0259li m\u0259s\u0259l\u0259l\u0259r\u0259 y\u00f6n\u0259ltsinl\u0259r. &#8220;Amma h\u0259ms\u0259drl\u0259r d\u0259 g\u00f6z\u0259l bilirl\u0259r ki, at\u0259\u015fk\u0259s rejiminin pozulmamas\u0131n\u0131n \u0259n effektli v\u0259 do\u011fru yolu i\u015f\u011fal\u00e7\u0131 ordunun Az\u0259rbaycan torpaqlar\u0131n\u0131 t\u0259rk&hellip;<\/p>\n","protected":false},"author":2,"featured_media":67038,"comment_status":"closed","ping_status":"closed","sticky":false,"template":"","format":"standard","meta":{"om_disable_all_campaigns":false,"_monsterinsights_skip_tracking":false,"_monsterinsights_sitenote_active":false,"_monsterinsights_sitenote_note":"","_monsterinsights_sitenote_category":0},"categories":[1],"tags":[],"aioseo_notices":[],"gutentor_comment":0,"rttpg_featured_image_url":{"full":["https:\/\/arantv.az\/wp-content\/uploads\/2019\/06\/1560755172sahib-aliyev.jpg",500,314,false],"landscape":["https:\/\/arantv.az\/wp-content\/uploads\/2019\/06\/1560755172sahib-aliyev.jpg",500,314,false],"portraits":["https:\/\/arantv.az\/wp-content\/uploads\/2019\/06\/1560755172sahib-aliyev.jpg",500,314,false],"thumbnail":["https:\/\/arantv.az\/wp-content\/uploads\/2019\/06\/1560755172sahib-aliyev-150x150.jpg",150,150,true],"medium":["https:\/\/arantv.az\/wp-content\/uploads\/2019\/06\/1560755172sahib-aliyev-300x188.jpg",300,188,true],"large":["https:\/\/arantv.az\/wp-content\/uploads\/2019\/06\/1560755172sahib-aliyev.jpg",500,314,false],"1536x1536":["https:\/\/arantv.az\/wp-content\/uploads\/2019\/06\/1560755172sahib-aliyev.jpg",500,314,false],"2048x2048":["https:\/\/arantv.az\/wp-content\/uploads\/2019\/06\/1560755172sahib-aliyev.jpg",500,314,false],"post-thumbnail":["https:\/\/arantv.az\/wp-content\/uploads\/2019\/06\/1560755172sahib-aliyev-240x172.jpg",240,172,true],"advps-thumb-one":["https:\/\/arantv.az\/wp-content\/uploads\/2019\/06\/1560755172sahib-aliyev.jpg",500,314,false]},"rttpg_author":{"display_name":"V\u00fcsal Rafiqo\u011flu","author_link":"https:\/\/arantv.az\/?author=2"},"rttpg_comment":0,"rttpg_category":"<a href=\"https:\/\/arantv.az\/?cat=1\" rel=\"category\">C\u0259miyy\u0259t<\/a>","rttpg_excerpt":"&#8220;Bel\u0259 g\u00f6r\u00fcn\u00fcr ki, c\u0259bh\u0259d\u0259 v\u0259ziyy\u0259t g\u0259rginl\u0259\u015fm\u0259kd\u0259 davam ed\u0259c\u0259k v\u0259 bunda da Erm\u0259nistan t\u0259r\u0259fi maraql\u0131d\u0131r&#8221;. ARANTV.AZ\u00a0\u00a0x\u0259b\u0259r verir ki, bu bar\u0259d\u0259 mill\u0259t v\u0259kili Sahib Al\u0131yev &#8220;Facebook&#8221; sosial \u015f\u0259b\u0259k\u0259sind\u0259 yaz\u0131b. Onun s\u00f6zl\u0259rin\u0259 g\u00f6r\u0259, g\u0259rginliy\u0259 s\u0259b\u0259b odur ki, i\u015f\u011fal\u00e7\u0131 \u00f6lk\u0259 substantiv dan\u0131\u015f\u0131qlara getm\u0259k ist\u0259mir. Ona g\u00f6r\u0259 d\u0259 \u00e7al\u0131\u015f\u0131r ki, Qaraba\u011fda toqqu\u015fma olsun, AT\u018fT-in Minsk qrupuna h\u0259ms\u0259drlik ed\u0259n \u00f6lk\u0259l\u0259r d\u0259&hellip;","_links":{"self":[{"href":"https:\/\/arantv.az\/index.php?rest_route=\/wp\/v2\/posts\/67037"}],"collection":[{"href":"https:\/\/arantv.az\/index.php?rest_route=\/wp\/v2\/posts"}],"about":[{"href":"https:\/\/arantv.az\/index.php?rest_route=\/wp\/v2\/types\/post"}],"author":[{"embeddable":true,"href":"https:\/\/arantv.az\/index.php?rest_route=\/wp\/v2\/users\/2"}],"replies":[{"embeddable":true,"href":"https:\/\/arantv.az\/index.php?rest_route=%2Fwp%2Fv2%2Fcomments&post=67037"}],"version-history":[{"count":0,"href":"https:\/\/arantv.az\/index.php?rest_route=\/wp\/v2\/posts\/67037\/revisions"}],"wp:featuredmedia":[{"embeddable":true,"href":"https:\/\/arantv.az\/index.php?rest_route=\/wp\/v2\/media\/67038"}],"wp:attachment":[{"href":"https:\/\/arantv.az\/index.php?rest_route=%2Fwp%2Fv2%2Fmedia&parent=67037"}],"wp:term":[{"taxonomy":"category","embeddable":true,"href":"https:\/\/arantv.az\/index.php?rest_route=%2Fwp%2Fv2%2Fcategories&post=67037"},{"taxonomy":"post_tag","embeddable":true,"href":"https:\/\/arantv.az\/index.php?rest_route=%2Fwp%2Fv2%2Ftags&post=67037"}],"curies":[{"name":"wp","href":"https:\/\/api.w.org\/{rel}","templated":true}]}}