{"id":67046,"date":"2019-06-17T10:16:57","date_gmt":"2019-06-17T07:16:57","guid":{"rendered":"http:\/\/arantv.az\/?p=67046"},"modified":"2019-06-17T10:16:57","modified_gmt":"2019-06-17T07:16:57","slug":"l%c9%99nk%c9%99randa-caydan-meyit-tapildi","status":"publish","type":"post","link":"https:\/\/arantv.az\/?p=67046","title":{"rendered":"L\u0259nk\u0259randa \u00e7aydan meyit tap\u0131ld\u0131"},"content":{"rendered":"<p><strong>L\u0259nk\u0259ran rayonunda \u00e7aydan meyit tap\u0131l\u0131b.<\/strong><\/p>\n<p><b>ARANTV.AZ\u00a0<\/b> x\u0259b\u0259r verir ki, B\u00f6hran V\u0259ziyy\u0259tl\u0259rind\u0259 \u0130dar\u0259etm\u0259 M\u0259rk\u0259zin\u0259 L\u0259nk\u0259ran \u015f\u0259h\u0259rinin S\u00fct\u0259murdov k\u0259ndind\u0259 1 n\u0259f\u0259rin meyitinin (\u015f\u0259xsiyy\u0259ti d\u0259qiql\u0259\u015fdirilir) L\u0259nk\u0259ran \u00e7ay\u0131ndan \u00e7\u0131xar\u0131lmas\u0131na k\u00f6m\u0259klik g\u00f6st\u0259rilm\u0259si \u00fc\u00e7\u00fcn m\u00fcraci\u0259t daxil olub.<\/p>\n<p>Hadis\u0259 yerin\u0259 c\u0259lb olunan Ki\u00e7ikh\u0259cmli G\u0259mil\u0259r\u0259 N\u0259zar\u0259t v\u0259 Sularda Xilasetm\u0259 D\u00f6vl\u0259t Xidm\u0259tinin m\u00fcvafiq xilasetm\u0259 q\u00fcvv\u0259l\u0259ri meyiti sudan \u00e7\u0131xar\u0131b v\u0259 aidiyy\u0259ti \u00fczr\u0259 t\u0259hvil veribl\u0259r.Unikal.org<\/p>\n","protected":false},"excerpt":{"rendered":"<p>L\u0259nk\u0259ran rayonunda \u00e7aydan meyit tap\u0131l\u0131b. ARANTV.AZ\u00a0 x\u0259b\u0259r verir ki, B\u00f6hran V\u0259ziyy\u0259tl\u0259rind\u0259 \u0130dar\u0259etm\u0259 M\u0259rk\u0259zin\u0259 L\u0259nk\u0259ran \u015f\u0259h\u0259rinin S\u00fct\u0259murdov k\u0259ndind\u0259 1 n\u0259f\u0259rin meyitinin (\u015f\u0259xsiyy\u0259ti d\u0259qiql\u0259\u015fdirilir) L\u0259nk\u0259ran \u00e7ay\u0131ndan \u00e7\u0131xar\u0131lmas\u0131na k\u00f6m\u0259klik g\u00f6st\u0259rilm\u0259si \u00fc\u00e7\u00fcn m\u00fcraci\u0259t daxil olub. Hadis\u0259 yerin\u0259 c\u0259lb olunan Ki\u00e7ikh\u0259cmli G\u0259mil\u0259r\u0259 N\u0259zar\u0259t v\u0259 Sularda Xilasetm\u0259 D\u00f6vl\u0259t Xidm\u0259tinin m\u00fcvafiq xilasetm\u0259 q\u00fcvv\u0259l\u0259ri meyiti sudan \u00e7\u0131xar\u0131b v\u0259 aidiyy\u0259ti \u00fczr\u0259 t\u0259hvil veribl\u0259r.Unikal.org<\/p>\n","protected":false},"author":2,"featured_media":67047,"comment_status":"closed","ping_status":"closed","sticky":false,"template":"","format":"standard","meta":{"om_disable_all_campaigns":false,"_monsterinsights_skip_tracking":false,"_monsterinsights_sitenote_active":false,"_monsterinsights_sitenote_note":"","_monsterinsights_sitenote_category":0},"categories":[5],"tags":[],"aioseo_notices":[],"gutentor_comment":0,"rttpg_featured_image_url":{"full":["https:\/\/arantv.az\/wp-content\/uploads\/2019\/06\/5aba243742b3f_kur-cayi.jpg",600,400,false],"landscape":["https:\/\/arantv.az\/wp-content\/uploads\/2019\/06\/5aba243742b3f_kur-cayi.jpg",600,400,false],"portraits":["https:\/\/arantv.az\/wp-content\/uploads\/2019\/06\/5aba243742b3f_kur-cayi.jpg",600,400,false],"thumbnail":["https:\/\/arantv.az\/wp-content\/uploads\/2019\/06\/5aba243742b3f_kur-cayi-150x150.jpg",150,150,true],"medium":["https:\/\/arantv.az\/wp-content\/uploads\/2019\/06\/5aba243742b3f_kur-cayi-300x200.jpg",300,200,true],"large":["https:\/\/arantv.az\/wp-content\/uploads\/2019\/06\/5aba243742b3f_kur-cayi.jpg",600,400,false],"1536x1536":["https:\/\/arantv.az\/wp-content\/uploads\/2019\/06\/5aba243742b3f_kur-cayi.jpg",600,400,false],"2048x2048":["https:\/\/arantv.az\/wp-content\/uploads\/2019\/06\/5aba243742b3f_kur-cayi.jpg",600,400,false],"post-thumbnail":["https:\/\/arantv.az\/wp-content\/uploads\/2019\/06\/5aba243742b3f_kur-cayi-240x172.jpg",240,172,true],"advps-thumb-one":["https:\/\/arantv.az\/wp-content\/uploads\/2019\/06\/5aba243742b3f_kur-cayi.jpg",600,400,false]},"rttpg_author":{"display_name":"V\u00fcsal Rafiqo\u011flu","author_link":"https:\/\/arantv.az\/?author=2"},"rttpg_comment":0,"rttpg_category":"<a href=\"https:\/\/arantv.az\/?cat=5\" rel=\"category\">Hadis\u0259<\/a>","rttpg_excerpt":"L\u0259nk\u0259ran rayonunda \u00e7aydan meyit tap\u0131l\u0131b. ARANTV.AZ\u00a0 x\u0259b\u0259r verir ki, B\u00f6hran V\u0259ziyy\u0259tl\u0259rind\u0259 \u0130dar\u0259etm\u0259 M\u0259rk\u0259zin\u0259 L\u0259nk\u0259ran \u015f\u0259h\u0259rinin S\u00fct\u0259murdov k\u0259ndind\u0259 1 n\u0259f\u0259rin meyitinin (\u015f\u0259xsiyy\u0259ti d\u0259qiql\u0259\u015fdirilir) L\u0259nk\u0259ran \u00e7ay\u0131ndan \u00e7\u0131xar\u0131lmas\u0131na k\u00f6m\u0259klik g\u00f6st\u0259rilm\u0259si \u00fc\u00e7\u00fcn m\u00fcraci\u0259t daxil olub. Hadis\u0259 yerin\u0259 c\u0259lb olunan Ki\u00e7ikh\u0259cmli G\u0259mil\u0259r\u0259 N\u0259zar\u0259t v\u0259 Sularda Xilasetm\u0259 D\u00f6vl\u0259t Xidm\u0259tinin m\u00fcvafiq xilasetm\u0259 q\u00fcvv\u0259l\u0259ri meyiti sudan \u00e7\u0131xar\u0131b v\u0259 aidiyy\u0259ti \u00fczr\u0259 t\u0259hvil veribl\u0259r.Unikal.org","_links":{"self":[{"href":"https:\/\/arantv.az\/index.php?rest_route=\/wp\/v2\/posts\/67046"}],"collection":[{"href":"https:\/\/arantv.az\/index.php?rest_route=\/wp\/v2\/posts"}],"about":[{"href":"https:\/\/arantv.az\/index.php?rest_route=\/wp\/v2\/types\/post"}],"author":[{"embeddable":true,"href":"https:\/\/arantv.az\/index.php?rest_route=\/wp\/v2\/users\/2"}],"replies":[{"embeddable":true,"href":"https:\/\/arantv.az\/index.php?rest_route=%2Fwp%2Fv2%2Fcomments&post=67046"}],"version-history":[{"count":0,"href":"https:\/\/arantv.az\/index.php?rest_route=\/wp\/v2\/posts\/67046\/revisions"}],"wp:featuredmedia":[{"embeddable":true,"href":"https:\/\/arantv.az\/index.php?rest_route=\/wp\/v2\/media\/67047"}],"wp:attachment":[{"href":"https:\/\/arantv.az\/index.php?rest_route=%2Fwp%2Fv2%2Fmedia&parent=67046"}],"wp:term":[{"taxonomy":"category","embeddable":true,"href":"https:\/\/arantv.az\/index.php?rest_route=%2Fwp%2Fv2%2Fcategories&post=67046"},{"taxonomy":"post_tag","embeddable":true,"href":"https:\/\/arantv.az\/index.php?rest_route=%2Fwp%2Fv2%2Ftags&post=67046"}],"curies":[{"name":"wp","href":"https:\/\/api.w.org\/{rel}","templated":true}]}}