{"id":67058,"date":"2019-06-17T10:26:37","date_gmt":"2019-06-17T07:26:37","guid":{"rendered":"http:\/\/arantv.az\/?p=67058"},"modified":"2019-06-17T10:26:37","modified_gmt":"2019-06-17T07:26:37","slug":"bu-gun-s%c9%99hiyy%c9%99-iscil%c9%99rinin-pes%c9%99-bayrami-gunudur","status":"publish","type":"post","link":"https:\/\/arantv.az\/?p=67058","title":{"rendered":"Bu g\u00fcn S\u0259hiyy\u0259 i\u015f\u00e7il\u0259rinin pe\u015f\u0259 bayram\u0131 g\u00fcn\u00fcd\u00fcr!"},"content":{"rendered":"<p><b>B\u0259\u015f\u0259riyy\u0259t \u00fc\u00e7\u00fcn \u0259n vacib amil, lakin \u00e7ox vaxt etinas\u0131z yana\u015fd\u0131\u011f\u0131m\u0131z \u0259n d\u0259y\u0259rli s\u0259rv\u0259t sa\u011flaml\u0131qd\u0131r. Sa\u011flaml\u011f\u0131m\u0131z\u0131n ke\u015fiyind\u0259 is\u0259 m\u0259hz bu \u015f\u0259r\u0259fli pe\u015f\u0259nin sahibl\u0259ri, y\u0259ni tibb i\u015f\u00e7il\u0259ri dayan\u0131r.<\/b><\/p>\n<p>&nbsp;<\/p>\n<p>&nbsp;<\/p>\n<p><b>ARANTV.AZ\u00a0<\/b>x\u0259b\u0259r verir ki, Az\u0259rbaycanda tibbin inki\u015faf\u0131 daha \u00e7ox XX \u0259srl\u0259 ba\u011fl\u0131d\u0131r. Nazirl\u0259r \u015euras\u0131n\u0131n 17 iyun 1918-ci il tarixli s\u0259r\u0259ncam\u0131 il\u0259 S\u0259hiyy\u0259 Nazirliyi t\u0259\u015fkil olunub.<\/p>\n<p>&nbsp;<\/p>\n<p>\u00dcmummilli lider Heyd\u0259r \u018fliyev s\u0259hiyy\u0259 i\u015f\u00e7il\u0259rinin x\u00fcsusi \u0259m\u0259yini d\u0259y\u0259rl\u0259ndir\u0259r\u0259k onlar \u00fc\u00e7\u00fcn pe\u015f\u0259 bayram\u0131 g\u00fcn\u00fc t\u0259sis edib.<\/p>\n<p>&nbsp;<\/p>\n<p>2001-ci il iyunun 4-d\u0259 imzalanan S\u0259r\u0259ncama \u0259sas\u0259n, h\u0259r il iyunun 17-si \u00f6lk\u0259mizd\u0259 tibb i\u015f\u00e7il\u0259rinin pe\u015f\u0259 bayram\u0131 g\u00fcn\u00fc kimi qeyd olunur.<\/p>\n<p>&nbsp;<\/p>\n<p>Haz\u0131rda is\u0259 \u00f6z s\u0259n\u0259tini d\u0259rind\u0259n bil\u0259n, c\u0259miyy\u0259tin sa\u011flaml\u0131\u011f\u0131n\u0131n ke\u015fiyind\u0259 duran minl\u0259rl\u0259 s\u0259hiyy\u0259 i\u015f\u00e7isi var.Medicina.az<\/p>\n","protected":false},"excerpt":{"rendered":"<p>B\u0259\u015f\u0259riyy\u0259t \u00fc\u00e7\u00fcn \u0259n vacib amil, lakin \u00e7ox vaxt etinas\u0131z yana\u015fd\u0131\u011f\u0131m\u0131z \u0259n d\u0259y\u0259rli s\u0259rv\u0259t sa\u011flaml\u0131qd\u0131r. Sa\u011flaml\u011f\u0131m\u0131z\u0131n ke\u015fiyind\u0259 is\u0259 m\u0259hz bu \u015f\u0259r\u0259fli pe\u015f\u0259nin sahibl\u0259ri, y\u0259ni tibb i\u015f\u00e7il\u0259ri dayan\u0131r. &nbsp; &nbsp; ARANTV.AZ\u00a0x\u0259b\u0259r verir ki, Az\u0259rbaycanda tibbin inki\u015faf\u0131 daha \u00e7ox XX \u0259srl\u0259 ba\u011fl\u0131d\u0131r. Nazirl\u0259r \u015euras\u0131n\u0131n 17 iyun 1918-ci il tarixli s\u0259r\u0259ncam\u0131 il\u0259 S\u0259hiyy\u0259 Nazirliyi t\u0259\u015fkil olunub. &nbsp; \u00dcmummilli lider Heyd\u0259r \u018fliyev s\u0259hiyy\u0259 i\u015f\u00e7il\u0259rinin x\u00fcsusi \u0259m\u0259yini d\u0259y\u0259rl\u0259ndir\u0259r\u0259k onlar \u00fc\u00e7\u00fcn pe\u015f\u0259 bayram\u0131 g\u00fcn\u00fc t\u0259sis edib. &nbsp; 2001-ci il iyunun 4-d\u0259 imzalanan S\u0259r\u0259ncama \u0259sas\u0259n, h\u0259r il iyunun 17-si \u00f6lk\u0259mizd\u0259 tibb i\u015f\u00e7il\u0259rinin pe\u015f\u0259 bayram\u0131 g\u00fcn\u00fc kimi qeyd olunur.&hellip;<\/p>\n","protected":false},"author":2,"featured_media":67059,"comment_status":"closed","ping_status":"closed","sticky":false,"template":"","format":"standard","meta":{"om_disable_all_campaigns":false,"_monsterinsights_skip_tracking":false,"_monsterinsights_sitenote_active":false,"_monsterinsights_sitenote_note":"","_monsterinsights_sitenote_category":0},"categories":[1],"tags":[],"aioseo_notices":[],"gutentor_comment":0,"rttpg_featured_image_url":{"full":["https:\/\/arantv.az\/wp-content\/uploads\/2019\/06\/1560754964_tibb-iscisi.jpg",800,500,false],"landscape":["https:\/\/arantv.az\/wp-content\/uploads\/2019\/06\/1560754964_tibb-iscisi.jpg",800,500,false],"portraits":["https:\/\/arantv.az\/wp-content\/uploads\/2019\/06\/1560754964_tibb-iscisi.jpg",800,500,false],"thumbnail":["https:\/\/arantv.az\/wp-content\/uploads\/2019\/06\/1560754964_tibb-iscisi-150x150.jpg",150,150,true],"medium":["https:\/\/arantv.az\/wp-content\/uploads\/2019\/06\/1560754964_tibb-iscisi-300x188.jpg",300,188,true],"large":["https:\/\/arantv.az\/wp-content\/uploads\/2019\/06\/1560754964_tibb-iscisi.jpg",640,400,false],"1536x1536":["https:\/\/arantv.az\/wp-content\/uploads\/2019\/06\/1560754964_tibb-iscisi.jpg",800,500,false],"2048x2048":["https:\/\/arantv.az\/wp-content\/uploads\/2019\/06\/1560754964_tibb-iscisi.jpg",800,500,false],"post-thumbnail":["https:\/\/arantv.az\/wp-content\/uploads\/2019\/06\/1560754964_tibb-iscisi-240x172.jpg",240,172,true],"advps-thumb-one":["https:\/\/arantv.az\/wp-content\/uploads\/2019\/06\/1560754964_tibb-iscisi.jpg",800,500,false]},"rttpg_author":{"display_name":"V\u00fcsal Rafiqo\u011flu","author_link":"https:\/\/arantv.az\/?author=2"},"rttpg_comment":0,"rttpg_category":"<a href=\"https:\/\/arantv.az\/?cat=1\" rel=\"category\">C\u0259miyy\u0259t<\/a>","rttpg_excerpt":"B\u0259\u015f\u0259riyy\u0259t \u00fc\u00e7\u00fcn \u0259n vacib amil, lakin \u00e7ox vaxt etinas\u0131z yana\u015fd\u0131\u011f\u0131m\u0131z \u0259n d\u0259y\u0259rli s\u0259rv\u0259t sa\u011flaml\u0131qd\u0131r. Sa\u011flaml\u011f\u0131m\u0131z\u0131n ke\u015fiyind\u0259 is\u0259 m\u0259hz bu \u015f\u0259r\u0259fli pe\u015f\u0259nin sahibl\u0259ri, y\u0259ni tibb i\u015f\u00e7il\u0259ri dayan\u0131r. &nbsp; &nbsp; ARANTV.AZ\u00a0x\u0259b\u0259r verir ki, Az\u0259rbaycanda tibbin inki\u015faf\u0131 daha \u00e7ox XX \u0259srl\u0259 ba\u011fl\u0131d\u0131r. Nazirl\u0259r \u015euras\u0131n\u0131n 17 iyun 1918-ci il tarixli s\u0259r\u0259ncam\u0131 il\u0259 S\u0259hiyy\u0259 Nazirliyi t\u0259\u015fkil olunub. &nbsp; \u00dcmummilli lider&hellip;","_links":{"self":[{"href":"https:\/\/arantv.az\/index.php?rest_route=\/wp\/v2\/posts\/67058"}],"collection":[{"href":"https:\/\/arantv.az\/index.php?rest_route=\/wp\/v2\/posts"}],"about":[{"href":"https:\/\/arantv.az\/index.php?rest_route=\/wp\/v2\/types\/post"}],"author":[{"embeddable":true,"href":"https:\/\/arantv.az\/index.php?rest_route=\/wp\/v2\/users\/2"}],"replies":[{"embeddable":true,"href":"https:\/\/arantv.az\/index.php?rest_route=%2Fwp%2Fv2%2Fcomments&post=67058"}],"version-history":[{"count":0,"href":"https:\/\/arantv.az\/index.php?rest_route=\/wp\/v2\/posts\/67058\/revisions"}],"wp:featuredmedia":[{"embeddable":true,"href":"https:\/\/arantv.az\/index.php?rest_route=\/wp\/v2\/media\/67059"}],"wp:attachment":[{"href":"https:\/\/arantv.az\/index.php?rest_route=%2Fwp%2Fv2%2Fmedia&parent=67058"}],"wp:term":[{"taxonomy":"category","embeddable":true,"href":"https:\/\/arantv.az\/index.php?rest_route=%2Fwp%2Fv2%2Fcategories&post=67058"},{"taxonomy":"post_tag","embeddable":true,"href":"https:\/\/arantv.az\/index.php?rest_route=%2Fwp%2Fv2%2Ftags&post=67058"}],"curies":[{"name":"wp","href":"https:\/\/api.w.org\/{rel}","templated":true}]}}