{"id":67073,"date":"2019-06-17T11:26:11","date_gmt":"2019-06-17T08:26:11","guid":{"rendered":"http:\/\/arantv.az\/?p=67073"},"modified":"2019-06-17T11:26:11","modified_gmt":"2019-06-17T08:26:11","slug":"hami-salyandaki-bu-son-z%c9%99ngd%c9%99n-danisir-video","status":"publish","type":"post","link":"https:\/\/arantv.az\/?p=67073","title":{"rendered":"Ham\u0131 Salyandak\u0131 bu &#8220;Son z\u0259ng&#8221;d\u0259n dan\u0131\u015f\u0131r \u2014 V\u0130DEO"},"content":{"rendered":"<p>Salyan rayon, 8 sayl\u0131 tam orta m\u0259kt\u0259bin m\u0259zunlar\u0131n\u0131n t\u0259\u015fkil etdiyi &#8220;Son z\u0259ng&#8221; t\u0259dbiri sosial \u015f\u0259b\u0259k\u0259l\u0259rd\u0259 m\u00fczakir\u0259 m\u00f6vzusu olub.<\/p>\n<div id=\"AdviadNativeVideo0\" class=\"AdviadNativeVideo\"><\/div>\n<p><b>ARANTV.AZ\u00a0<\/b>\u00a0\u00f6lk\u0259.az-a istinad\u0259n x\u0259b\u0259r verir ki, m\u0259kt\u0259bin o\u011flan m\u0259zunlar\u0131 haz\u0131rlad\u0131qlar\u0131 h\u0259rbi g\u00f6st\u0259ri\u015fi &#8220;Az\u0259rbaycan&#8221; \u0259sg\u0259ri mahn\u0131s\u0131n\u0131n s\u0259dalar\u0131 alt\u0131nda t\u0259qdim edibl\u0259r. H\u0259min g\u00f6r\u00fcnt\u00fcl\u0259ri t\u0259qdim edirik.<\/p>\n<div class=\"embed-responsive embed-responsive-16by9\"><iframe loading=\"lazy\" id=\"nmqembedid\" class=\"embed-responsive-item\" title=\"video player\" src=\"https:\/\/izle.az\/embed\/qyyxzU72qchLzc3yCCsHAA~~\" width=\"600\" height=\"340\" frameborder=\"0\" scrolling=\"no\" allowfullscreen=\"allowfullscreen\" data-mce-fragment=\"1\"><\/iframe><\/div>\n<p>&nbsp;<\/p>\n","protected":false},"excerpt":{"rendered":"<p>Salyan rayon, 8 sayl\u0131 tam orta m\u0259kt\u0259bin m\u0259zunlar\u0131n\u0131n t\u0259\u015fkil etdiyi &#8220;Son z\u0259ng&#8221; t\u0259dbiri sosial \u015f\u0259b\u0259k\u0259l\u0259rd\u0259 m\u00fczakir\u0259 m\u00f6vzusu olub. ARANTV.AZ\u00a0\u00a0\u00f6lk\u0259.az-a istinad\u0259n x\u0259b\u0259r verir ki, m\u0259kt\u0259bin o\u011flan m\u0259zunlar\u0131 haz\u0131rlad\u0131qlar\u0131 h\u0259rbi g\u00f6st\u0259ri\u015fi &#8220;Az\u0259rbaycan&#8221; \u0259sg\u0259ri mahn\u0131s\u0131n\u0131n s\u0259dalar\u0131 alt\u0131nda t\u0259qdim edibl\u0259r. H\u0259min g\u00f6r\u00fcnt\u00fcl\u0259ri t\u0259qdim edirik. &nbsp;<\/p>\n","protected":false},"author":2,"featured_media":67074,"comment_status":"closed","ping_status":"closed","sticky":false,"template":"","format":"standard","meta":{"om_disable_all_campaigns":false,"_monsterinsights_skip_tracking":false,"_monsterinsights_sitenote_active":false,"_monsterinsights_sitenote_note":"","_monsterinsights_sitenote_category":0},"categories":[1],"tags":[],"aioseo_notices":[],"gutentor_comment":0,"rttpg_featured_image_url":{"full":["https:\/\/arantv.az\/wp-content\/uploads\/2019\/06\/Snimok_21560759122.png",575,350,false],"landscape":["https:\/\/arantv.az\/wp-content\/uploads\/2019\/06\/Snimok_21560759122.png",575,350,false],"portraits":["https:\/\/arantv.az\/wp-content\/uploads\/2019\/06\/Snimok_21560759122.png",575,350,false],"thumbnail":["https:\/\/arantv.az\/wp-content\/uploads\/2019\/06\/Snimok_21560759122-150x150.png",150,150,true],"medium":["https:\/\/arantv.az\/wp-content\/uploads\/2019\/06\/Snimok_21560759122-300x183.png",300,183,true],"large":["https:\/\/arantv.az\/wp-content\/uploads\/2019\/06\/Snimok_21560759122.png",575,350,false],"1536x1536":["https:\/\/arantv.az\/wp-content\/uploads\/2019\/06\/Snimok_21560759122.png",575,350,false],"2048x2048":["https:\/\/arantv.az\/wp-content\/uploads\/2019\/06\/Snimok_21560759122.png",575,350,false],"post-thumbnail":["https:\/\/arantv.az\/wp-content\/uploads\/2019\/06\/Snimok_21560759122-240x172.png",240,172,true],"advps-thumb-one":["https:\/\/arantv.az\/wp-content\/uploads\/2019\/06\/Snimok_21560759122.png",575,350,false]},"rttpg_author":{"display_name":"V\u00fcsal Rafiqo\u011flu","author_link":"https:\/\/arantv.az\/?author=2"},"rttpg_comment":0,"rttpg_category":"<a href=\"https:\/\/arantv.az\/?cat=1\" rel=\"category\">C\u0259miyy\u0259t<\/a>","rttpg_excerpt":"Salyan rayon, 8 sayl\u0131 tam orta m\u0259kt\u0259bin m\u0259zunlar\u0131n\u0131n t\u0259\u015fkil etdiyi &#8220;Son z\u0259ng&#8221; t\u0259dbiri sosial \u015f\u0259b\u0259k\u0259l\u0259rd\u0259 m\u00fczakir\u0259 m\u00f6vzusu olub. ARANTV.AZ\u00a0\u00a0\u00f6lk\u0259.az-a istinad\u0259n x\u0259b\u0259r verir ki, m\u0259kt\u0259bin o\u011flan m\u0259zunlar\u0131 haz\u0131rlad\u0131qlar\u0131 h\u0259rbi g\u00f6st\u0259ri\u015fi &#8220;Az\u0259rbaycan&#8221; \u0259sg\u0259ri mahn\u0131s\u0131n\u0131n s\u0259dalar\u0131 alt\u0131nda t\u0259qdim edibl\u0259r. H\u0259min g\u00f6r\u00fcnt\u00fcl\u0259ri t\u0259qdim edirik. &nbsp;","_links":{"self":[{"href":"https:\/\/arantv.az\/index.php?rest_route=\/wp\/v2\/posts\/67073"}],"collection":[{"href":"https:\/\/arantv.az\/index.php?rest_route=\/wp\/v2\/posts"}],"about":[{"href":"https:\/\/arantv.az\/index.php?rest_route=\/wp\/v2\/types\/post"}],"author":[{"embeddable":true,"href":"https:\/\/arantv.az\/index.php?rest_route=\/wp\/v2\/users\/2"}],"replies":[{"embeddable":true,"href":"https:\/\/arantv.az\/index.php?rest_route=%2Fwp%2Fv2%2Fcomments&post=67073"}],"version-history":[{"count":0,"href":"https:\/\/arantv.az\/index.php?rest_route=\/wp\/v2\/posts\/67073\/revisions"}],"wp:featuredmedia":[{"embeddable":true,"href":"https:\/\/arantv.az\/index.php?rest_route=\/wp\/v2\/media\/67074"}],"wp:attachment":[{"href":"https:\/\/arantv.az\/index.php?rest_route=%2Fwp%2Fv2%2Fmedia&parent=67073"}],"wp:term":[{"taxonomy":"category","embeddable":true,"href":"https:\/\/arantv.az\/index.php?rest_route=%2Fwp%2Fv2%2Fcategories&post=67073"},{"taxonomy":"post_tag","embeddable":true,"href":"https:\/\/arantv.az\/index.php?rest_route=%2Fwp%2Fv2%2Ftags&post=67073"}],"curies":[{"name":"wp","href":"https:\/\/api.w.org\/{rel}","templated":true}]}}