{"id":670762,"date":"2023-12-19T15:22:34","date_gmt":"2023-12-19T11:22:34","guid":{"rendered":"https:\/\/arantv.az\/?p=670762"},"modified":"2023-12-19T15:22:34","modified_gmt":"2023-12-19T11:22:34","slug":"nazir-baliq-m%c9%99hsullarinin-keyfiyy%c9%99t-gost%c9%99ricil%c9%99rin%c9%99-m%c9%99nfi-t%c9%99sir-ed%c9%99n-amill%c9%99rd%c9%99n-danisdi","status":"publish","type":"post","link":"https:\/\/arantv.az\/?p=670762","title":{"rendered":"Nazir bal\u0131q m\u0259hsullar\u0131n\u0131n keyfiyy\u0259t g\u00f6st\u0259ricil\u0259rin\u0259 m\u0259nfi t\u0259sir ed\u0259n amill\u0259rd\u0259n dan\u0131\u015fd\u0131"},"content":{"rendered":"<p>\u201cT\u0259s\u0259rr\u00fcfat f\u0259aliyy\u0259tinin haz\u0131rda ekstensiv \u00fcsullarla apar\u0131lmas\u0131 bal\u0131q istehsal\u0131nda m\u0259hsuldarl\u0131\u011f\u0131n a\u015fa\u011f\u0131 d\u00fc\u015fm\u0259sin\u0259 v\u0259 istehsal edil\u0259n bal\u0131q m\u0259hsullar\u0131n\u0131n keyfiyy\u0259t g\u00f6st\u0259ricil\u0259rin\u0259 m\u0259nfi t\u0259sir edir\u201d.<\/p>\n<p>Bunu k\u0259nd t\u0259s\u0259rr\u00fcfat\u0131 naziri\u00a0M\u0259cnun M\u0259mm\u0259dov Bak\u0131da ke\u00e7iril\u0259n M\u0259rk\u0259zi Asiya v\u0259 Qafqazda bal\u0131q\u00e7\u0131l\u0131q t\u0259s\u0259rr\u00fcfat\u0131 v\u0259 akvakultura sah\u0259sind\u0259 Regional Komissiyan\u0131n (CACFish) 8-ci Sessiyas\u0131nda \u00e7\u0131x\u0131\u015f\u0131 zaman\u0131 bildirib.<\/p>\n<p>Onun s\u00f6zl\u0259rin\u0259 g\u00f6r\u0259, bal\u0131q m\u0259hsullar\u0131 istehsal\u0131n\u0131n keyfiyy\u0259t g\u00f6st\u0259ricil\u0259rinin v\u0259 h\u0259cminin q\u0259na\u0259tb\u0259x\u015f olmamas\u0131 emal s\u0259nayesini kifay\u0259t q\u0259d\u0259r xammalla t\u0259min etm\u0259y\u0259 imkan vermir, bu da bal\u0131q v\u0259 bal\u0131q m\u0259hsullar\u0131 idxal\u0131n\u0131n artmas\u0131na s\u0259b\u0259b olur:<\/p>\n<p>\u201cA\u015fa\u011f\u0131 m\u0259hsuldarl\u0131\u011fa malik bal\u0131q n\u00f6vl\u0259ri yem t\u0259minat\u0131 bax\u0131m\u0131ndan da t\u0259s\u0259rr\u00fcfatlar \u00fc\u00e7\u00fcn \u0259lveri\u015fli deyil. B\u00fct\u00fcn bunlar t\u0259bii v\u0259 s\u00fcni su h\u00f6vz\u0259l\u0259rinin v\u0259 torpaqlar\u0131n s\u0259m\u0259r\u0259siz istifad\u0259sin\u0259, k\u0259nd t\u0259s\u0259rr\u00fcfat\u0131 t\u0259yinatl\u0131 torpaqlar\u0131n bal\u0131q nohur\u00e7ulu\u011fu \u00fc\u00e7\u00fcn istifad\u0259si v\u0259 d\u00f6vriyy\u0259d\u0259n \u00e7\u0131xar\u0131lmas\u0131na, bal\u0131q v\u0259 bal\u0131q m\u0259hsullar\u0131n\u0131n qiym\u0259tinin y\u00fcks\u0259k olmas\u0131na, idxal h\u0259cminin artmas\u0131na v\u0259 ixrac imkanlar\u0131n\u0131n azalmas\u0131na s\u0259b\u0259b olur\u201d.<\/p>\n<p>Nazir bildirib ki, daxili su h\u00f6vz\u0259l\u0259rind\u0259 bal\u0131qart\u0131rma-meliorativ t\u0259dbirl\u0259rinin h\u0259yata ke\u00e7irilm\u0259si n\u0259tic\u0259sind\u0259 bal\u0131q m\u0259hsullar\u0131n\u0131n m\u0259hsuldarl\u0131\u011f\u0131n\u0131 art\u0131rmaq m\u00fcmk\u00fcnd\u00fcr:<\/p>\n<p>\u201c\u00d6lk\u0259mizd\u0259 akvakulturan\u0131n inki\u015faf\u0131 istiqam\u0259tind\u0259 beyn\u0259lxalq t\u0259cr\u00fcb\u0259l\u0259r n\u0259z\u0259r\u0259 almaqla m\u00fcasir t\u0259l\u0259bl\u0259r\u0259 cavab ver\u0259n s\u0259naye \u00fcsulu il\u0259 sa\u011flam v\u0259 dayan\u0131ql\u0131 bal\u0131q\u00e7\u0131l\u0131q t\u0259s\u0259rr\u00fcfatlar\u0131n\u0131n art\u0131r\u0131lmas\u0131n\u0131, bal\u0131q\u00e7\u0131l\u0131\u011f\u0131n idar\u0259etm\u0259 strukturunun t\u0259kmill\u0259\u015fdirilm\u0259si, akvakultura il\u0259 m\u0259\u015f\u011ful olmaq ist\u0259y\u0259n sahibkarlar \u00fc\u00e7\u00fcn prosedurlar\u0131n sad\u0259l\u0259\u015fdirilm\u0259si vacib hesab edirik. Qeyd olunan m\u0259s\u0259l\u0259l\u0259rd\u0259 nailiyy\u0259tin \u0259ld\u0259 edilm\u0259si \u00fc\u00e7\u00fcn aidiyy\u0259ti d\u00f6vl\u0259t qurumlar\u0131, beyn\u0259lxalq t\u0259\u015fkilatlar v\u0259 maraql\u0131 t\u0259r\u0259fl\u0259rl\u0259 birg\u0259 qar\u015f\u0131l\u0131ql\u0131 s\u0131x f\u0259aliyy\u0259t g\u00f6st\u0259rm\u0259liyik\u201d.<\/p>\n","protected":false},"excerpt":{"rendered":"<p>\u201cT\u0259s\u0259rr\u00fcfat f\u0259aliyy\u0259tinin haz\u0131rda ekstensiv \u00fcsullarla apar\u0131lmas\u0131 bal\u0131q istehsal\u0131nda m\u0259hsuldarl\u0131\u011f\u0131n a\u015fa\u011f\u0131 d\u00fc\u015fm\u0259sin\u0259 v\u0259 istehsal edil\u0259n bal\u0131q m\u0259hsullar\u0131n\u0131n keyfiyy\u0259t g\u00f6st\u0259ricil\u0259rin\u0259 m\u0259nfi t\u0259sir edir\u201d. Bunu k\u0259nd t\u0259s\u0259rr\u00fcfat\u0131 naziri\u00a0M\u0259cnun M\u0259mm\u0259dov Bak\u0131da ke\u00e7iril\u0259n M\u0259rk\u0259zi Asiya v\u0259 Qafqazda bal\u0131q\u00e7\u0131l\u0131q t\u0259s\u0259rr\u00fcfat\u0131 v\u0259 akvakultura sah\u0259sind\u0259 Regional Komissiyan\u0131n (CACFish) 8-ci Sessiyas\u0131nda \u00e7\u0131x\u0131\u015f\u0131 zaman\u0131 bildirib. Onun s\u00f6zl\u0259rin\u0259 g\u00f6r\u0259, bal\u0131q m\u0259hsullar\u0131 istehsal\u0131n\u0131n keyfiyy\u0259t g\u00f6st\u0259ricil\u0259rinin v\u0259 h\u0259cminin q\u0259na\u0259tb\u0259x\u015f olmamas\u0131 emal s\u0259nayesini kifay\u0259t q\u0259d\u0259r xammalla t\u0259min etm\u0259y\u0259 imkan vermir, bu da bal\u0131q v\u0259 bal\u0131q m\u0259hsullar\u0131 idxal\u0131n\u0131n artmas\u0131na s\u0259b\u0259b olur: \u201cA\u015fa\u011f\u0131 m\u0259hsuldarl\u0131\u011fa malik bal\u0131q n\u00f6vl\u0259ri yem t\u0259minat\u0131 bax\u0131m\u0131ndan da t\u0259s\u0259rr\u00fcfatlar \u00fc\u00e7\u00fcn \u0259lveri\u015fli deyil. B\u00fct\u00fcn&hellip;<\/p>\n","protected":false},"author":2,"featured_media":670763,"comment_status":"closed","ping_status":"closed","sticky":false,"template":"","format":"standard","meta":{"om_disable_all_campaigns":false,"_monsterinsights_skip_tracking":false,"_monsterinsights_sitenote_active":false,"_monsterinsights_sitenote_note":"","_monsterinsights_sitenote_category":0},"categories":[19],"tags":[],"aioseo_notices":[],"gutentor_comment":0,"rttpg_featured_image_url":{"full":["https:\/\/arantv.az\/wp-content\/uploads\/2023\/12\/FotoJet-2-20.jpg",620,413,false],"landscape":["https:\/\/arantv.az\/wp-content\/uploads\/2023\/12\/FotoJet-2-20.jpg",620,413,false],"portraits":["https:\/\/arantv.az\/wp-content\/uploads\/2023\/12\/FotoJet-2-20.jpg",620,413,false],"thumbnail":["https:\/\/arantv.az\/wp-content\/uploads\/2023\/12\/FotoJet-2-20-500x280.jpg",500,280,true],"medium":["https:\/\/arantv.az\/wp-content\/uploads\/2023\/12\/FotoJet-2-20-548x365.jpg",548,365,true],"large":["https:\/\/arantv.az\/wp-content\/uploads\/2023\/12\/FotoJet-2-20.jpg",620,413,false],"1536x1536":["https:\/\/arantv.az\/wp-content\/uploads\/2023\/12\/FotoJet-2-20.jpg",620,413,false],"2048x2048":["https:\/\/arantv.az\/wp-content\/uploads\/2023\/12\/FotoJet-2-20.jpg",620,413,false],"post-thumbnail":["https:\/\/arantv.az\/wp-content\/uploads\/2023\/12\/FotoJet-2-20-240x172.jpg",240,172,true],"advps-thumb-one":["https:\/\/arantv.az\/wp-content\/uploads\/2023\/12\/FotoJet-2-20.jpg",620,413,false]},"rttpg_author":{"display_name":"V\u00fcsal Rafiqo\u011flu","author_link":"https:\/\/arantv.az\/?author=2"},"rttpg_comment":0,"rttpg_category":"<a href=\"https:\/\/arantv.az\/?cat=19\" rel=\"category\">G\u00fcnd\u0259m<\/a>","rttpg_excerpt":"\u201cT\u0259s\u0259rr\u00fcfat f\u0259aliyy\u0259tinin haz\u0131rda ekstensiv \u00fcsullarla apar\u0131lmas\u0131 bal\u0131q istehsal\u0131nda m\u0259hsuldarl\u0131\u011f\u0131n a\u015fa\u011f\u0131 d\u00fc\u015fm\u0259sin\u0259 v\u0259 istehsal edil\u0259n bal\u0131q m\u0259hsullar\u0131n\u0131n keyfiyy\u0259t g\u00f6st\u0259ricil\u0259rin\u0259 m\u0259nfi t\u0259sir edir\u201d. Bunu k\u0259nd t\u0259s\u0259rr\u00fcfat\u0131 naziri\u00a0M\u0259cnun M\u0259mm\u0259dov Bak\u0131da ke\u00e7iril\u0259n M\u0259rk\u0259zi Asiya v\u0259 Qafqazda bal\u0131q\u00e7\u0131l\u0131q t\u0259s\u0259rr\u00fcfat\u0131 v\u0259 akvakultura sah\u0259sind\u0259 Regional Komissiyan\u0131n (CACFish) 8-ci Sessiyas\u0131nda \u00e7\u0131x\u0131\u015f\u0131 zaman\u0131 bildirib. Onun s\u00f6zl\u0259rin\u0259 g\u00f6r\u0259, bal\u0131q m\u0259hsullar\u0131 istehsal\u0131n\u0131n keyfiyy\u0259t g\u00f6st\u0259ricil\u0259rinin v\u0259 h\u0259cminin&hellip;","_links":{"self":[{"href":"https:\/\/arantv.az\/index.php?rest_route=\/wp\/v2\/posts\/670762"}],"collection":[{"href":"https:\/\/arantv.az\/index.php?rest_route=\/wp\/v2\/posts"}],"about":[{"href":"https:\/\/arantv.az\/index.php?rest_route=\/wp\/v2\/types\/post"}],"author":[{"embeddable":true,"href":"https:\/\/arantv.az\/index.php?rest_route=\/wp\/v2\/users\/2"}],"replies":[{"embeddable":true,"href":"https:\/\/arantv.az\/index.php?rest_route=%2Fwp%2Fv2%2Fcomments&post=670762"}],"version-history":[{"count":0,"href":"https:\/\/arantv.az\/index.php?rest_route=\/wp\/v2\/posts\/670762\/revisions"}],"wp:featuredmedia":[{"embeddable":true,"href":"https:\/\/arantv.az\/index.php?rest_route=\/wp\/v2\/media\/670763"}],"wp:attachment":[{"href":"https:\/\/arantv.az\/index.php?rest_route=%2Fwp%2Fv2%2Fmedia&parent=670762"}],"wp:term":[{"taxonomy":"category","embeddable":true,"href":"https:\/\/arantv.az\/index.php?rest_route=%2Fwp%2Fv2%2Fcategories&post=670762"},{"taxonomy":"post_tag","embeddable":true,"href":"https:\/\/arantv.az\/index.php?rest_route=%2Fwp%2Fv2%2Ftags&post=670762"}],"curies":[{"name":"wp","href":"https:\/\/api.w.org\/{rel}","templated":true}]}}