{"id":670797,"date":"2023-12-19T17:13:54","date_gmt":"2023-12-19T13:13:54","guid":{"rendered":"https:\/\/arantv.az\/?p=670797"},"modified":"2023-12-19T17:13:54","modified_gmt":"2023-12-19T13:13:54","slug":"yap-in-prezident-seckisind%c9%99-s%c9%99lahiyy%c9%99tli-numay%c9%99nd%c9%99l%c9%99ri-qeyd%c9%99-alindilar","status":"publish","type":"post","link":"https:\/\/arantv.az\/?p=670797","title":{"rendered":"YAP-\u0131n prezident se\u00e7kisind\u0259 s\u0259lahiyy\u0259tli n\u00fcmay\u0259nd\u0259l\u0259ri qeyd\u0259 al\u0131nd\u0131lar"},"content":{"rendered":"<p>Yeni Az\u0259rbaycan Partiyas\u0131 (YAP) s\u0259drinin m\u00fcavini \u2013 M\u0259rk\u0259zi Aparat\u0131n r\u0259hb\u0259ri Tahir Budaqov v\u0259 YAP s\u0259drinin m\u00fcavini \u018fli \u018fhm\u0259dov partiyan\u0131n n\u00f6vb\u0259d\u0259nk\u0259nar prezident se\u00e7kisind\u0259ki s\u0259lahiyy\u0259tli n\u00fcmay\u0259nd\u0259si t\u0259yin edilib.<\/p>\n<p><strong>ARANTV.AZ <\/strong>\u00a0x\u0259b\u0259r verir ki, bununla ba\u011fl\u0131 M\u0259rk\u0259zi Se\u00e7ki Komissiyas\u0131n\u0131n (MSK) bu g\u00fcn ke\u00e7iril\u0259n iclas\u0131nda q\u0259rar q\u0259bul edilib.<\/p>\n<p>H\u0259m\u00e7inin M\u0259rk\u0259zi Aparat\u0131n r\u0259hb\u0259rinin m\u00fcavini \u018fhliman Ta\u011f\u0131yev maliyy\u0259 m\u0259s\u0259l\u0259l\u0259ri \u00fczr\u0259 s\u0259lahiyy\u0259tli n\u00fcmay\u0259nd\u0259 t\u0259yin olunub.<\/p>\n","protected":false},"excerpt":{"rendered":"<p>Yeni Az\u0259rbaycan Partiyas\u0131 (YAP) s\u0259drinin m\u00fcavini \u2013 M\u0259rk\u0259zi Aparat\u0131n r\u0259hb\u0259ri Tahir Budaqov v\u0259 YAP s\u0259drinin m\u00fcavini \u018fli \u018fhm\u0259dov partiyan\u0131n n\u00f6vb\u0259d\u0259nk\u0259nar prezident se\u00e7kisind\u0259ki s\u0259lahiyy\u0259tli n\u00fcmay\u0259nd\u0259si t\u0259yin edilib. ARANTV.AZ \u00a0x\u0259b\u0259r verir ki, bununla ba\u011fl\u0131 M\u0259rk\u0259zi Se\u00e7ki Komissiyas\u0131n\u0131n (MSK) bu g\u00fcn ke\u00e7iril\u0259n iclas\u0131nda q\u0259rar q\u0259bul edilib. H\u0259m\u00e7inin M\u0259rk\u0259zi Aparat\u0131n r\u0259hb\u0259rinin m\u00fcavini \u018fhliman Ta\u011f\u0131yev maliyy\u0259 m\u0259s\u0259l\u0259l\u0259ri \u00fczr\u0259 s\u0259lahiyy\u0259tli n\u00fcmay\u0259nd\u0259 t\u0259yin olunub.<\/p>\n","protected":false},"author":2,"featured_media":670798,"comment_status":"closed","ping_status":"closed","sticky":false,"template":"","format":"standard","meta":{"om_disable_all_campaigns":false,"_monsterinsights_skip_tracking":false,"_monsterinsights_sitenote_active":false,"_monsterinsights_sitenote_note":"","_monsterinsights_sitenote_category":0},"categories":[4],"tags":[],"aioseo_notices":[],"gutentor_comment":0,"rttpg_featured_image_url":{"full":["https:\/\/arantv.az\/wp-content\/uploads\/2023\/12\/yap_bina.jpg",620,413,false],"landscape":["https:\/\/arantv.az\/wp-content\/uploads\/2023\/12\/yap_bina.jpg",620,413,false],"portraits":["https:\/\/arantv.az\/wp-content\/uploads\/2023\/12\/yap_bina.jpg",620,413,false],"thumbnail":["https:\/\/arantv.az\/wp-content\/uploads\/2023\/12\/yap_bina-500x280.jpg",500,280,true],"medium":["https:\/\/arantv.az\/wp-content\/uploads\/2023\/12\/yap_bina-548x365.jpg",548,365,true],"large":["https:\/\/arantv.az\/wp-content\/uploads\/2023\/12\/yap_bina.jpg",620,413,false],"1536x1536":["https:\/\/arantv.az\/wp-content\/uploads\/2023\/12\/yap_bina.jpg",620,413,false],"2048x2048":["https:\/\/arantv.az\/wp-content\/uploads\/2023\/12\/yap_bina.jpg",620,413,false],"post-thumbnail":["https:\/\/arantv.az\/wp-content\/uploads\/2023\/12\/yap_bina-240x172.jpg",240,172,true],"advps-thumb-one":["https:\/\/arantv.az\/wp-content\/uploads\/2023\/12\/yap_bina.jpg",620,413,false]},"rttpg_author":{"display_name":"V\u00fcsal Rafiqo\u011flu","author_link":"https:\/\/arantv.az\/?author=2"},"rttpg_comment":0,"rttpg_category":"<a href=\"https:\/\/arantv.az\/?cat=4\" rel=\"category\">Siyas\u0259t<\/a>","rttpg_excerpt":"Yeni Az\u0259rbaycan Partiyas\u0131 (YAP) s\u0259drinin m\u00fcavini \u2013 M\u0259rk\u0259zi Aparat\u0131n r\u0259hb\u0259ri Tahir Budaqov v\u0259 YAP s\u0259drinin m\u00fcavini \u018fli \u018fhm\u0259dov partiyan\u0131n n\u00f6vb\u0259d\u0259nk\u0259nar prezident se\u00e7kisind\u0259ki s\u0259lahiyy\u0259tli n\u00fcmay\u0259nd\u0259si t\u0259yin edilib. ARANTV.AZ \u00a0x\u0259b\u0259r verir ki, bununla ba\u011fl\u0131 M\u0259rk\u0259zi Se\u00e7ki Komissiyas\u0131n\u0131n (MSK) bu g\u00fcn ke\u00e7iril\u0259n iclas\u0131nda q\u0259rar q\u0259bul edilib. H\u0259m\u00e7inin M\u0259rk\u0259zi Aparat\u0131n r\u0259hb\u0259rinin m\u00fcavini \u018fhliman Ta\u011f\u0131yev maliyy\u0259 m\u0259s\u0259l\u0259l\u0259ri \u00fczr\u0259 s\u0259lahiyy\u0259tli n\u00fcmay\u0259nd\u0259&hellip;","_links":{"self":[{"href":"https:\/\/arantv.az\/index.php?rest_route=\/wp\/v2\/posts\/670797"}],"collection":[{"href":"https:\/\/arantv.az\/index.php?rest_route=\/wp\/v2\/posts"}],"about":[{"href":"https:\/\/arantv.az\/index.php?rest_route=\/wp\/v2\/types\/post"}],"author":[{"embeddable":true,"href":"https:\/\/arantv.az\/index.php?rest_route=\/wp\/v2\/users\/2"}],"replies":[{"embeddable":true,"href":"https:\/\/arantv.az\/index.php?rest_route=%2Fwp%2Fv2%2Fcomments&post=670797"}],"version-history":[{"count":0,"href":"https:\/\/arantv.az\/index.php?rest_route=\/wp\/v2\/posts\/670797\/revisions"}],"wp:featuredmedia":[{"embeddable":true,"href":"https:\/\/arantv.az\/index.php?rest_route=\/wp\/v2\/media\/670798"}],"wp:attachment":[{"href":"https:\/\/arantv.az\/index.php?rest_route=%2Fwp%2Fv2%2Fmedia&parent=670797"}],"wp:term":[{"taxonomy":"category","embeddable":true,"href":"https:\/\/arantv.az\/index.php?rest_route=%2Fwp%2Fv2%2Fcategories&post=670797"},{"taxonomy":"post_tag","embeddable":true,"href":"https:\/\/arantv.az\/index.php?rest_route=%2Fwp%2Fv2%2Ftags&post=670797"}],"curies":[{"name":"wp","href":"https:\/\/api.w.org\/{rel}","templated":true}]}}