{"id":670998,"date":"2023-12-20T09:31:40","date_gmt":"2023-12-20T05:31:40","guid":{"rendered":"https:\/\/arantv.az\/?p=670998"},"modified":"2023-12-20T09:31:40","modified_gmt":"2023-12-20T05:31:40","slug":"hikm%c9%99t-haciyev-bbc-d%c9%99-az%c9%99rbaycan-erm%c9%99nistan-normallasmasindan-danisib-video","status":"publish","type":"post","link":"https:\/\/arantv.az\/?p=670998","title":{"rendered":"Hikm\u0259t Hac\u0131yev BBC-d\u0259 Az\u0259rbaycan-Erm\u0259nistan normalla\u015fmas\u0131ndan dan\u0131\u015f\u0131b &#8211; V\u0130DEO"},"content":{"rendered":"<p>Az\u0259rbaycan Respublikas\u0131 Prezidentinin k\u00f6m\u0259k\u00e7isi &#8211; Prezident Administrasiyas\u0131n\u0131n Xarici siyas\u0259t m\u0259s\u0259l\u0259l\u0259ri \u015f\u00f6b\u0259sinin m\u00fcdiri Hikm\u0259t Hac\u0131yev BBC-nin canl\u0131 efirin\u0259 qat\u0131l\u0131b.<\/p>\n<p>O, Az\u0259rbaycan v\u0259 Erm\u0259nistan aras\u0131nda m\u00fcnasib\u0259tl\u0259rin normalla\u015fmas\u0131 istiqam\u0259tind\u0259 \u0259ld\u0259 olunan ir\u0259lil\u0259yi\u015fl\u0259rd\u0259n dan\u0131\u015f\u0131b.<\/p>\n<p>Hikm\u0259t Hac\u0131yev bildirib ki, Az\u0259rbaycan erm\u0259nil\u0259rin reinteqrasiya m\u0259s\u0259l\u0259si il\u0259 ba\u011fl\u0131 b\u00fct\u00fcn m\u00fcvafiq m\u00fcraci\u0259tl\u0259rin\u0259 baxma\u011fa haz\u0131rd\u0131r.<\/p>\n<p>\u201cB\u00fct\u00fcn i\u015f\u011fal d\u00f6vr\u00fc \u0259rzind\u0259 Erm\u0259nistan az\u0259rbaycanl\u0131lara qar\u015f\u0131 etnik t\u0259mizl\u0259m\u0259 h\u0259yata ke\u00e7irib. Bir milyon az\u0259rbaycanl\u0131 h\u0259l\u0259 d\u0259 qa\u00e7q\u0131n v\u0259 m\u0259cburi k\u00f6\u00e7k\u00fcn v\u0259ziyy\u0259tind\u0259dir. Az\u0259rbaycanda bir milyon qa\u00e7q\u0131n v\u0259 m\u0259cburi k\u00f6\u00e7k\u00fcn\u00fcn \u00f6z evl\u0259rin\u0259 qaytar\u0131lmas\u0131 prosesi gedir, v\u0259 onlar 30 ild\u0259n art\u0131q bu h\u00fcquqdan m\u0259hrum edilibl\u0259r. Bu arada, biz onlar\u0131 qalma\u011fa \u00e7a\u011f\u0131rma\u011f\u0131m\u0131za baxmayaraq, Qaraba\u011f\u0131 t\u0259rk etm\u0259k q\u0259rar\u0131na g\u0259l\u0259n erm\u0259nil\u0259r d\u0259 oldu. Az\u0259rbaycan onlar\u0131n geri qay\u0131tmas\u0131 \u00fc\u00e7\u00fcn b\u00fct\u00fcn imkanlar\u0131, o c\u00fcml\u0259d\u0259n t\u0259hl\u00fck\u0259sizliyi t\u0259min edir. Bu s\u0259b\u0259bd\u0259n biz v\u0259t\u0259nda\u015fl\u0131q almaqla\u00a0ba\u011fl\u0131\u00a0\u0259riz\u0259l\u0259rin verilm\u0259si \u00fc\u00e7\u00fcn x\u00fcsusi elektron portal yaratm\u0131\u015f\u0131q. Birincisi, erm\u0259nil\u0259rin geri qay\u0131tmas\u0131 \u00fc\u00e7\u00fcn m\u00fcvafiq qanunvericilik bazas\u0131 olmal\u0131d\u0131r. Burada \u0259sas ilkin \u015f\u0259rtl\u0259rd\u0259n biri d\u0259 Az\u0259rbaycan qanunlar\u0131na v\u0259 qaydalar\u0131na uy\u011fun olaraq v\u0259t\u0259nda\u015fl\u0131\u011fa\u00a0q\u0259bul edilm\u0259sidir. Bu s\u0259b\u0259bd\u0259n biz ayd\u0131n \u015f\u0259kild\u0259 bildirdik ki, h\u0259r bir konkret hal \u0259sas\u0131nda b\u00fct\u00fcn m\u00fcvafiq h\u00fcquqi m\u00fcraci\u0259tl\u0259ri n\u0259z\u0259rd\u0259n ke\u00e7irm\u0259y\u0259 v\u0259 baxma\u011fa haz\u0131r\u0131q\u201d, &#8211; dey\u0259 o vur\u011fulay\u0131b.<\/p>\n<p>H.Hac\u0131yev xat\u0131rlad\u0131b ki, haz\u0131rda Az\u0259rbaycan v\u0259 Erm\u0259nistan aras\u0131nda diplomatik s\u0259viyy\u0259d\u0259 dan\u0131\u015f\u0131qlar apar\u0131l\u0131r:<\/p>\n<p>\u201cAz\u0259rbaycan Erm\u0259nistanla s\u00fclh m\u00fcqavil\u0259si ba\u011flama\u011fa haz\u0131rd\u0131r. Bu s\u0259b\u0259bd\u0259n Az\u0259rbaycan da be\u015f fundamental prinsip v\u0259 s\u00fclh m\u00fcqavil\u0259sinin m\u0259tnini t\u0259klif edib. Haz\u0131rda Az\u0259rbaycan v\u0259 Erm\u0259nistan aras\u0131nda birba\u015fa dan\u0131\u015f\u0131qlar \u00e7\u0259r\u00e7iv\u0259sind\u0259 diplomatik \u00f6hd\u0259likl\u0259r var. Hesab edir\u0259m ki, Az\u0259rbaycan v\u0259 Erm\u0259nistan m\u00fcsb\u0259t g\u00fcnd\u0259ml\u0259 d\u00fcnyan\u0131 t\u0259\u0259cc\u00fcbl\u0259ndirm\u0259yi bacar\u0131b. Dekabr\u0131n 7-d\u0259 iki \u00f6lk\u0259 birg\u0259 b\u0259yanat yayaraq, s\u00fclh g\u00fcnd\u0259mini ir\u0259li s\u00fcrm\u0259k v\u0259 etimad quruculu\u011fu t\u0259dbirl\u0259rini h\u0259yata ke\u00e7irm\u0259k niyy\u0259tl\u0259rini ifad\u0259 edib\u201d, &#8211; o qeyd edib.<\/p>\n<div><iframe loading=\"lazy\" id=\"telegram-post-oxuaze-74048\" src=\"https:\/\/t.me\/oxuaze\/74048?embed=1\" width=\"100%\" height=\"\" frameborder=\"0\" scrolling=\"no\" data-mce-fragment=\"1\"><\/iframe><\/div>\n<p>&nbsp;<\/p>\n","protected":false},"excerpt":{"rendered":"<p>Az\u0259rbaycan Respublikas\u0131 Prezidentinin k\u00f6m\u0259k\u00e7isi &#8211; Prezident Administrasiyas\u0131n\u0131n Xarici siyas\u0259t m\u0259s\u0259l\u0259l\u0259ri \u015f\u00f6b\u0259sinin m\u00fcdiri Hikm\u0259t Hac\u0131yev BBC-nin canl\u0131 efirin\u0259 qat\u0131l\u0131b. O, Az\u0259rbaycan v\u0259 Erm\u0259nistan aras\u0131nda m\u00fcnasib\u0259tl\u0259rin normalla\u015fmas\u0131 istiqam\u0259tind\u0259 \u0259ld\u0259 olunan ir\u0259lil\u0259yi\u015fl\u0259rd\u0259n dan\u0131\u015f\u0131b. Hikm\u0259t Hac\u0131yev bildirib ki, Az\u0259rbaycan erm\u0259nil\u0259rin reinteqrasiya m\u0259s\u0259l\u0259si il\u0259 ba\u011fl\u0131 b\u00fct\u00fcn m\u00fcvafiq m\u00fcraci\u0259tl\u0259rin\u0259 baxma\u011fa haz\u0131rd\u0131r. \u201cB\u00fct\u00fcn i\u015f\u011fal d\u00f6vr\u00fc \u0259rzind\u0259 Erm\u0259nistan az\u0259rbaycanl\u0131lara qar\u015f\u0131 etnik t\u0259mizl\u0259m\u0259 h\u0259yata ke\u00e7irib. Bir milyon az\u0259rbaycanl\u0131 h\u0259l\u0259 d\u0259 qa\u00e7q\u0131n v\u0259 m\u0259cburi k\u00f6\u00e7k\u00fcn v\u0259ziyy\u0259tind\u0259dir. Az\u0259rbaycanda bir milyon qa\u00e7q\u0131n v\u0259 m\u0259cburi k\u00f6\u00e7k\u00fcn\u00fcn \u00f6z evl\u0259rin\u0259 qaytar\u0131lmas\u0131 prosesi gedir, v\u0259 onlar 30 ild\u0259n art\u0131q bu h\u00fcquqdan m\u0259hrum edilibl\u0259r. Bu arada, biz&hellip;<\/p>\n","protected":false},"author":2,"featured_media":670999,"comment_status":"closed","ping_status":"closed","sticky":false,"template":"","format":"standard","meta":{"om_disable_all_campaigns":false,"_monsterinsights_skip_tracking":false,"_monsterinsights_sitenote_active":false,"_monsterinsights_sitenote_note":"","_monsterinsights_sitenote_category":0},"categories":[4],"tags":[],"aioseo_notices":[],"gutentor_comment":0,"rttpg_featured_image_url":{"full":["https:\/\/arantv.az\/wp-content\/uploads\/2023\/12\/d.jpg",620,413,false],"landscape":["https:\/\/arantv.az\/wp-content\/uploads\/2023\/12\/d.jpg",620,413,false],"portraits":["https:\/\/arantv.az\/wp-content\/uploads\/2023\/12\/d.jpg",620,413,false],"thumbnail":["https:\/\/arantv.az\/wp-content\/uploads\/2023\/12\/d-500x280.jpg",500,280,true],"medium":["https:\/\/arantv.az\/wp-content\/uploads\/2023\/12\/d-548x365.jpg",548,365,true],"large":["https:\/\/arantv.az\/wp-content\/uploads\/2023\/12\/d.jpg",620,413,false],"1536x1536":["https:\/\/arantv.az\/wp-content\/uploads\/2023\/12\/d.jpg",620,413,false],"2048x2048":["https:\/\/arantv.az\/wp-content\/uploads\/2023\/12\/d.jpg",620,413,false],"post-thumbnail":["https:\/\/arantv.az\/wp-content\/uploads\/2023\/12\/d-240x172.jpg",240,172,true],"advps-thumb-one":["https:\/\/arantv.az\/wp-content\/uploads\/2023\/12\/d.jpg",620,413,false]},"rttpg_author":{"display_name":"V\u00fcsal Rafiqo\u011flu","author_link":"https:\/\/arantv.az\/?author=2"},"rttpg_comment":0,"rttpg_category":"<a href=\"https:\/\/arantv.az\/?cat=4\" rel=\"category\">Siyas\u0259t<\/a>","rttpg_excerpt":"Az\u0259rbaycan Respublikas\u0131 Prezidentinin k\u00f6m\u0259k\u00e7isi &#8211; Prezident Administrasiyas\u0131n\u0131n Xarici siyas\u0259t m\u0259s\u0259l\u0259l\u0259ri \u015f\u00f6b\u0259sinin m\u00fcdiri Hikm\u0259t Hac\u0131yev BBC-nin canl\u0131 efirin\u0259 qat\u0131l\u0131b. O, Az\u0259rbaycan v\u0259 Erm\u0259nistan aras\u0131nda m\u00fcnasib\u0259tl\u0259rin normalla\u015fmas\u0131 istiqam\u0259tind\u0259 \u0259ld\u0259 olunan ir\u0259lil\u0259yi\u015fl\u0259rd\u0259n dan\u0131\u015f\u0131b. Hikm\u0259t Hac\u0131yev bildirib ki, Az\u0259rbaycan erm\u0259nil\u0259rin reinteqrasiya m\u0259s\u0259l\u0259si il\u0259 ba\u011fl\u0131 b\u00fct\u00fcn m\u00fcvafiq m\u00fcraci\u0259tl\u0259rin\u0259 baxma\u011fa haz\u0131rd\u0131r. \u201cB\u00fct\u00fcn i\u015f\u011fal d\u00f6vr\u00fc \u0259rzind\u0259 Erm\u0259nistan az\u0259rbaycanl\u0131lara qar\u015f\u0131 etnik t\u0259mizl\u0259m\u0259 h\u0259yata&hellip;","_links":{"self":[{"href":"https:\/\/arantv.az\/index.php?rest_route=\/wp\/v2\/posts\/670998"}],"collection":[{"href":"https:\/\/arantv.az\/index.php?rest_route=\/wp\/v2\/posts"}],"about":[{"href":"https:\/\/arantv.az\/index.php?rest_route=\/wp\/v2\/types\/post"}],"author":[{"embeddable":true,"href":"https:\/\/arantv.az\/index.php?rest_route=\/wp\/v2\/users\/2"}],"replies":[{"embeddable":true,"href":"https:\/\/arantv.az\/index.php?rest_route=%2Fwp%2Fv2%2Fcomments&post=670998"}],"version-history":[{"count":0,"href":"https:\/\/arantv.az\/index.php?rest_route=\/wp\/v2\/posts\/670998\/revisions"}],"wp:featuredmedia":[{"embeddable":true,"href":"https:\/\/arantv.az\/index.php?rest_route=\/wp\/v2\/media\/670999"}],"wp:attachment":[{"href":"https:\/\/arantv.az\/index.php?rest_route=%2Fwp%2Fv2%2Fmedia&parent=670998"}],"wp:term":[{"taxonomy":"category","embeddable":true,"href":"https:\/\/arantv.az\/index.php?rest_route=%2Fwp%2Fv2%2Fcategories&post=670998"},{"taxonomy":"post_tag","embeddable":true,"href":"https:\/\/arantv.az\/index.php?rest_route=%2Fwp%2Fv2%2Ftags&post=670998"}],"curies":[{"name":"wp","href":"https:\/\/api.w.org\/{rel}","templated":true}]}}