{"id":671007,"date":"2023-12-20T09:33:40","date_gmt":"2023-12-20T05:33:40","guid":{"rendered":"https:\/\/arantv.az\/?p=671007"},"modified":"2023-12-20T09:33:40","modified_gmt":"2023-12-20T05:33:40","slug":"natiq-aqil-meyxanani-m%c9%99sx%c9%99r%c9%99y%c9%99-ceviribl%c9%99r-video","status":"publish","type":"post","link":"https:\/\/arantv.az\/?p=671007","title":{"rendered":"Natiq Aqil: \u201cMeyxanan\u0131 m\u0259sx\u0259r\u0259y\u0259 \u00e7eviribl\u0259r\u201d &#8211; V\u0130DEO"},"content":{"rendered":"<article class=\"news\">\n<div class=\"news-inner\">\n<p>\u201cMeyxanan\u0131 m\u0259sx\u0259r\u0259y\u0259 \u00e7eviribl\u0259r. Bir-birl\u0259rin\u0259 la\u011f edirl\u0259r\u201d.<\/p>\n<p>Bunu Baku TV-d\u0259 yay\u0131mlanan \u201cArzunun vaxt\u0131\u201d verili\u015find\u0259 \u201cQ\u0259mxan\u0259l\u0259r olmu\u015f\u201d meyxanas\u0131n\u0131n ifa\u00e7\u0131s\u0131 Natiq Aqil deyib.<\/p>\n<p>\u201cMeyxana ciddi s\u0259n\u0259t olub\u201d s\u00f6yl\u0259y\u0259n meyxana\u00e7\u0131 s\u0259n\u0259td\u0259n uzaqla\u015fmas\u0131ndan dan\u0131\u015f\u0131b:<\/p>\n<p>\u201cMeyxanadan 10 il k\u00fcsd\u00fcm. Meyxanan\u0131 ancaq xarici \u00f6lk\u0259l\u0259rd\u0259 t\u0259bli\u011f etm\u0259kl\u0259 m\u0259\u015f\u011ful oldum. Az\u0259rbaycanda bir ne\u00e7\u0259 il g\u00f6r\u00fcnm\u0259dim\u201d.<\/p>\n<p>N.Aqil \u201cQ\u0259mxan\u0259l\u0259r olmu\u015f\u201d meyxanas\u0131n\u0131n Nizami R\u0259mzinin ad\u0131na \u00e7\u0131x\u0131lmas\u0131n\u0131n onu uzun m\u00fcdd\u0259t narahat etdiyini vur\u011fulay\u0131b:<\/p>\n<p>\u201cR\u0259\u015fad Da\u011fl\u0131n\u0131n o\u011flunun toyu oldu. \u201cQ\u0259mxan\u0259l\u0259r olmu\u015f\u201d onun \u0259n sevdiyi meyxanalardan biridir. H\u0259rd\u0259n deyirdi ki, bu meyxanan\u0131n himnidir. Orada bu meyxanan\u0131 canl\u0131 dedim v\u0259 hirsim soyudu. \u00c7\u00fcnki \u00e7\u0131x\u0131b efirl\u0259rd\u0259 dem\u0259k ist\u0259yirdim ki, bu meyxana m\u0259nimdir\u201d, &#8211; meyxana\u00e7\u0131 deyib.<\/p>\n<p>\u018ftrafl\u0131 Baku TV-nin s\u00fcjetind\u0259:<\/p>\n<div><iframe loading=\"lazy\" title=\"YouTube video player\" src=\"https:\/\/www.youtube.com\/embed\/XCSEWV4RmKU?si=ZB48Q9axyGrbiO1j\" width=\"560\" height=\"315\" frameborder=\"0\" allowfullscreen=\"allowfullscreen\" data-mce-fragment=\"1\"><\/iframe><\/div>\n<\/div>\n<\/article>\n","protected":false},"excerpt":{"rendered":"<p>\u201cMeyxanan\u0131 m\u0259sx\u0259r\u0259y\u0259 \u00e7eviribl\u0259r. Bir-birl\u0259rin\u0259 la\u011f edirl\u0259r\u201d. Bunu Baku TV-d\u0259 yay\u0131mlanan \u201cArzunun vaxt\u0131\u201d verili\u015find\u0259 \u201cQ\u0259mxan\u0259l\u0259r olmu\u015f\u201d meyxanas\u0131n\u0131n ifa\u00e7\u0131s\u0131 Natiq Aqil deyib. \u201cMeyxana ciddi s\u0259n\u0259t olub\u201d s\u00f6yl\u0259y\u0259n meyxana\u00e7\u0131 s\u0259n\u0259td\u0259n uzaqla\u015fmas\u0131ndan dan\u0131\u015f\u0131b: \u201cMeyxanadan 10 il k\u00fcsd\u00fcm. Meyxanan\u0131 ancaq xarici \u00f6lk\u0259l\u0259rd\u0259 t\u0259bli\u011f etm\u0259kl\u0259 m\u0259\u015f\u011ful oldum. Az\u0259rbaycanda bir ne\u00e7\u0259 il g\u00f6r\u00fcnm\u0259dim\u201d. N.Aqil \u201cQ\u0259mxan\u0259l\u0259r olmu\u015f\u201d meyxanas\u0131n\u0131n Nizami R\u0259mzinin ad\u0131na \u00e7\u0131x\u0131lmas\u0131n\u0131n onu uzun m\u00fcdd\u0259t narahat etdiyini vur\u011fulay\u0131b: \u201cR\u0259\u015fad Da\u011fl\u0131n\u0131n o\u011flunun toyu oldu. \u201cQ\u0259mxan\u0259l\u0259r olmu\u015f\u201d onun \u0259n sevdiyi meyxanalardan biridir. H\u0259rd\u0259n deyirdi ki, bu meyxanan\u0131n himnidir. Orada bu meyxanan\u0131 canl\u0131 dedim v\u0259 hirsim soyudu. \u00c7\u00fcnki \u00e7\u0131x\u0131b efirl\u0259rd\u0259 dem\u0259k&hellip;<\/p>\n","protected":false},"author":2,"featured_media":671008,"comment_status":"closed","ping_status":"closed","sticky":false,"template":"","format":"standard","meta":{"om_disable_all_campaigns":false,"_monsterinsights_skip_tracking":false,"_monsterinsights_sitenote_active":false,"_monsterinsights_sitenote_note":"","_monsterinsights_sitenote_category":0},"categories":[1],"tags":[],"aioseo_notices":[],"gutentor_comment":0,"rttpg_featured_image_url":{"full":["https:\/\/arantv.az\/wp-content\/uploads\/2023\/12\/FotoJet-10-11.jpg",620,413,false],"landscape":["https:\/\/arantv.az\/wp-content\/uploads\/2023\/12\/FotoJet-10-11.jpg",620,413,false],"portraits":["https:\/\/arantv.az\/wp-content\/uploads\/2023\/12\/FotoJet-10-11.jpg",620,413,false],"thumbnail":["https:\/\/arantv.az\/wp-content\/uploads\/2023\/12\/FotoJet-10-11-500x280.jpg",500,280,true],"medium":["https:\/\/arantv.az\/wp-content\/uploads\/2023\/12\/FotoJet-10-11-548x365.jpg",548,365,true],"large":["https:\/\/arantv.az\/wp-content\/uploads\/2023\/12\/FotoJet-10-11.jpg",620,413,false],"1536x1536":["https:\/\/arantv.az\/wp-content\/uploads\/2023\/12\/FotoJet-10-11.jpg",620,413,false],"2048x2048":["https:\/\/arantv.az\/wp-content\/uploads\/2023\/12\/FotoJet-10-11.jpg",620,413,false],"post-thumbnail":["https:\/\/arantv.az\/wp-content\/uploads\/2023\/12\/FotoJet-10-11-240x172.jpg",240,172,true],"advps-thumb-one":["https:\/\/arantv.az\/wp-content\/uploads\/2023\/12\/FotoJet-10-11.jpg",620,413,false]},"rttpg_author":{"display_name":"V\u00fcsal Rafiqo\u011flu","author_link":"https:\/\/arantv.az\/?author=2"},"rttpg_comment":0,"rttpg_category":"<a href=\"https:\/\/arantv.az\/?cat=1\" rel=\"category\">C\u0259miyy\u0259t<\/a>","rttpg_excerpt":"\u201cMeyxanan\u0131 m\u0259sx\u0259r\u0259y\u0259 \u00e7eviribl\u0259r. Bir-birl\u0259rin\u0259 la\u011f edirl\u0259r\u201d. Bunu Baku TV-d\u0259 yay\u0131mlanan \u201cArzunun vaxt\u0131\u201d verili\u015find\u0259 \u201cQ\u0259mxan\u0259l\u0259r olmu\u015f\u201d meyxanas\u0131n\u0131n ifa\u00e7\u0131s\u0131 Natiq Aqil deyib. \u201cMeyxana ciddi s\u0259n\u0259t olub\u201d s\u00f6yl\u0259y\u0259n meyxana\u00e7\u0131 s\u0259n\u0259td\u0259n uzaqla\u015fmas\u0131ndan dan\u0131\u015f\u0131b: \u201cMeyxanadan 10 il k\u00fcsd\u00fcm. Meyxanan\u0131 ancaq xarici \u00f6lk\u0259l\u0259rd\u0259 t\u0259bli\u011f etm\u0259kl\u0259 m\u0259\u015f\u011ful oldum. Az\u0259rbaycanda bir ne\u00e7\u0259 il g\u00f6r\u00fcnm\u0259dim\u201d. N.Aqil \u201cQ\u0259mxan\u0259l\u0259r olmu\u015f\u201d meyxanas\u0131n\u0131n Nizami R\u0259mzinin ad\u0131na \u00e7\u0131x\u0131lmas\u0131n\u0131n onu&hellip;","_links":{"self":[{"href":"https:\/\/arantv.az\/index.php?rest_route=\/wp\/v2\/posts\/671007"}],"collection":[{"href":"https:\/\/arantv.az\/index.php?rest_route=\/wp\/v2\/posts"}],"about":[{"href":"https:\/\/arantv.az\/index.php?rest_route=\/wp\/v2\/types\/post"}],"author":[{"embeddable":true,"href":"https:\/\/arantv.az\/index.php?rest_route=\/wp\/v2\/users\/2"}],"replies":[{"embeddable":true,"href":"https:\/\/arantv.az\/index.php?rest_route=%2Fwp%2Fv2%2Fcomments&post=671007"}],"version-history":[{"count":0,"href":"https:\/\/arantv.az\/index.php?rest_route=\/wp\/v2\/posts\/671007\/revisions"}],"wp:featuredmedia":[{"embeddable":true,"href":"https:\/\/arantv.az\/index.php?rest_route=\/wp\/v2\/media\/671008"}],"wp:attachment":[{"href":"https:\/\/arantv.az\/index.php?rest_route=%2Fwp%2Fv2%2Fmedia&parent=671007"}],"wp:term":[{"taxonomy":"category","embeddable":true,"href":"https:\/\/arantv.az\/index.php?rest_route=%2Fwp%2Fv2%2Fcategories&post=671007"},{"taxonomy":"post_tag","embeddable":true,"href":"https:\/\/arantv.az\/index.php?rest_route=%2Fwp%2Fv2%2Ftags&post=671007"}],"curies":[{"name":"wp","href":"https:\/\/api.w.org\/{rel}","templated":true}]}}