{"id":671011,"date":"2023-12-20T09:34:15","date_gmt":"2023-12-20T05:34:15","guid":{"rendered":"https:\/\/arantv.az\/?p=671011"},"modified":"2023-12-20T09:34:15","modified_gmt":"2023-12-20T05:34:15","slug":"muharib%c9%99-zamani-ukraynadan-deportasiya-olunan-az%c9%99rbaycan-v%c9%99t%c9%99ndaslarinin-sayi-aciqlandi-video","status":"publish","type":"post","link":"https:\/\/arantv.az\/?p=671011","title":{"rendered":"M\u00fcharib\u0259 zaman\u0131 Ukraynadan deportasiya olunan Az\u0259rbaycan v\u0259t\u0259nda\u015flar\u0131n\u0131n say\u0131 A\u00c7IQLANDI &#8211; V\u0130DEO"},"content":{"rendered":"<article class=\"news\">\n<div class=\"news-inner\">\n<p>Ukraynada m\u00fcharib\u0259 davam edir.<\/p>\n<p>Baku TV-nin bu \u00f6lk\u0259d\u0259 olan \u0259m\u0259kda\u015f\u0131 M\u00fcbariz Aslanov Ukraynadan son m\u0259lumatlar\u0131 \u00e7atd\u0131r\u0131b.<\/p>\n<p>O bildirib ki, \u00f6t\u0259n gec\u0259 Ukraynan\u0131n c\u0259bh\u0259d\u0259n k\u0259nar b\u00fct\u00fcn \u015f\u0259h\u0259rl\u0259ri dron h\u00fccumlar\u0131na m\u0259ruz qal\u0131b:<\/p>\n<p>\u201c\u018fsas\u0259n \u0130ran istehsal\u0131 olan dronlardan h\u00fccumlar edilib. Onlar Ukrayna Hava H\u00fccumundan M\u00fcdafi\u0259 Sistemi t\u0259r\u0259find\u0259n z\u0259r\u0259rsizl\u0259\u015fdirilib\u201d.<\/p>\n<p>Qeyd edilib ki, m\u00fcharib\u0259 m\u00fcdd\u0259tind\u0259 Ukraynaya burax\u0131lmayan v\u0259 bu \u00f6lk\u0259d\u0259n deportasiya olunan, o c\u00fcml\u0259d\u0259n Ukraynada ya\u015famaq icaz\u0259si alan Az\u0259rbaycan v\u0259t\u0259nda\u015flar\u0131n\u0131n say\u0131 m\u0259lum olub:<\/p>\n<p>\u201cBel\u0259 ki, Ukrayna D\u00f6vl\u0259t Miqrasiya Xidm\u0259tind\u0259n bildirilib ki, 2022-ci ilin fevral\u0131n \u0259vv\u0259lind\u0259n 2023-c\u00fc ilin dekabr\u0131na q\u0259d\u0259r 829 Az\u0259rbaycan v\u0259t\u0259nda\u015f\u0131 Ukraynaya burax\u0131lmay\u0131b. Bunlardan 597 n\u0259f\u0259ri \u00f6t\u0259n ilin, 222 n\u0259f\u0259r is\u0259 bu ilin pay\u0131na d\u00fc\u015f\u00fcr. M\u00fcharib\u0259 d\u00f6vr\u00fcnd\u0259 80 Az\u0259rbaycan v\u0259t\u0259nda\u015f\u0131 Ukraynadan deportasiya olunub. Bunlardan 54 n\u0259f\u0259ri \u00f6t\u0259n ilin, 26 n\u0259f\u0259r is\u0259 bu ilin pay\u0131na d\u00fc\u015f\u00fcr. Bundan ba\u015fqa, bu m\u00fcdd\u0259t \u0259rzind\u0259 1\u00a0397 Az\u0259rbaycan v\u0259rt\u0259nda\u015f Ukraynada daimi, 2 792 n\u0259f\u0259r is\u0259 m\u00fcv\u0259qq\u0259ti ya\u015famaq icaz\u0259si al\u0131b\u201d.<\/p>\n<p>\u018ftrafl\u0131 s\u00fcjetd\u0259:<\/p>\n<div><iframe loading=\"lazy\" title=\"YouTube video player\" src=\"https:\/\/www.youtube.com\/embed\/-pvV3tmM8kY?si=mpYRe2yO81JMer7v\" width=\"560\" height=\"315\" frameborder=\"0\" allowfullscreen=\"allowfullscreen\" data-mce-fragment=\"1\"><\/iframe><\/div>\n<\/div>\n<\/article>\n","protected":false},"excerpt":{"rendered":"<p>Ukraynada m\u00fcharib\u0259 davam edir. Baku TV-nin bu \u00f6lk\u0259d\u0259 olan \u0259m\u0259kda\u015f\u0131 M\u00fcbariz Aslanov Ukraynadan son m\u0259lumatlar\u0131 \u00e7atd\u0131r\u0131b. O bildirib ki, \u00f6t\u0259n gec\u0259 Ukraynan\u0131n c\u0259bh\u0259d\u0259n k\u0259nar b\u00fct\u00fcn \u015f\u0259h\u0259rl\u0259ri dron h\u00fccumlar\u0131na m\u0259ruz qal\u0131b: \u201c\u018fsas\u0259n \u0130ran istehsal\u0131 olan dronlardan h\u00fccumlar edilib. Onlar Ukrayna Hava H\u00fccumundan M\u00fcdafi\u0259 Sistemi t\u0259r\u0259find\u0259n z\u0259r\u0259rsizl\u0259\u015fdirilib\u201d. Qeyd edilib ki, m\u00fcharib\u0259 m\u00fcdd\u0259tind\u0259 Ukraynaya burax\u0131lmayan v\u0259 bu \u00f6lk\u0259d\u0259n deportasiya olunan, o c\u00fcml\u0259d\u0259n Ukraynada ya\u015famaq icaz\u0259si alan Az\u0259rbaycan v\u0259t\u0259nda\u015flar\u0131n\u0131n say\u0131 m\u0259lum olub: \u201cBel\u0259 ki, Ukrayna D\u00f6vl\u0259t Miqrasiya Xidm\u0259tind\u0259n bildirilib ki, 2022-ci ilin fevral\u0131n \u0259vv\u0259lind\u0259n 2023-c\u00fc ilin dekabr\u0131na q\u0259d\u0259r 829 Az\u0259rbaycan v\u0259t\u0259nda\u015f\u0131 Ukraynaya burax\u0131lmay\u0131b. Bunlardan&hellip;<\/p>\n","protected":false},"author":2,"featured_media":671012,"comment_status":"closed","ping_status":"closed","sticky":false,"template":"","format":"standard","meta":{"om_disable_all_campaigns":false,"_monsterinsights_skip_tracking":false,"_monsterinsights_sitenote_active":false,"_monsterinsights_sitenote_note":"","_monsterinsights_sitenote_category":0},"categories":[19],"tags":[],"aioseo_notices":[],"gutentor_comment":0,"rttpg_featured_image_url":{"full":["https:\/\/arantv.az\/wp-content\/uploads\/2023\/12\/orig-tankvsuvdonbasse-1580470828.jpg",620,413,false],"landscape":["https:\/\/arantv.az\/wp-content\/uploads\/2023\/12\/orig-tankvsuvdonbasse-1580470828.jpg",620,413,false],"portraits":["https:\/\/arantv.az\/wp-content\/uploads\/2023\/12\/orig-tankvsuvdonbasse-1580470828.jpg",620,413,false],"thumbnail":["https:\/\/arantv.az\/wp-content\/uploads\/2023\/12\/orig-tankvsuvdonbasse-1580470828-500x280.jpg",500,280,true],"medium":["https:\/\/arantv.az\/wp-content\/uploads\/2023\/12\/orig-tankvsuvdonbasse-1580470828-548x365.jpg",548,365,true],"large":["https:\/\/arantv.az\/wp-content\/uploads\/2023\/12\/orig-tankvsuvdonbasse-1580470828.jpg",620,413,false],"1536x1536":["https:\/\/arantv.az\/wp-content\/uploads\/2023\/12\/orig-tankvsuvdonbasse-1580470828.jpg",620,413,false],"2048x2048":["https:\/\/arantv.az\/wp-content\/uploads\/2023\/12\/orig-tankvsuvdonbasse-1580470828.jpg",620,413,false],"post-thumbnail":["https:\/\/arantv.az\/wp-content\/uploads\/2023\/12\/orig-tankvsuvdonbasse-1580470828-240x172.jpg",240,172,true],"advps-thumb-one":["https:\/\/arantv.az\/wp-content\/uploads\/2023\/12\/orig-tankvsuvdonbasse-1580470828.jpg",620,413,false]},"rttpg_author":{"display_name":"V\u00fcsal Rafiqo\u011flu","author_link":"https:\/\/arantv.az\/?author=2"},"rttpg_comment":0,"rttpg_category":"<a href=\"https:\/\/arantv.az\/?cat=19\" rel=\"category\">G\u00fcnd\u0259m<\/a>","rttpg_excerpt":"Ukraynada m\u00fcharib\u0259 davam edir. Baku TV-nin bu \u00f6lk\u0259d\u0259 olan \u0259m\u0259kda\u015f\u0131 M\u00fcbariz Aslanov Ukraynadan son m\u0259lumatlar\u0131 \u00e7atd\u0131r\u0131b. O bildirib ki, \u00f6t\u0259n gec\u0259 Ukraynan\u0131n c\u0259bh\u0259d\u0259n k\u0259nar b\u00fct\u00fcn \u015f\u0259h\u0259rl\u0259ri dron h\u00fccumlar\u0131na m\u0259ruz qal\u0131b: \u201c\u018fsas\u0259n \u0130ran istehsal\u0131 olan dronlardan h\u00fccumlar edilib. Onlar Ukrayna Hava H\u00fccumundan M\u00fcdafi\u0259 Sistemi t\u0259r\u0259find\u0259n z\u0259r\u0259rsizl\u0259\u015fdirilib\u201d. Qeyd edilib ki, m\u00fcharib\u0259 m\u00fcdd\u0259tind\u0259 Ukraynaya burax\u0131lmayan v\u0259 bu \u00f6lk\u0259d\u0259n&hellip;","_links":{"self":[{"href":"https:\/\/arantv.az\/index.php?rest_route=\/wp\/v2\/posts\/671011"}],"collection":[{"href":"https:\/\/arantv.az\/index.php?rest_route=\/wp\/v2\/posts"}],"about":[{"href":"https:\/\/arantv.az\/index.php?rest_route=\/wp\/v2\/types\/post"}],"author":[{"embeddable":true,"href":"https:\/\/arantv.az\/index.php?rest_route=\/wp\/v2\/users\/2"}],"replies":[{"embeddable":true,"href":"https:\/\/arantv.az\/index.php?rest_route=%2Fwp%2Fv2%2Fcomments&post=671011"}],"version-history":[{"count":0,"href":"https:\/\/arantv.az\/index.php?rest_route=\/wp\/v2\/posts\/671011\/revisions"}],"wp:featuredmedia":[{"embeddable":true,"href":"https:\/\/arantv.az\/index.php?rest_route=\/wp\/v2\/media\/671012"}],"wp:attachment":[{"href":"https:\/\/arantv.az\/index.php?rest_route=%2Fwp%2Fv2%2Fmedia&parent=671011"}],"wp:term":[{"taxonomy":"category","embeddable":true,"href":"https:\/\/arantv.az\/index.php?rest_route=%2Fwp%2Fv2%2Fcategories&post=671011"},{"taxonomy":"post_tag","embeddable":true,"href":"https:\/\/arantv.az\/index.php?rest_route=%2Fwp%2Fv2%2Ftags&post=671011"}],"curies":[{"name":"wp","href":"https:\/\/api.w.org\/{rel}","templated":true}]}}