{"id":671069,"date":"2023-12-20T10:10:32","date_gmt":"2023-12-20T06:10:32","guid":{"rendered":"https:\/\/arantv.az\/?p=671069"},"modified":"2023-12-20T10:10:32","modified_gmt":"2023-12-20T06:10:32","slug":"baki-s%c9%99h%c9%99r-icra-hakimiyy%c9%99tind%c9%99-heyd%c9%99r-%c9%99liyev-kitabinin-t%c9%99qdimati-kecirilib-foto","status":"publish","type":"post","link":"https:\/\/arantv.az\/?p=671069","title":{"rendered":"Bak\u0131 \u015e\u0259h\u0259r \u0130cra Hakimiyy\u0259tind\u0259 \u201cHeyd\u0259r \u018fliyev\u201d kitab\u0131n\u0131n t\u0259qdimat\u0131 ke\u00e7irilib &#8211; FOTO"},"content":{"rendered":"<p>Bak\u0131 \u015e\u0259h\u0259r \u0130cra Hakimiyy\u0259tind\u0259 (B\u015e\u0130H) xalq\u0131m\u0131z\u0131n \u00fcmummilli lideri Heyd\u0259r \u018fliyevin 100 illiyin\u0259 h\u0259sr edil\u0259n t\u0259dbirl\u0259r \u00e7\u0259r\u00e7iv\u0259sind\u0259 B\u015e\u0130H v\u0259 Az\u0259rbaycan Milli Elml\u0259r Akademiyas\u0131 Tarix \u0130nstitutunun yeni layih\u0259si &#8211; ulu \u00f6nd\u0259rin h\u0259yat v\u0259 ictimai-siyasi f\u0259aliyy\u0259tinin m\u00fcxt\u0259lif d\u00f6vrl\u0259rini \u0259hat\u0259 ed\u0259n elmi m\u0259qal\u0259l\u0259r toplusu olan \u201cHeyd\u0259r \u018fliyev\u201d kitab\u0131n\u0131n\u00a0t\u0259qdimat\u0131 ke\u00e7irilib.<\/p>\n<p>Bu bar\u0259d\u0259\u00a0Bak\u0131 \u015e\u0259h\u0259r \u0130cra Hakimiyy\u0259tinin M\u0259tbuat Xidm\u0259ti m\u0259lumat yay\u0131b.<\/p>\n<p>T\u0259dbird\u0259 tan\u0131nm\u0131\u015f tarix\u00e7il\u0259r, t\u0259dqiqat\u00e7\u0131-aliml\u0259r,\u00a0elm v\u0259 m\u0259d\u0259niyy\u0259t xadiml\u0259ri, deputatlar, d\u00f6vl\u0259t qurumlar\u0131n\u0131n v\u0259 \u00f6lk\u0259 ictimaiyy\u0259tinin, K\u0130V-l\u0259rin\u00a0n\u00fcmay\u0259nd\u0259l\u0259ri, V\u0259t\u0259n m\u00fcharib\u0259si veteranlar\u0131 v\u0259 qazil\u0259r, din xadiml\u0259ri i\u015ftirak edibl\u0259r.<\/p>\n<p>Bildirilib ki, t\u0259dbirin \u0259vv\u0259lind\u0259 ulu \u00f6nd\u0259r Heyd\u0259r \u018fliyevin v\u0259 V\u0259t\u0259n torpaqlar\u0131n\u0131n azadl\u0131\u011f\u0131 u\u011frunda \u015f\u0259hid olmu\u015f soyda\u015flar\u0131m\u0131z\u0131n \u0259ziz xatir\u0259si bir d\u0259qiq\u0259lik s\u00fckutla yad edilib v\u0259 kitabla ba\u011fl\u0131 video\u00e7arx n\u00fcmayi\u015f etdirilib.<\/p>\n<p>T\u0259qdimat m\u0259rasimind\u0259 \u00e7\u0131x\u0131\u015f ed\u0259n Bak\u0131 \u015e\u0259h\u0259r \u0130cra Hakimiyy\u0259tinin ba\u015f\u00e7\u0131s\u0131 Eldar \u018fzizov bildirib ki, ulu \u00f6nd\u0259r Heyd\u0259r \u018fliyevin xatir\u0259sin\u0259 h\u0259sr edil\u0259n iki f\u0259sild\u0259n ibar\u0259t akademik xarakterli bu kitab Bak\u0131 \u015e\u0259h\u0259r \u0130cra Hakimiyy\u0259ti v\u0259 Tarix \u0130nstitutunun yeni layih\u0259sidir. Eldar \u018fzizov qeyd edib ki, ulu \u00f6nd\u0259r Heyd\u0259r \u018fliyevin z\u0259ngin siyasi irsinin v\u0259 \u00f6lk\u0259 ba\u015f\u00e7\u0131s\u0131\u00a0<strong>\u0130lham \u018fliyevin<\/strong>\u00a0siyas\u0259tinin yax\u0131ndan \u00f6yr\u0259nilm\u0259si v\u0259 t\u0259bli\u011fi Az\u0259rbaycanda sabitliyin qorunmas\u0131, \u00f6lk\u0259mizin g\u0259l\u0259c\u0259k inki\u015faf\u0131na t\u0259minat verir.<\/p>\n<p>T\u0259qdimat m\u0259rasimind\u0259 \u00e7\u0131x\u0131\u015f ed\u0259n Az\u0259rbaycan Yaz\u0131\u00e7\u0131lar Birliyinin s\u0259dri Anar Rzayev, Ail\u0259, Qad\u0131n v\u0259 U\u015faq Probleml\u0259ri \u00fczr\u0259 D\u00f6vl\u0259t Komit\u0259sinin s\u0259dri\u00a0Bahar Muradova, AMEA-n\u0131n prezidenti, akademik\u00a0\u0130sa H\u0259bibb\u0259yli, Az\u0259rbaycan Memarlar \u0130ttifaq\u0131n\u0131n \u0130dar\u0259 Hey\u0259tinin s\u0259dri Elbay Qas\u0131mzad\u0259, AMEA Tarix \u0130nstitutunun direktoru K\u0259rim \u015e\u00fck\u00fcrov v\u0259 dig\u0259rl\u0259ri ulu \u00f6nd\u0259r Heyd\u0259r \u018fliyevin xalq\u0131m\u0131z qar\u015f\u0131s\u0131ndak\u0131 misilsiz xidm\u0259tl\u0259rd\u0259n s\u00f6z a\u00e7araq, V\u0259t\u0259nini h\u0259dsiz d\u0259r\u0259c\u0259d\u0259 sev\u0259n bu dahi insan\u0131n \u00f6lk\u0259sinin tarixin\u0259, xalq\u0131na son d\u0259r\u0259c\u0259 b\u00f6y\u00fck sevgi v\u0259 h\u00f6rm\u0259tl\u0259 yana\u015fmas\u0131ndan dan\u0131\u015f\u0131b v\u0259 bu kitab\u0131n ulu \u00f6nd\u0259rin z\u0259ngin irsinin \u00f6yr\u0259nilm\u0259si v\u0259 t\u0259bli\u011fi i\u015find\u0259 m\u00fch\u00fcm rol oynayaca\u011f\u0131n\u0131 vur\u011fulay\u0131blar.<\/p>\n<p>&nbsp;<\/p>\n<div class=\"gallery\">\n<div class=\"gallery-i\"><img src=\"https:\/\/cdn.oxu.az\/uploads\/W1siZiIsIjIwMjMvMTIvMjAvMDkvNDcvNTMvNmM1OTc0ZDQtM2M3Zi00NGVkLWE0MzgtZmMxNmJjMWI4YmY0LzYwN2YwN2QwLTZiZmMtNGQyYy1iZTQ4LWZhYmJmZTgyOWI4NS5qcGVnIl0sWyJwIiwiZW5jb2RlIiwianBnIiwiLXF1YWxpdHkgODAiXSxbInAiLCJ0aHVtYiIsIjU5MHg1OTBcdTAwM2UiXV0?sha=94beef3fae35b099\" alt=\"\" \/><\/p>\n<div class=\"gallery-i-caption\"><\/div>\n<\/div>\n<div class=\"gallery-i\"><img src=\"https:\/\/cdn.oxu.az\/uploads\/W1siZiIsIjIwMjMvMTIvMjAvMDkvNDcvNTMvOThmNjBkOWUtOTIwZS00ZmNiLWI3N2YtY2E4OTRhOWNkODU0Lzk0ZjE4Njg3LTZjMzEtNDc0Zi04Njg0LTcyY2Q2NWI5ZDZhMy5qcGVnIl0sWyJwIiwiZW5jb2RlIiwianBnIiwiLXF1YWxpdHkgODAiXSxbInAiLCJ0aHVtYiIsIjU5MHg1OTBcdTAwM2UiXV0?sha=9b3bd27828480f5b\" alt=\"\" \/><\/p>\n<div class=\"gallery-i-caption\"><\/div>\n<\/div>\n<div class=\"gallery-i\"><img src=\"https:\/\/cdn.oxu.az\/uploads\/W1siZiIsIjIwMjMvMTIvMjAvMDkvNDcvNTQvYjRkOGFlN2QtNzBmMC00ODIyLTkzMzQtNmVlZDA0NTA1YTBjL2NhM2EzZGNmLTA5MjctNDg4NS1iNWM4LTJhMzg3MzNkOTRlNC5qcGVnIl0sWyJwIiwiZW5jb2RlIiwianBnIiwiLXF1YWxpdHkgODAiXSxbInAiLCJ0aHVtYiIsIjU5MHg1OTBcdTAwM2UiXV0?sha=29302fea70e79e15\" alt=\"\" \/><\/p>\n<div class=\"gallery-i-caption\"><\/div>\n<\/div>\n<div class=\"gallery-i\"><img src=\"https:\/\/cdn.oxu.az\/uploads\/W1siZiIsIjIwMjMvMTIvMjAvMDkvNDcvNTQvZTVhMWZiZjgtZDQ2MS00NDdmLWEwOTQtMGNhZWUyMDJhOTZlLzM1NjdjOWFjLWUyZTQtNDNkZS1iMzNmLTc2MDI3ZmJkODlhNS5qcGVnIl0sWyJwIiwiZW5jb2RlIiwianBnIiwiLXF1YWxpdHkgODAiXSxbInAiLCJ0aHVtYiIsIjU5MHg1OTBcdTAwM2UiXV0?sha=bf0d3c6638dc35be\" alt=\"\" \/><\/p>\n<div class=\"gallery-i-caption\"><\/div>\n<\/div>\n<div class=\"gallery-i\"><img src=\"https:\/\/cdn.oxu.az\/uploads\/W1siZiIsIjIwMjMvMTIvMjAvMDkvNDcvNTQvOTc3NWNjNWUtNWM4NS00NDRlLTk2MjUtZWMwNmI1YTQxMjYxL2Q3NmY2M2FjLTg3ZDktNGIwOC04NzZjLTgzYTBmMTE1NWRlNS5qcGVnIl0sWyJwIiwiZW5jb2RlIiwianBnIiwiLXF1YWxpdHkgODAiXSxbInAiLCJ0aHVtYiIsIjU5MHg1OTBcdTAwM2UiXV0?sha=07279808585d853f\" alt=\"\" \/><\/div>\n<\/div>\n","protected":false},"excerpt":{"rendered":"<p>Bak\u0131 \u015e\u0259h\u0259r \u0130cra Hakimiyy\u0259tind\u0259 (B\u015e\u0130H) xalq\u0131m\u0131z\u0131n \u00fcmummilli lideri Heyd\u0259r \u018fliyevin 100 illiyin\u0259 h\u0259sr edil\u0259n t\u0259dbirl\u0259r \u00e7\u0259r\u00e7iv\u0259sind\u0259 B\u015e\u0130H v\u0259 Az\u0259rbaycan Milli Elml\u0259r Akademiyas\u0131 Tarix \u0130nstitutunun yeni layih\u0259si &#8211; ulu \u00f6nd\u0259rin h\u0259yat v\u0259 ictimai-siyasi f\u0259aliyy\u0259tinin m\u00fcxt\u0259lif d\u00f6vrl\u0259rini \u0259hat\u0259 ed\u0259n elmi m\u0259qal\u0259l\u0259r toplusu olan \u201cHeyd\u0259r \u018fliyev\u201d kitab\u0131n\u0131n\u00a0t\u0259qdimat\u0131 ke\u00e7irilib. Bu bar\u0259d\u0259\u00a0Bak\u0131 \u015e\u0259h\u0259r \u0130cra Hakimiyy\u0259tinin M\u0259tbuat Xidm\u0259ti m\u0259lumat yay\u0131b. T\u0259dbird\u0259 tan\u0131nm\u0131\u015f tarix\u00e7il\u0259r, t\u0259dqiqat\u00e7\u0131-aliml\u0259r,\u00a0elm v\u0259 m\u0259d\u0259niyy\u0259t xadiml\u0259ri, deputatlar, d\u00f6vl\u0259t qurumlar\u0131n\u0131n v\u0259 \u00f6lk\u0259 ictimaiyy\u0259tinin, K\u0130V-l\u0259rin\u00a0n\u00fcmay\u0259nd\u0259l\u0259ri, V\u0259t\u0259n m\u00fcharib\u0259si veteranlar\u0131 v\u0259 qazil\u0259r, din xadiml\u0259ri i\u015ftirak edibl\u0259r. Bildirilib ki, t\u0259dbirin \u0259vv\u0259lind\u0259 ulu \u00f6nd\u0259r Heyd\u0259r \u018fliyevin v\u0259 V\u0259t\u0259n torpaqlar\u0131n\u0131n azadl\u0131\u011f\u0131 u\u011frunda&hellip;<\/p>\n","protected":false},"author":2,"featured_media":671070,"comment_status":"closed","ping_status":"closed","sticky":false,"template":"","format":"standard","meta":{"om_disable_all_campaigns":false,"_monsterinsights_skip_tracking":false,"_monsterinsights_sitenote_active":false,"_monsterinsights_sitenote_note":"","_monsterinsights_sitenote_category":0},"categories":[4],"tags":[],"aioseo_notices":[],"gutentor_comment":0,"rttpg_featured_image_url":{"full":["https:\/\/arantv.az\/wp-content\/uploads\/2023\/12\/1f4af574-effa-490a-941a-3be4a190ebdf.jpg",620,413,false],"landscape":["https:\/\/arantv.az\/wp-content\/uploads\/2023\/12\/1f4af574-effa-490a-941a-3be4a190ebdf.jpg",620,413,false],"portraits":["https:\/\/arantv.az\/wp-content\/uploads\/2023\/12\/1f4af574-effa-490a-941a-3be4a190ebdf.jpg",620,413,false],"thumbnail":["https:\/\/arantv.az\/wp-content\/uploads\/2023\/12\/1f4af574-effa-490a-941a-3be4a190ebdf-500x280.jpg",500,280,true],"medium":["https:\/\/arantv.az\/wp-content\/uploads\/2023\/12\/1f4af574-effa-490a-941a-3be4a190ebdf-548x365.jpg",548,365,true],"large":["https:\/\/arantv.az\/wp-content\/uploads\/2023\/12\/1f4af574-effa-490a-941a-3be4a190ebdf.jpg",620,413,false],"1536x1536":["https:\/\/arantv.az\/wp-content\/uploads\/2023\/12\/1f4af574-effa-490a-941a-3be4a190ebdf.jpg",620,413,false],"2048x2048":["https:\/\/arantv.az\/wp-content\/uploads\/2023\/12\/1f4af574-effa-490a-941a-3be4a190ebdf.jpg",620,413,false],"post-thumbnail":["https:\/\/arantv.az\/wp-content\/uploads\/2023\/12\/1f4af574-effa-490a-941a-3be4a190ebdf-240x172.jpg",240,172,true],"advps-thumb-one":["https:\/\/arantv.az\/wp-content\/uploads\/2023\/12\/1f4af574-effa-490a-941a-3be4a190ebdf.jpg",620,413,false]},"rttpg_author":{"display_name":"V\u00fcsal Rafiqo\u011flu","author_link":"https:\/\/arantv.az\/?author=2"},"rttpg_comment":0,"rttpg_category":"<a href=\"https:\/\/arantv.az\/?cat=4\" rel=\"category\">Siyas\u0259t<\/a>","rttpg_excerpt":"Bak\u0131 \u015e\u0259h\u0259r \u0130cra Hakimiyy\u0259tind\u0259 (B\u015e\u0130H) xalq\u0131m\u0131z\u0131n \u00fcmummilli lideri Heyd\u0259r \u018fliyevin 100 illiyin\u0259 h\u0259sr edil\u0259n t\u0259dbirl\u0259r \u00e7\u0259r\u00e7iv\u0259sind\u0259 B\u015e\u0130H v\u0259 Az\u0259rbaycan Milli Elml\u0259r Akademiyas\u0131 Tarix \u0130nstitutunun yeni layih\u0259si &#8211; ulu \u00f6nd\u0259rin h\u0259yat v\u0259 ictimai-siyasi f\u0259aliyy\u0259tinin m\u00fcxt\u0259lif d\u00f6vrl\u0259rini \u0259hat\u0259 ed\u0259n elmi m\u0259qal\u0259l\u0259r toplusu olan \u201cHeyd\u0259r \u018fliyev\u201d kitab\u0131n\u0131n\u00a0t\u0259qdimat\u0131 ke\u00e7irilib. Bu bar\u0259d\u0259\u00a0Bak\u0131 \u015e\u0259h\u0259r \u0130cra Hakimiyy\u0259tinin M\u0259tbuat Xidm\u0259ti m\u0259lumat yay\u0131b. T\u0259dbird\u0259&hellip;","_links":{"self":[{"href":"https:\/\/arantv.az\/index.php?rest_route=\/wp\/v2\/posts\/671069"}],"collection":[{"href":"https:\/\/arantv.az\/index.php?rest_route=\/wp\/v2\/posts"}],"about":[{"href":"https:\/\/arantv.az\/index.php?rest_route=\/wp\/v2\/types\/post"}],"author":[{"embeddable":true,"href":"https:\/\/arantv.az\/index.php?rest_route=\/wp\/v2\/users\/2"}],"replies":[{"embeddable":true,"href":"https:\/\/arantv.az\/index.php?rest_route=%2Fwp%2Fv2%2Fcomments&post=671069"}],"version-history":[{"count":0,"href":"https:\/\/arantv.az\/index.php?rest_route=\/wp\/v2\/posts\/671069\/revisions"}],"wp:featuredmedia":[{"embeddable":true,"href":"https:\/\/arantv.az\/index.php?rest_route=\/wp\/v2\/media\/671070"}],"wp:attachment":[{"href":"https:\/\/arantv.az\/index.php?rest_route=%2Fwp%2Fv2%2Fmedia&parent=671069"}],"wp:term":[{"taxonomy":"category","embeddable":true,"href":"https:\/\/arantv.az\/index.php?rest_route=%2Fwp%2Fv2%2Fcategories&post=671069"},{"taxonomy":"post_tag","embeddable":true,"href":"https:\/\/arantv.az\/index.php?rest_route=%2Fwp%2Fv2%2Ftags&post=671069"}],"curies":[{"name":"wp","href":"https:\/\/api.w.org\/{rel}","templated":true}]}}