{"id":67107,"date":"2019-06-17T12:27:29","date_gmt":"2019-06-17T09:27:29","guid":{"rendered":"http:\/\/arantv.az\/?p=67107"},"modified":"2019-06-17T12:27:29","modified_gmt":"2019-06-17T09:27:29","slug":"yunanistana-qacmaq-ist%c9%99y%c9%99n-az%c9%99rbaycanlilar-bel%c9%99-saxlanildi-foto","status":"publish","type":"post","link":"https:\/\/arantv.az\/?p=67107","title":{"rendered":"Yunan\u0131stana qa\u00e7maq ist\u0259y\u0259n az\u0259rbaycanl\u0131lar bel\u0259 SAXLANILDI (FOTO)"},"content":{"rendered":"<div class=\"row m-0 p-0 mt-2\">\n<div class=\"col-12 col-sm-12 col-lg-12 icSehifeBody p-2 m-0\">\n<p><strong>T\u00fcrkiy\u0259 vasit\u0259si il\u0259 Yunan\u0131stana qa\u00e7maq ist\u0259y\u0259n Az\u0259rbaycan v\u0259t\u0259nda\u015f\u0131 saxlan\u0131l\u0131b.\u00a0<\/strong><\/p>\n<p><b>ARANTV.AZ\u00a0<\/b>x\u0259b\u0259r verir ki, T\u00fcrkiy\u0259nin Edirnenin \u018fn\u0259z mahal\u0131n\u0131n G\u00fcl\u00e7avu\u015f k\u0259ndi yax\u0131nl\u0131\u011f\u0131nda, qeyri-qanuni yollarla iki rezin g\u0259mi il\u0259\u00a0Yunan\u0131stana ke\u00e7m\u0259y\u0259 \u00e7al\u0131\u015fan 6-s\u0131 u\u015faq, 5-i qad\u0131n olmaqla \u00fcmumilikd\u0259 37 immiqrant, sahil t\u0259hl\u00fck\u0259sizlik q\u00fcvv\u0259l\u0259ri t\u0259r\u0259find\u0259n saxlan\u0131l\u0131b.<\/p>\n<p>T\u00fcrkiy\u0259 vaxt\u0131 il\u0259 d\u00fcn\u0259n saat\u00a007: 20 rad\u0259l\u0259rind\u0259 sahil t\u0259hl\u00fck\u0259sizlik q\u00fcvv\u0259l\u0259ri t\u0259r\u0259find\u0259n rezin qay\u0131qla Yunan\u0131stana ke\u00e7m\u0259k ist\u0259y\u0259n\u00a023 \u018ffqan\u0131stan, 11 \u0130ran, 3 Az\u0259rbaycanl\u0131 (26 ki\u015fi, 5 qad\u0131n, 6 u\u015faq) tutulub<\/p>\n<p>Onlar\u00a0Edirne Miqrasiya \u0130dar\u0259sin\u0259 g\u0259tirilibl\u0259r.<\/p>\n<\/div>\n<\/div>\n<div class=\"row m-0 pl-2 p-0\">\n<div class=\"col-12 col-sm-12 col-lg-12 m-0 p-0\">\n<div id=\"slide_prev_cyan\" class=\"slider_prev_cyan\"><\/div>\n<div id=\"slide_next_cyan\" class=\"slider_next_cyan\"><\/div>\n<div class=\"lSSlideOuter\">\n<div class=\"lSSlideWrapper usingCss\">\n<ul id=\"photoGallery1\" class=\"lightSlider lsGrab lSSlide\">\n<li class=\"lslide\" data-thumb=\"\/photos\/unikal\/1560763299_rezin.jpg\"><img title=\"Yunan\u0131stana qa\u00e7maq ist\u0259y\u0259n az\u0259rbaycanl\u0131lar bel\u0259SAXLANILDI  (FOTO)\" src=\"https:\/\/www.unikal.org\/photos\/unikal\/1560763299_rezin.jpg\" alt=\"Yunan\u0131stana qa\u00e7maq ist\u0259y\u0259n az\u0259rbaycanl\u0131lar bel\u0259SAXLANILDI  (FOTO)\" \/><\/li>\n<li class=\"lslide active\" data-thumb=\"\/photos\/unikal\/1560763299_rezin1.jpg\"><img title=\"Yunan\u0131stana qa\u00e7maq ist\u0259y\u0259n az\u0259rbaycanl\u0131lar bel\u0259SAXLANILDI  (FOTO)\" src=\"https:\/\/www.unikal.org\/photos\/unikal\/1560763299_rezin1.jpg\" alt=\"Yunan\u0131stana qa\u00e7maq ist\u0259y\u0259n az\u0259rbaycanl\u0131lar bel\u0259SAXLANILDI  (FOTO)\" \/><\/li>\n<\/ul>\n<\/div>\n<\/div>\n<\/div>\n<\/div>\n<div class=\"row m-0 pl-2 p-0 mt-1\">\n<div class=\"\">Unikal.org<\/div>\n<\/div>\n","protected":false},"excerpt":{"rendered":"<p>T\u00fcrkiy\u0259 vasit\u0259si il\u0259 Yunan\u0131stana qa\u00e7maq ist\u0259y\u0259n Az\u0259rbaycan v\u0259t\u0259nda\u015f\u0131 saxlan\u0131l\u0131b.\u00a0 ARANTV.AZ\u00a0x\u0259b\u0259r verir ki, T\u00fcrkiy\u0259nin Edirnenin \u018fn\u0259z mahal\u0131n\u0131n G\u00fcl\u00e7avu\u015f k\u0259ndi yax\u0131nl\u0131\u011f\u0131nda, qeyri-qanuni yollarla iki rezin g\u0259mi il\u0259\u00a0Yunan\u0131stana ke\u00e7m\u0259y\u0259 \u00e7al\u0131\u015fan 6-s\u0131 u\u015faq, 5-i qad\u0131n olmaqla \u00fcmumilikd\u0259 37 immiqrant, sahil t\u0259hl\u00fck\u0259sizlik q\u00fcvv\u0259l\u0259ri t\u0259r\u0259find\u0259n saxlan\u0131l\u0131b. T\u00fcrkiy\u0259 vaxt\u0131 il\u0259 d\u00fcn\u0259n saat\u00a007: 20 rad\u0259l\u0259rind\u0259 sahil t\u0259hl\u00fck\u0259sizlik q\u00fcvv\u0259l\u0259ri t\u0259r\u0259find\u0259n rezin qay\u0131qla Yunan\u0131stana ke\u00e7m\u0259k ist\u0259y\u0259n\u00a023 \u018ffqan\u0131stan, 11 \u0130ran, 3 Az\u0259rbaycanl\u0131 (26 ki\u015fi, 5 qad\u0131n, 6 u\u015faq) tutulub Onlar\u00a0Edirne Miqrasiya \u0130dar\u0259sin\u0259 g\u0259tirilibl\u0259r. Unikal.org<\/p>\n","protected":false},"author":2,"featured_media":67108,"comment_status":"closed","ping_status":"closed","sticky":false,"template":"","format":"standard","meta":{"om_disable_all_campaigns":false,"_monsterinsights_skip_tracking":false,"_monsterinsights_sitenote_active":false,"_monsterinsights_sitenote_note":"","_monsterinsights_sitenote_category":0},"categories":[1],"tags":[],"aioseo_notices":[],"gutentor_comment":0,"rttpg_featured_image_url":{"full":["https:\/\/arantv.az\/wp-content\/uploads\/2019\/06\/1560763299.Yunan_.jpg",600,400,false],"landscape":["https:\/\/arantv.az\/wp-content\/uploads\/2019\/06\/1560763299.Yunan_.jpg",600,400,false],"portraits":["https:\/\/arantv.az\/wp-content\/uploads\/2019\/06\/1560763299.Yunan_.jpg",600,400,false],"thumbnail":["https:\/\/arantv.az\/wp-content\/uploads\/2019\/06\/1560763299.Yunan_-150x150.jpg",150,150,true],"medium":["https:\/\/arantv.az\/wp-content\/uploads\/2019\/06\/1560763299.Yunan_-300x200.jpg",300,200,true],"large":["https:\/\/arantv.az\/wp-content\/uploads\/2019\/06\/1560763299.Yunan_.jpg",600,400,false],"1536x1536":["https:\/\/arantv.az\/wp-content\/uploads\/2019\/06\/1560763299.Yunan_.jpg",600,400,false],"2048x2048":["https:\/\/arantv.az\/wp-content\/uploads\/2019\/06\/1560763299.Yunan_.jpg",600,400,false],"post-thumbnail":["https:\/\/arantv.az\/wp-content\/uploads\/2019\/06\/1560763299.Yunan_-240x172.jpg",240,172,true],"advps-thumb-one":["https:\/\/arantv.az\/wp-content\/uploads\/2019\/06\/1560763299.Yunan_.jpg",600,400,false]},"rttpg_author":{"display_name":"V\u00fcsal Rafiqo\u011flu","author_link":"https:\/\/arantv.az\/?author=2"},"rttpg_comment":0,"rttpg_category":"<a href=\"https:\/\/arantv.az\/?cat=1\" rel=\"category\">C\u0259miyy\u0259t<\/a>","rttpg_excerpt":"T\u00fcrkiy\u0259 vasit\u0259si il\u0259 Yunan\u0131stana qa\u00e7maq ist\u0259y\u0259n Az\u0259rbaycan v\u0259t\u0259nda\u015f\u0131 saxlan\u0131l\u0131b.\u00a0 ARANTV.AZ\u00a0x\u0259b\u0259r verir ki, T\u00fcrkiy\u0259nin Edirnenin \u018fn\u0259z mahal\u0131n\u0131n G\u00fcl\u00e7avu\u015f k\u0259ndi yax\u0131nl\u0131\u011f\u0131nda, qeyri-qanuni yollarla iki rezin g\u0259mi il\u0259\u00a0Yunan\u0131stana ke\u00e7m\u0259y\u0259 \u00e7al\u0131\u015fan 6-s\u0131 u\u015faq, 5-i qad\u0131n olmaqla \u00fcmumilikd\u0259 37 immiqrant, sahil t\u0259hl\u00fck\u0259sizlik q\u00fcvv\u0259l\u0259ri t\u0259r\u0259find\u0259n saxlan\u0131l\u0131b. T\u00fcrkiy\u0259 vaxt\u0131 il\u0259 d\u00fcn\u0259n saat\u00a007: 20 rad\u0259l\u0259rind\u0259 sahil t\u0259hl\u00fck\u0259sizlik q\u00fcvv\u0259l\u0259ri t\u0259r\u0259find\u0259n rezin qay\u0131qla Yunan\u0131stana ke\u00e7m\u0259k&hellip;","_links":{"self":[{"href":"https:\/\/arantv.az\/index.php?rest_route=\/wp\/v2\/posts\/67107"}],"collection":[{"href":"https:\/\/arantv.az\/index.php?rest_route=\/wp\/v2\/posts"}],"about":[{"href":"https:\/\/arantv.az\/index.php?rest_route=\/wp\/v2\/types\/post"}],"author":[{"embeddable":true,"href":"https:\/\/arantv.az\/index.php?rest_route=\/wp\/v2\/users\/2"}],"replies":[{"embeddable":true,"href":"https:\/\/arantv.az\/index.php?rest_route=%2Fwp%2Fv2%2Fcomments&post=67107"}],"version-history":[{"count":0,"href":"https:\/\/arantv.az\/index.php?rest_route=\/wp\/v2\/posts\/67107\/revisions"}],"wp:featuredmedia":[{"embeddable":true,"href":"https:\/\/arantv.az\/index.php?rest_route=\/wp\/v2\/media\/67108"}],"wp:attachment":[{"href":"https:\/\/arantv.az\/index.php?rest_route=%2Fwp%2Fv2%2Fmedia&parent=67107"}],"wp:term":[{"taxonomy":"category","embeddable":true,"href":"https:\/\/arantv.az\/index.php?rest_route=%2Fwp%2Fv2%2Fcategories&post=67107"},{"taxonomy":"post_tag","embeddable":true,"href":"https:\/\/arantv.az\/index.php?rest_route=%2Fwp%2Fv2%2Ftags&post=67107"}],"curies":[{"name":"wp","href":"https:\/\/api.w.org\/{rel}","templated":true}]}}