{"id":67110,"date":"2019-06-17T12:50:54","date_gmt":"2019-06-17T09:50:54","guid":{"rendered":"http:\/\/arantv.az\/?p=67110"},"modified":"2019-06-17T12:50:54","modified_gmt":"2019-06-17T09:50:54","slug":"eldar-sabiroglu-oglundan-imtina-etdi-q%c9%99brim%c9%99-g%c9%99lm%c9%99","status":"publish","type":"post","link":"https:\/\/arantv.az\/?p=67110","title":{"rendered":"Eldar Sabiro\u011flu o\u011flundan imtina etdi: Q\u0259brim\u0259 g\u0259lm\u0259"},"content":{"rendered":"<p>M\u00fcdafi\u0259 Nazirliyinin m\u0259tbuat xidm\u0259tinin ke\u00e7mi\u015f r\u0259hb\u0259ri Eldar Sabiro\u011flu o\u011flu R\u00fcf\u0259t S\u0259f\u0259rovdan imtina edib.<\/p>\n<p><b>ARANTV.AZ\u00a0<\/b>x\u0259b\u0259r verir ki, E.Sabiro\u011flu o\u011fluna m\u0259ktub yazaraq, ondan imtina etdiyini a\u00e7\u0131qlay\u0131b.<\/p>\n<p>O, R\u00fcf\u0259t\u0259 m\u0259zar\u0131 \u00fcst\u00fcn\u0259 g\u0259lm\u0259m\u0259sini v\u0259siyy\u0259t edib.<\/p>\n<p>Xat\u0131rladaq ki, R.S\u0259f\u0259rov Z\u0259rdab rayon Prokurorlu\u011funun sabiq m\u00fcst\u0259ntiqidir. O, r\u00fc\u015fv\u0259t almaqda t\u0259qsirl\u0259ndiril\u0259r\u0259k h\u0259bs edilmi\u015f, Prezident \u0130lham \u018fliyevin \u0259fv s\u0259r\u0259ncam\u0131 il\u0259 azadl\u0131\u011fa \u00e7\u0131xm\u0131\u015fd\u0131.<\/p>\n<p><img src=\"https:\/\/assets.oxu.az\/uploads\/W1siZiIsIjIwMTkvMDYvMTcvMTMvNDQvMTUvNDlhODQzYjEtNzBjOS00ODMxLTk4OGEtOGMyZDI0ZWVjYTdjL21la3R0dS5qcGciXSxbInAiLCJlbmNvZGUiLCJqcGciLCItcXVhbGl0eSA4MCJdLFsicCIsInRodW1iIiwiNTkweDU5MFx1MDAzZSJdXQ?sha=3943a4e5c7ed3e1d\" alt=\"\" \/><\/p>\n<p>oxu.az<\/p>\n","protected":false},"excerpt":{"rendered":"<p>M\u00fcdafi\u0259 Nazirliyinin m\u0259tbuat xidm\u0259tinin ke\u00e7mi\u015f r\u0259hb\u0259ri Eldar Sabiro\u011flu o\u011flu R\u00fcf\u0259t S\u0259f\u0259rovdan imtina edib. ARANTV.AZ\u00a0x\u0259b\u0259r verir ki, E.Sabiro\u011flu o\u011fluna m\u0259ktub yazaraq, ondan imtina etdiyini a\u00e7\u0131qlay\u0131b. O, R\u00fcf\u0259t\u0259 m\u0259zar\u0131 \u00fcst\u00fcn\u0259 g\u0259lm\u0259m\u0259sini v\u0259siyy\u0259t edib. Xat\u0131rladaq ki, R.S\u0259f\u0259rov Z\u0259rdab rayon Prokurorlu\u011funun sabiq m\u00fcst\u0259ntiqidir. O, r\u00fc\u015fv\u0259t almaqda t\u0259qsirl\u0259ndiril\u0259r\u0259k h\u0259bs edilmi\u015f, Prezident \u0130lham \u018fliyevin \u0259fv s\u0259r\u0259ncam\u0131 il\u0259 azadl\u0131\u011fa \u00e7\u0131xm\u0131\u015fd\u0131. oxu.az<\/p>\n","protected":false},"author":2,"featured_media":67111,"comment_status":"closed","ping_status":"closed","sticky":false,"template":"","format":"standard","meta":{"om_disable_all_campaigns":false,"_monsterinsights_skip_tracking":false,"_monsterinsights_sitenote_active":false,"_monsterinsights_sitenote_note":"","_monsterinsights_sitenote_category":0},"categories":[1],"tags":[],"aioseo_notices":[],"gutentor_comment":0,"rttpg_featured_image_url":{"full":["https:\/\/arantv.az\/wp-content\/uploads\/2019\/06\/311.jpg",620,464,false],"landscape":["https:\/\/arantv.az\/wp-content\/uploads\/2019\/06\/311.jpg",620,464,false],"portraits":["https:\/\/arantv.az\/wp-content\/uploads\/2019\/06\/311.jpg",620,464,false],"thumbnail":["https:\/\/arantv.az\/wp-content\/uploads\/2019\/06\/311-150x150.jpg",150,150,true],"medium":["https:\/\/arantv.az\/wp-content\/uploads\/2019\/06\/311-300x225.jpg",300,225,true],"large":["https:\/\/arantv.az\/wp-content\/uploads\/2019\/06\/311.jpg",620,464,false],"1536x1536":["https:\/\/arantv.az\/wp-content\/uploads\/2019\/06\/311.jpg",620,464,false],"2048x2048":["https:\/\/arantv.az\/wp-content\/uploads\/2019\/06\/311.jpg",620,464,false],"post-thumbnail":["https:\/\/arantv.az\/wp-content\/uploads\/2019\/06\/311-240x172.jpg",240,172,true],"advps-thumb-one":["https:\/\/arantv.az\/wp-content\/uploads\/2019\/06\/311.jpg",620,464,false]},"rttpg_author":{"display_name":"V\u00fcsal Rafiqo\u011flu","author_link":"https:\/\/arantv.az\/?author=2"},"rttpg_comment":0,"rttpg_category":"<a href=\"https:\/\/arantv.az\/?cat=1\" rel=\"category\">C\u0259miyy\u0259t<\/a>","rttpg_excerpt":"M\u00fcdafi\u0259 Nazirliyinin m\u0259tbuat xidm\u0259tinin ke\u00e7mi\u015f r\u0259hb\u0259ri Eldar Sabiro\u011flu o\u011flu R\u00fcf\u0259t S\u0259f\u0259rovdan imtina edib. ARANTV.AZ\u00a0x\u0259b\u0259r verir ki, E.Sabiro\u011flu o\u011fluna m\u0259ktub yazaraq, ondan imtina etdiyini a\u00e7\u0131qlay\u0131b. O, R\u00fcf\u0259t\u0259 m\u0259zar\u0131 \u00fcst\u00fcn\u0259 g\u0259lm\u0259m\u0259sini v\u0259siyy\u0259t edib. Xat\u0131rladaq ki, R.S\u0259f\u0259rov Z\u0259rdab rayon Prokurorlu\u011funun sabiq m\u00fcst\u0259ntiqidir. O, r\u00fc\u015fv\u0259t almaqda t\u0259qsirl\u0259ndiril\u0259r\u0259k h\u0259bs edilmi\u015f, Prezident \u0130lham \u018fliyevin \u0259fv s\u0259r\u0259ncam\u0131 il\u0259 azadl\u0131\u011fa \u00e7\u0131xm\u0131\u015fd\u0131. oxu.az","_links":{"self":[{"href":"https:\/\/arantv.az\/index.php?rest_route=\/wp\/v2\/posts\/67110"}],"collection":[{"href":"https:\/\/arantv.az\/index.php?rest_route=\/wp\/v2\/posts"}],"about":[{"href":"https:\/\/arantv.az\/index.php?rest_route=\/wp\/v2\/types\/post"}],"author":[{"embeddable":true,"href":"https:\/\/arantv.az\/index.php?rest_route=\/wp\/v2\/users\/2"}],"replies":[{"embeddable":true,"href":"https:\/\/arantv.az\/index.php?rest_route=%2Fwp%2Fv2%2Fcomments&post=67110"}],"version-history":[{"count":0,"href":"https:\/\/arantv.az\/index.php?rest_route=\/wp\/v2\/posts\/67110\/revisions"}],"wp:featuredmedia":[{"embeddable":true,"href":"https:\/\/arantv.az\/index.php?rest_route=\/wp\/v2\/media\/67111"}],"wp:attachment":[{"href":"https:\/\/arantv.az\/index.php?rest_route=%2Fwp%2Fv2%2Fmedia&parent=67110"}],"wp:term":[{"taxonomy":"category","embeddable":true,"href":"https:\/\/arantv.az\/index.php?rest_route=%2Fwp%2Fv2%2Fcategories&post=67110"},{"taxonomy":"post_tag","embeddable":true,"href":"https:\/\/arantv.az\/index.php?rest_route=%2Fwp%2Fv2%2Ftags&post=67110"}],"curies":[{"name":"wp","href":"https:\/\/api.w.org\/{rel}","templated":true}]}}