{"id":671147,"date":"2023-12-20T12:30:01","date_gmt":"2023-12-20T08:30:01","guid":{"rendered":"https:\/\/arantv.az\/?p=671147"},"modified":"2023-12-20T12:30:01","modified_gmt":"2023-12-20T08:30:01","slug":"ilham-%c9%99liyev-turkiy%c9%99nin-vitse-prezidentini-q%c9%99bul-etdi-yenil%c9%99nib-foto","status":"publish","type":"post","link":"https:\/\/arantv.az\/?p=671147","title":{"rendered":"\u0130lham \u018fliyev T\u00fcrkiy\u0259nin vitse-prezidentini q\u0259bul etdi &#8211; YEN\u0130L\u018fN\u0130B + FOTO"},"content":{"rendered":"<p>Dekabr\u0131n 20-d\u0259 Az\u0259rbaycan Respublikas\u0131n\u0131n Prezidenti\u00a0<strong>\u0130lham \u018fliyev<\/strong>\u00a0T\u00fcrkiy\u0259 Respublikas\u0131n\u0131n vitse-prezidenti Cevdet Y\u0131lmaz il\u0259 g\u00f6r\u00fc\u015f\u00fcb.<\/p>\n<p><a href=\"https:\/\/azertag.az\/xeber\/prezident_ilham_eliyev_turkiyenin_vitse_prezidenti_cevdet_yilmaz_ile_gorusub_yenilenib-2857168\" target=\"_blank\" rel=\"noopener\">AZ\u018fRTAC<\/a>\u00a0x\u0259b\u0259r verir ki, Cevdet Y\u0131lmaz T\u00fcrkiy\u0259 Prezidenti R\u0259c\u0259b Tayyib \u018frdo\u011fan\u0131n salamlar\u0131n\u0131 d\u00f6vl\u0259timizin ba\u015f\u00e7\u0131s\u0131na \u00e7atd\u0131r\u0131b.<\/p>\n<p>Prezident \u0130lham \u018fliyev salamlara g\u00f6r\u0259 minn\u0259tdarl\u0131\u011f\u0131n\u0131 bildirdi, onun da salamlar\u0131n\u0131 T\u00fcrkiy\u0259 Prezidentin\u0259 \u00e7atd\u0131rma\u011f\u0131 xahi\u015f edib.<\/p>\n<p>Az\u0259rbaycan Prezidenti h\u0259r f\u00fcrs\u0259td\u0259 v\u0259 beyn\u0259lxalq t\u0259\u015fkilatlar \u00e7\u0259r\u00e7iv\u0259sind\u0259 ke\u00e7iril\u0259n t\u0259dbirl\u0259rd\u0259 T\u00fcrkiy\u0259 Prezidenti il\u0259 g\u00f6r\u00fc\u015fd\u00fcy\u00fcn\u00fc v\u0259 m\u00fczakir\u0259l\u0259ri davam etdirdiyini vur\u011fulay\u0131b.<\/p>\n<p>Cevdet Y\u0131lmaz \u00fcmummilli lider Heyd\u0259r \u018fliyevin 100 illik yubileyi m\u00fcnasib\u0259til\u0259 t\u0259brikl\u0259rini \u00e7atd\u0131r\u0131b v\u0259 ulu \u00f6nd\u0259r Heyd\u0259r \u018fliyevin \u0259sl liderlik n\u00fcmayi\u015f etdir\u0259r\u0259k Az\u0259rbaycan d\u00f6vl\u0259tinin qurucusu oldu\u011funu qeyd edib.<\/p>\n<p>T\u00fcrkiy\u0259nin vitse-prezidenti tarixi Q\u0259l\u0259b\u0259 v\u0259 Az\u0259rbaycan\u0131n suverenliyinin tam b\u0259rpa olunmas\u0131 m\u00fcnasib\u0259til\u0259 bir daha t\u0259brikl\u0259rini \u00e7atd\u0131r\u0131b, i\u015f\u011faldan azad olunmu\u015f \u0259razil\u0259rd\u0259 geni\u015fmiqyasl\u0131 b\u0259rpa-quruculuq i\u015fl\u0259rinin T\u00fcrkiy\u0259d\u0259 b\u00f6y\u00fck sevincl\u0259 qar\u015f\u0131land\u0131\u011f\u0131 vur\u011fulay\u0131b. Bu x\u00fcsusda erm\u0259nil\u0259r t\u0259r\u0259find\u0259n basd\u0131r\u0131lm\u0131\u015f minalar\u0131n h\u0259l\u0259 d\u0259 b\u00f6y\u00fck t\u0259hl\u00fck\u0259 t\u00f6r\u0259tdiyi v\u0259 yenid\u0259nqurma i\u015fl\u0259rin\u0259 mane oldu\u011fu bildirilib.<\/p>\n<p>Vitse-prezident T\u00fcrkiy\u0259d\u0259 ba\u015f vermi\u015f z\u0259lz\u0259l\u0259 zaman\u0131 Az\u0259rbaycan\u0131n g\u00f6st\u0259rdiyi qarda\u015fl\u0131q d\u0259st\u0259yin\u0259 g\u00f6r\u0259 t\u0259\u015f\u0259kk\u00fcr\u00fcn\u00fc bildirib, Kahramanmara\u015fda h\u0259yata ke\u00e7iril\u0259n b\u0259rpa v\u0259 tikinti i\u015fl\u0259rini x\u00fcsusil\u0259 qeyd edib. Cevdet Y\u0131lmaz d\u00fcnyan\u0131n ya\u015f\u0131l v\u0259 r\u0259q\u0259msal transformasiya d\u00f6vr\u00fcnd\u0259 oldu\u011funu n\u0259z\u0259r\u0259 alaraq, Az\u0259rbaycanla T\u00fcrkiy\u0259nin bu sah\u0259d\u0259 d\u0259 birg\u0259 \u00e7al\u0131\u015fmas\u0131n\u0131n v\u0259 \u0259m\u0259kda\u015fl\u0131\u011f\u0131n\u0131n vacibliyini vur\u011fulay\u0131b.<\/p>\n<p>G\u00f6r\u00fc\u015fd\u0259 Az\u0259rbaycan il\u0259 T\u00fcrkiy\u0259 aras\u0131nda ticar\u0259t d\u00f6vriyy\u0259sinin Preferensial Ticar\u0259t Sazi\u015finin imzalanmas\u0131ndan sonra daha da artmas\u0131ndan m\u0259mnunluq ifad\u0259 olunub. H\u0259m\u00e7inin g\u0259l\u0259n il Az\u0259rbaycan-T\u00fcrkiy\u0259 h\u00f6kum\u0259tl\u0259raras\u0131 komissiyan\u0131n iclas\u0131n\u0131n ke\u00e7irilm\u0259si, el\u0259c\u0259 d\u0259 \u00f6lk\u0259l\u0259rimiz aras\u0131nda \u0259m\u0259kda\u015fl\u0131\u011f\u0131n m\u00fcxt\u0259lif sah\u0259l\u0259rd\u0259 inki\u015faf perspektivl\u0259ri m\u00fczakir\u0259 edilib.<\/p>\n<p>S\u00f6hb\u0259t zaman\u0131 beyn\u0259lxalq t\u0259\u015fkilatlar, T\u00fcrk D\u00f6vl\u0259tl\u0259ri T\u0259\u015fkilat\u0131 \u00e7\u0259r\u00e7iv\u0259sind\u0259 \u0259m\u0259kda\u015fl\u0131q, t\u0259\u015fkilat\u0131n daha da g\u00fccl\u0259ndirilm\u0259si, dig\u0259r qarda\u015f t\u00fcrk \u00f6lk\u0259l\u0259ri il\u0259 i\u015fbirliyinin d\u0259rinl\u0259\u015fdirilm\u0259sin\u0259 dair fikir m\u00fcbadil\u0259si apar\u0131l\u0131b.<\/p>\n<p><strong>10:53<\/strong><\/p>\n<p>Dekabr\u0131n 20-d\u0259 Az\u0259rbaycan Respublikas\u0131n\u0131n Prezidenti\u00a0<strong>\u0130lham \u018fliyev<\/strong>\u00a0T\u00fcrkiy\u0259 Respublikas\u0131n\u0131n vitse-prezidenti Cevdet Y\u0131lmaz\u0131 q\u0259bul edib.<\/p>\n<p>Bununla ba\u011fl\u0131\u00a0<a href=\"https:\/\/azertag.az\/xeber\/prezident_ilham_eliyev_turkiyenin_vitse_prezidenti_cevdet_yilmazi_qebul_edib_yenilenecek-2857168\" target=\"_blank\" rel=\"noopener\">AZ\u018fRTAC<\/a>\u00a0m\u0259lumat yay\u0131b.<\/p>\n<p>&nbsp;<\/p>\n<div class=\"gallery\">\n<div class=\"gallery-i\"><img src=\"https:\/\/cdn.oxu.az\/uploads\/W1siZiIsIjIwMjMvMTIvMjAvMTAvNTMvMTkvNTRlMzczNzItMGQ5Ni00YWMwLThlMzctNDkxOWIyYjhhNDZiLzE3MDMwNTUwNDcxMTY2MjU0MzY5XzEyMDB4NjMwLmpwZyJdLFsicCIsImVuY29kZSIsImpwZyIsIi1xdWFsaXR5IDgwIl0sWyJwIiwidGh1bWIiLCI1OTB4NTkwXHUwMDNlIl1d?sha=1fe7334a87ead0e3\" alt=\"\" \/><\/p>\n<div class=\"gallery-i-caption\"><\/div>\n<\/div>\n<div class=\"gallery-i\"><img src=\"https:\/\/cdn.oxu.az\/uploads\/W1siZiIsIjIwMjMvMTIvMjAvMTAvNTMvMTkvMjJjZjQzOTQtZTIyYi00M2U0LTk4YzktZDFhOGNjMTc3YWM2LzE3MDMwNTUwNDc0Njg0NjI5MTc5XzEyMDB4NjMwLmpwZyJdLFsicCIsImVuY29kZSIsImpwZyIsIi1xdWFsaXR5IDgwIl0sWyJwIiwidGh1bWIiLCI1OTB4NTkwXHUwMDNlIl1d?sha=8c7c6547faf221e5\" alt=\"\" \/><\/div>\n<\/div>\n","protected":false},"excerpt":{"rendered":"<p>Dekabr\u0131n 20-d\u0259 Az\u0259rbaycan Respublikas\u0131n\u0131n Prezidenti\u00a0\u0130lham \u018fliyev\u00a0T\u00fcrkiy\u0259 Respublikas\u0131n\u0131n vitse-prezidenti Cevdet Y\u0131lmaz il\u0259 g\u00f6r\u00fc\u015f\u00fcb. AZ\u018fRTAC\u00a0x\u0259b\u0259r verir ki, Cevdet Y\u0131lmaz T\u00fcrkiy\u0259 Prezidenti R\u0259c\u0259b Tayyib \u018frdo\u011fan\u0131n salamlar\u0131n\u0131 d\u00f6vl\u0259timizin ba\u015f\u00e7\u0131s\u0131na \u00e7atd\u0131r\u0131b. Prezident \u0130lham \u018fliyev salamlara g\u00f6r\u0259 minn\u0259tdarl\u0131\u011f\u0131n\u0131 bildirdi, onun da salamlar\u0131n\u0131 T\u00fcrkiy\u0259 Prezidentin\u0259 \u00e7atd\u0131rma\u011f\u0131 xahi\u015f edib. Az\u0259rbaycan Prezidenti h\u0259r f\u00fcrs\u0259td\u0259 v\u0259 beyn\u0259lxalq t\u0259\u015fkilatlar \u00e7\u0259r\u00e7iv\u0259sind\u0259 ke\u00e7iril\u0259n t\u0259dbirl\u0259rd\u0259 T\u00fcrkiy\u0259 Prezidenti il\u0259 g\u00f6r\u00fc\u015fd\u00fcy\u00fcn\u00fc v\u0259 m\u00fczakir\u0259l\u0259ri davam etdirdiyini vur\u011fulay\u0131b. Cevdet Y\u0131lmaz \u00fcmummilli lider Heyd\u0259r \u018fliyevin 100 illik yubileyi m\u00fcnasib\u0259til\u0259 t\u0259brikl\u0259rini \u00e7atd\u0131r\u0131b v\u0259 ulu \u00f6nd\u0259r Heyd\u0259r \u018fliyevin \u0259sl liderlik n\u00fcmayi\u015f etdir\u0259r\u0259k Az\u0259rbaycan d\u00f6vl\u0259tinin qurucusu oldu\u011funu qeyd edib. T\u00fcrkiy\u0259nin vitse-prezidenti tarixi&hellip;<\/p>\n","protected":false},"author":2,"featured_media":671098,"comment_status":"closed","ping_status":"closed","sticky":false,"template":"","format":"standard","meta":{"om_disable_all_campaigns":false,"_monsterinsights_skip_tracking":false,"_monsterinsights_sitenote_active":false,"_monsterinsights_sitenote_note":"","_monsterinsights_sitenote_category":0},"categories":[4],"tags":[],"aioseo_notices":[],"gutentor_comment":0,"rttpg_featured_image_url":{"full":["https:\/\/arantv.az\/wp-content\/uploads\/2023\/12\/17030550474128960348_1200x630.jpg",620,413,false],"landscape":["https:\/\/arantv.az\/wp-content\/uploads\/2023\/12\/17030550474128960348_1200x630.jpg",620,413,false],"portraits":["https:\/\/arantv.az\/wp-content\/uploads\/2023\/12\/17030550474128960348_1200x630.jpg",620,413,false],"thumbnail":["https:\/\/arantv.az\/wp-content\/uploads\/2023\/12\/17030550474128960348_1200x630-500x280.jpg",500,280,true],"medium":["https:\/\/arantv.az\/wp-content\/uploads\/2023\/12\/17030550474128960348_1200x630-548x365.jpg",548,365,true],"large":["https:\/\/arantv.az\/wp-content\/uploads\/2023\/12\/17030550474128960348_1200x630.jpg",620,413,false],"1536x1536":["https:\/\/arantv.az\/wp-content\/uploads\/2023\/12\/17030550474128960348_1200x630.jpg",620,413,false],"2048x2048":["https:\/\/arantv.az\/wp-content\/uploads\/2023\/12\/17030550474128960348_1200x630.jpg",620,413,false],"post-thumbnail":["https:\/\/arantv.az\/wp-content\/uploads\/2023\/12\/17030550474128960348_1200x630-240x172.jpg",240,172,true],"advps-thumb-one":["https:\/\/arantv.az\/wp-content\/uploads\/2023\/12\/17030550474128960348_1200x630.jpg",620,413,false]},"rttpg_author":{"display_name":"V\u00fcsal Rafiqo\u011flu","author_link":"https:\/\/arantv.az\/?author=2"},"rttpg_comment":0,"rttpg_category":"<a href=\"https:\/\/arantv.az\/?cat=4\" rel=\"category\">Siyas\u0259t<\/a>","rttpg_excerpt":"Dekabr\u0131n 20-d\u0259 Az\u0259rbaycan Respublikas\u0131n\u0131n Prezidenti\u00a0\u0130lham \u018fliyev\u00a0T\u00fcrkiy\u0259 Respublikas\u0131n\u0131n vitse-prezidenti Cevdet Y\u0131lmaz il\u0259 g\u00f6r\u00fc\u015f\u00fcb. AZ\u018fRTAC\u00a0x\u0259b\u0259r verir ki, Cevdet Y\u0131lmaz T\u00fcrkiy\u0259 Prezidenti R\u0259c\u0259b Tayyib \u018frdo\u011fan\u0131n salamlar\u0131n\u0131 d\u00f6vl\u0259timizin ba\u015f\u00e7\u0131s\u0131na \u00e7atd\u0131r\u0131b. Prezident \u0130lham \u018fliyev salamlara g\u00f6r\u0259 minn\u0259tdarl\u0131\u011f\u0131n\u0131 bildirdi, onun da salamlar\u0131n\u0131 T\u00fcrkiy\u0259 Prezidentin\u0259 \u00e7atd\u0131rma\u011f\u0131 xahi\u015f edib. Az\u0259rbaycan Prezidenti h\u0259r f\u00fcrs\u0259td\u0259 v\u0259 beyn\u0259lxalq t\u0259\u015fkilatlar \u00e7\u0259r\u00e7iv\u0259sind\u0259 ke\u00e7iril\u0259n t\u0259dbirl\u0259rd\u0259 T\u00fcrkiy\u0259 Prezidenti il\u0259 g\u00f6r\u00fc\u015fd\u00fcy\u00fcn\u00fc&hellip;","_links":{"self":[{"href":"https:\/\/arantv.az\/index.php?rest_route=\/wp\/v2\/posts\/671147"}],"collection":[{"href":"https:\/\/arantv.az\/index.php?rest_route=\/wp\/v2\/posts"}],"about":[{"href":"https:\/\/arantv.az\/index.php?rest_route=\/wp\/v2\/types\/post"}],"author":[{"embeddable":true,"href":"https:\/\/arantv.az\/index.php?rest_route=\/wp\/v2\/users\/2"}],"replies":[{"embeddable":true,"href":"https:\/\/arantv.az\/index.php?rest_route=%2Fwp%2Fv2%2Fcomments&post=671147"}],"version-history":[{"count":0,"href":"https:\/\/arantv.az\/index.php?rest_route=\/wp\/v2\/posts\/671147\/revisions"}],"wp:featuredmedia":[{"embeddable":true,"href":"https:\/\/arantv.az\/index.php?rest_route=\/wp\/v2\/media\/671098"}],"wp:attachment":[{"href":"https:\/\/arantv.az\/index.php?rest_route=%2Fwp%2Fv2%2Fmedia&parent=671147"}],"wp:term":[{"taxonomy":"category","embeddable":true,"href":"https:\/\/arantv.az\/index.php?rest_route=%2Fwp%2Fv2%2Fcategories&post=671147"},{"taxonomy":"post_tag","embeddable":true,"href":"https:\/\/arantv.az\/index.php?rest_route=%2Fwp%2Fv2%2Ftags&post=671147"}],"curies":[{"name":"wp","href":"https:\/\/api.w.org\/{rel}","templated":true}]}}