{"id":671149,"date":"2023-12-20T12:30:47","date_gmt":"2023-12-20T08:30:47","guid":{"rendered":"https:\/\/arantv.az\/?p=671149"},"modified":"2023-12-20T12:30:47","modified_gmt":"2023-12-20T08:30:47","slug":"ilham-%c9%99liyev-roma-papasini-t%c9%99brik-etdi","status":"publish","type":"post","link":"https:\/\/arantv.az\/?p=671149","title":{"rendered":"\u0130lham \u018fliyev Roma Papas\u0131n\u0131 t\u0259brik etdi"},"content":{"rendered":"<p>Az\u0259rbaycan Respublikas\u0131n\u0131n Prezidenti\u00a0<strong>\u0130lham \u018fliyev<\/strong>\u00a0Roma Papas\u0131 Fransisk\u0259 t\u0259brik m\u0259ktubu \u00fcnvanlay\u0131b.<\/p>\n<p><a href=\"https:\/\/president.az\/az\/articles\/view\/62603\" target=\"_blank\" rel=\"noopener\"><strong>President.az<\/strong><\/a>\u00a0x\u0259b\u0259r verir ki, m\u0259ktubda deyilir:<\/p>\n<p>\u201c\u0130sa pey\u011f\u0259mb\u0259rin m\u00fcbar\u0259k m\u00f6vludu &#8211; Milad bayram\u0131 m\u00fcnasib\u0259til\u0259 Sizi v\u0259 Sizin siman\u0131zda b\u00fct\u00fcn h\u0259mm\u0259zh\u0259bl\u0259rinizi \u00fcr\u0259kd\u0259n t\u0259brik edir, \u0259n s\u0259mimi v\u0259 xo\u015f arzular\u0131m\u0131 \u00e7atd\u0131r\u0131ram.<\/p>\n<p>Xristian al\u0259minin \u0259n m\u00fcq\u0259dd\u0259s bayramlar\u0131ndan biri, yeniliyin, m\u0259rh\u0259m\u0259t v\u0259 \u015f\u0259fq\u0259t duy\u011fular\u0131n\u0131n r\u0259mzi olan Milad bayram\u0131 insanlar\u0131 y\u00fcks\u0259k m\u0259n\u0259vi ideallar v\u0259 d\u0259y\u0259rl\u0259r \u0259traf\u0131nda birl\u0259\u015fdir\u0259r\u0259k q\u0259lbl\u0259ri parlaq \u00fcmidl\u0259rl\u0259 doldurur, yeni nailiyy\u0259tl\u0259r\u0259 ruhland\u0131r\u0131r. Y\u00fcks\u0259k birg\u0259ya\u015fay\u0131\u015f m\u0259d\u0259niyy\u0259ti v\u0259 \u00e7ox\u0259srlik tolerantl\u0131q m\u00fchitinin m\u00f6vcud oldu\u011fu Az\u0259rbaycan c\u0259miyy\u0259tind\u0259 Milad bayram\u0131 \u00f6lk\u0259mizd\u0259 \u0259n\u0259n\u0259vi olaraq qeyd olunan dini bayramlar aras\u0131nda \u00f6z\u00fcn\u0259m\u0259xsus yer tutur.<\/p>\n<p>F\u0259xrl\u0259 qeyd edir\u0259m ki, bu g\u00fcn Az\u0259rbaycan etnik v\u0259 dini m\u00fcxt\u0259lifliyin milli s\u0259rv\u0259t kimi qorundu\u011fu, b\u00fct\u00fcn konfessiyalar \u00fc\u00e7\u00fcn b\u0259rab\u0259r \u015f\u0259raitin yarad\u0131ld\u0131\u011f\u0131 m\u0259kan, d\u00fcnyada multikulturalizmin \u00fcnvanlar\u0131ndan biridir. \u00d6lk\u0259mizd\u0259 tarix\u0259n oldu\u011fu kimi haz\u0131rda da \u0259min-amanl\u0131q, mehribanl\u0131q, qar\u015f\u0131l\u0131ql\u0131 h\u00f6rm\u0259t v\u0259 etimad \u015f\u0259raitind\u0259 ya\u015fayan m\u00fcxt\u0259lif xalqlar\u0131n v\u0259 dinl\u0259rin n\u00fcmay\u0259nd\u0259l\u0259ri aras\u0131nda n\u00fcmun\u0259vi dostluq v\u0259 qarda\u015fl\u0131q m\u00fcnasib\u0259tl\u0259ri h\u00f6km s\u00fcr\u00fcr.<\/p>\n<p>C\u0259miyy\u0259timizd\u0259 etnik-m\u0259d\u0259ni m\u00fcxt\u0259lifliyin, dinl\u0259raras\u0131 harmoniyan\u0131n, dini-m\u0259n\u0259vi irsin v\u0259 multikultural d\u0259y\u0259rl\u0259rin qorunub-saxlan\u0131lmas\u0131 d\u00f6vl\u0259t siyas\u0259timizin ba\u015fl\u0131ca istiqam\u0259tl\u0259rind\u0259ndir. Az\u0259rbaycanda xristian inancl\u0131 v\u0259t\u0259nda\u015flar\u0131m\u0131z dig\u0259r etiqadlar\u0131n m\u0259nsublar\u0131 il\u0259 birg\u0259 \u00f6lk\u0259mizin ictimai-siyasi h\u0259yat\u0131n\u0131n b\u00fct\u00fcn sah\u0259l\u0259rind\u0259 yax\u0131ndan i\u015ftirak edir, d\u00f6vl\u0259timizin h\u0259rt\u0259r\u0259fli inki\u015faf\u0131na layiqli t\u00f6hf\u0259l\u0259r verirl\u0259r. \u018fmin\u0259m ki, xristian icmas\u0131 do\u011fma V\u0259t\u0259nl\u0259ri olan Az\u0259rbaycan\u0131n t\u0259r\u0259qqisi v\u0259 rifah\u0131 namin\u0259 q\u00fcvv\u0259 v\u0259 bacar\u0131\u011f\u0131n\u0131 bundan sonra da \u0259sirg\u0259m\u0259y\u0259c\u0259kdir.<\/p>\n<p>Az\u0259rbaycan\u0131n M\u00fcq\u0259dd\u0259s Taxt-Tac il\u0259 \u0259laq\u0259l\u0259rinin y\u00fcks\u0259l\u0259n x\u0259tl\u0259 v\u0259 dinamik inki\u015faf\u0131 m\u0259mnunluq do\u011furur. Xo\u015fm\u0259raml\u0131 niyy\u0259tl\u0259r\u0259 xidm\u0259t ed\u0259n ikit\u0259r\u0259fli m\u00fcnasib\u0259tl\u0259rimizin tarixi \u0259lam\u0259tdar hadis\u0259l\u0259r v\u0259 nailiyy\u0259tl\u0259r il\u0259 z\u0259ngindir. Az\u0259rbaycan-M\u00fcq\u0259dd\u0259s Taxt-Tac \u0259m\u0259kda\u015fl\u0131\u011f\u0131n\u0131n inki\u015faf\u0131nda, konstruktiv dialoqumuzun geni\u015fl\u0259nm\u0259sind\u0259 Sizin b\u00f6y\u00fck \u015f\u0259xsi t\u00f6hf\u0259niz\u0259, habel\u0259 Az\u0259rbaycan\u0131n multikulturalizm v\u0259 tolerantl\u0131q \u0259n\u0259n\u0259l\u0259rin\u0259 daim verdiyiniz y\u00fcks\u0259k qiym\u0259t\u0259 g\u00f6r\u0259 Siz\u0259 minn\u0259tdarl\u0131\u011f\u0131m\u0131 bildirir\u0259m.<\/p>\n<p>\u0130nan\u0131ram ki, Az\u0259rbaycan il\u0259 M\u00fcq\u0259dd\u0259s Taxt-Tac aras\u0131nda m\u00f6vcud olan n\u00fcmun\u0259vi \u0259m\u0259kda\u015fl\u0131q m\u00fcnasib\u0259tl\u0259ri bundan sonra da sivilizasiyalar aras\u0131nda qar\u015f\u0131l\u0131ql\u0131 etimad m\u00fchitinin yarad\u0131lmas\u0131na v\u0259 \u00fcmumb\u0259\u015f\u0259ri d\u0259y\u0259rl\u0259rin t\u0259\u015fviqin\u0259 xidm\u0259t ed\u0259c\u0259kdir.<\/p>\n<p>Bu xo\u015f f\u00fcrs\u0259td\u0259n istifad\u0259 ed\u0259r\u0259k Sizi do\u011fum g\u00fcn\u00fcn\u00fcz v\u0259 qar\u015f\u0131dan g\u0259l\u0259n Yeni, 2024-c\u00fc il m\u00fcnasib\u0259til\u0259 d\u0259 s\u0259mimi-q\u0259lbd\u0259n t\u0259brik edir, m\u00f6hk\u0259m cansa\u011fl\u0131\u011f\u0131, xo\u015fb\u0259xtlik, humanizm ideallar\u0131n\u0131n t\u0259nt\u0259n\u0259si namin\u0259 ali missiyan\u0131zda u\u011furlar dil\u0259yir\u0259m\u201d.<\/p>\n","protected":false},"excerpt":{"rendered":"<p>Az\u0259rbaycan Respublikas\u0131n\u0131n Prezidenti\u00a0\u0130lham \u018fliyev\u00a0Roma Papas\u0131 Fransisk\u0259 t\u0259brik m\u0259ktubu \u00fcnvanlay\u0131b. President.az\u00a0x\u0259b\u0259r verir ki, m\u0259ktubda deyilir: \u201c\u0130sa pey\u011f\u0259mb\u0259rin m\u00fcbar\u0259k m\u00f6vludu &#8211; Milad bayram\u0131 m\u00fcnasib\u0259til\u0259 Sizi v\u0259 Sizin siman\u0131zda b\u00fct\u00fcn h\u0259mm\u0259zh\u0259bl\u0259rinizi \u00fcr\u0259kd\u0259n t\u0259brik edir, \u0259n s\u0259mimi v\u0259 xo\u015f arzular\u0131m\u0131 \u00e7atd\u0131r\u0131ram. Xristian al\u0259minin \u0259n m\u00fcq\u0259dd\u0259s bayramlar\u0131ndan biri, yeniliyin, m\u0259rh\u0259m\u0259t v\u0259 \u015f\u0259fq\u0259t duy\u011fular\u0131n\u0131n r\u0259mzi olan Milad bayram\u0131 insanlar\u0131 y\u00fcks\u0259k m\u0259n\u0259vi ideallar v\u0259 d\u0259y\u0259rl\u0259r \u0259traf\u0131nda birl\u0259\u015fdir\u0259r\u0259k q\u0259lbl\u0259ri parlaq \u00fcmidl\u0259rl\u0259 doldurur, yeni nailiyy\u0259tl\u0259r\u0259 ruhland\u0131r\u0131r. Y\u00fcks\u0259k birg\u0259ya\u015fay\u0131\u015f m\u0259d\u0259niyy\u0259ti v\u0259 \u00e7ox\u0259srlik tolerantl\u0131q m\u00fchitinin m\u00f6vcud oldu\u011fu Az\u0259rbaycan c\u0259miyy\u0259tind\u0259 Milad bayram\u0131 \u00f6lk\u0259mizd\u0259 \u0259n\u0259n\u0259vi olaraq qeyd olunan dini bayramlar aras\u0131nda \u00f6z\u00fcn\u0259m\u0259xsus yer&hellip;<\/p>\n","protected":false},"author":2,"featured_media":671150,"comment_status":"closed","ping_status":"closed","sticky":false,"template":"","format":"standard","meta":{"om_disable_all_campaigns":false,"_monsterinsights_skip_tracking":false,"_monsterinsights_sitenote_active":false,"_monsterinsights_sitenote_note":"","_monsterinsights_sitenote_category":0},"categories":[4],"tags":[],"aioseo_notices":[],"gutentor_comment":0,"rttpg_featured_image_url":{"full":["https:\/\/arantv.az\/wp-content\/uploads\/2023\/12\/ilham-aliyev-3.jpg",620,413,false],"landscape":["https:\/\/arantv.az\/wp-content\/uploads\/2023\/12\/ilham-aliyev-3.jpg",620,413,false],"portraits":["https:\/\/arantv.az\/wp-content\/uploads\/2023\/12\/ilham-aliyev-3.jpg",620,413,false],"thumbnail":["https:\/\/arantv.az\/wp-content\/uploads\/2023\/12\/ilham-aliyev-3-500x280.jpg",500,280,true],"medium":["https:\/\/arantv.az\/wp-content\/uploads\/2023\/12\/ilham-aliyev-3-548x365.jpg",548,365,true],"large":["https:\/\/arantv.az\/wp-content\/uploads\/2023\/12\/ilham-aliyev-3.jpg",620,413,false],"1536x1536":["https:\/\/arantv.az\/wp-content\/uploads\/2023\/12\/ilham-aliyev-3.jpg",620,413,false],"2048x2048":["https:\/\/arantv.az\/wp-content\/uploads\/2023\/12\/ilham-aliyev-3.jpg",620,413,false],"post-thumbnail":["https:\/\/arantv.az\/wp-content\/uploads\/2023\/12\/ilham-aliyev-3-240x172.jpg",240,172,true],"advps-thumb-one":["https:\/\/arantv.az\/wp-content\/uploads\/2023\/12\/ilham-aliyev-3.jpg",620,413,false]},"rttpg_author":{"display_name":"V\u00fcsal Rafiqo\u011flu","author_link":"https:\/\/arantv.az\/?author=2"},"rttpg_comment":0,"rttpg_category":"<a href=\"https:\/\/arantv.az\/?cat=4\" rel=\"category\">Siyas\u0259t<\/a>","rttpg_excerpt":"Az\u0259rbaycan Respublikas\u0131n\u0131n Prezidenti\u00a0\u0130lham \u018fliyev\u00a0Roma Papas\u0131 Fransisk\u0259 t\u0259brik m\u0259ktubu \u00fcnvanlay\u0131b. President.az\u00a0x\u0259b\u0259r verir ki, m\u0259ktubda deyilir: \u201c\u0130sa pey\u011f\u0259mb\u0259rin m\u00fcbar\u0259k m\u00f6vludu &#8211; Milad bayram\u0131 m\u00fcnasib\u0259til\u0259 Sizi v\u0259 Sizin siman\u0131zda b\u00fct\u00fcn h\u0259mm\u0259zh\u0259bl\u0259rinizi \u00fcr\u0259kd\u0259n t\u0259brik edir, \u0259n s\u0259mimi v\u0259 xo\u015f arzular\u0131m\u0131 \u00e7atd\u0131r\u0131ram. Xristian al\u0259minin \u0259n m\u00fcq\u0259dd\u0259s bayramlar\u0131ndan biri, yeniliyin, m\u0259rh\u0259m\u0259t v\u0259 \u015f\u0259fq\u0259t duy\u011fular\u0131n\u0131n r\u0259mzi olan Milad bayram\u0131 insanlar\u0131 y\u00fcks\u0259k m\u0259n\u0259vi&hellip;","_links":{"self":[{"href":"https:\/\/arantv.az\/index.php?rest_route=\/wp\/v2\/posts\/671149"}],"collection":[{"href":"https:\/\/arantv.az\/index.php?rest_route=\/wp\/v2\/posts"}],"about":[{"href":"https:\/\/arantv.az\/index.php?rest_route=\/wp\/v2\/types\/post"}],"author":[{"embeddable":true,"href":"https:\/\/arantv.az\/index.php?rest_route=\/wp\/v2\/users\/2"}],"replies":[{"embeddable":true,"href":"https:\/\/arantv.az\/index.php?rest_route=%2Fwp%2Fv2%2Fcomments&post=671149"}],"version-history":[{"count":0,"href":"https:\/\/arantv.az\/index.php?rest_route=\/wp\/v2\/posts\/671149\/revisions"}],"wp:featuredmedia":[{"embeddable":true,"href":"https:\/\/arantv.az\/index.php?rest_route=\/wp\/v2\/media\/671150"}],"wp:attachment":[{"href":"https:\/\/arantv.az\/index.php?rest_route=%2Fwp%2Fv2%2Fmedia&parent=671149"}],"wp:term":[{"taxonomy":"category","embeddable":true,"href":"https:\/\/arantv.az\/index.php?rest_route=%2Fwp%2Fv2%2Fcategories&post=671149"},{"taxonomy":"post_tag","embeddable":true,"href":"https:\/\/arantv.az\/index.php?rest_route=%2Fwp%2Fv2%2Ftags&post=671149"}],"curies":[{"name":"wp","href":"https:\/\/api.w.org\/{rel}","templated":true}]}}