{"id":671156,"date":"2023-12-20T12:32:56","date_gmt":"2023-12-20T08:32:56","guid":{"rendered":"https:\/\/arantv.az\/?p=671156"},"modified":"2023-12-20T12:32:56","modified_gmt":"2023-12-20T08:32:56","slug":"prezidentin-kom%c9%99kcisi-seckiqabagi-gorusl%c9%99rin-kecirilm%c9%99si-ucun-butun-namiz%c9%99dl%c9%99r%c9%99-b%c9%99rab%c9%99r-s%c9%99rait-yaradilir","status":"publish","type":"post","link":"https:\/\/arantv.az\/?p=671156","title":{"rendered":"Prezidentin k\u00f6m\u0259k\u00e7isi: \u201cSe\u00e7kiqaba\u011f\u0131 g\u00f6r\u00fc\u015fl\u0259rin ke\u00e7irilm\u0259si \u00fc\u00e7\u00fcn b\u00fct\u00fcn namiz\u0259dl\u0259r\u0259 b\u0259rab\u0259r \u015f\u0259rait yarad\u0131l\u0131r\u201d"},"content":{"rendered":"<p>\u201cSe\u00e7ki g\u00fcn\u00fc se\u00e7ki qutular\u0131n\u0131 n\u0259zar\u0259tsiz buraxmaq olmaz. Art\u0131q se\u00e7ki m\u0259nt\u0259q\u0259l\u0259rin\u0259 bax\u0131\u015f ke\u00e7irilir v\u0259 b\u00fct\u00fcn vacib m\u0259qamlar komissiyalar\u0131n \u00fczvl\u0259rinin diqq\u0259tin\u0259 \u00e7atd\u0131r\u0131l\u0131r\u201d.<\/p>\n<p><strong>ARANTV.AZ <\/strong>\u00a0x\u0259b\u0259r verir ki, bunu Az\u0259rbaycan Prezidentinin k\u00f6m\u0259k\u00e7isi &#8211; Prezident Administrasiyas\u0131n\u0131n \u018frazi-t\u0259\u015fkilat m\u0259s\u0259l\u0259l\u0259ri \u015f\u00f6b\u0259sinin m\u00fcdiri Zeynal Na\u011fd\u0259liyev M\u0259rk\u0259zi Se\u00e7ki Komissiyas\u0131nda (MSK) dair\u0259 se\u00e7ki komissiyalar\u0131n\u0131n s\u0259drl\u0259ri il\u0259 birg\u0259 m\u00fc\u015favir\u0259d\u0259 deyib.<\/p>\n<p>O qeyd edib ki, se\u00e7ki zaman\u0131 m\u0259nt\u0259q\u0259l\u0259r fasil\u0259siz elektrik enerjisi il\u0259 t\u0259min edilm\u0259lidir:<\/p>\n<p>\u201cMSK d\u0259rhal \u0259laq\u0259li \u015f\u0259kild\u0259 olan probleml\u0259rin aradan qald\u0131r\u0131lmas\u0131 il\u0259 m\u0259\u015f\u011ful olacaq.<\/p>\n<p>Se\u00e7kiqaba\u011f\u0131 g\u00f6r\u00fc\u015fl\u0259rin ke\u00e7irilm\u0259si \u00fc\u00e7\u00fcn b\u00fct\u00fcn namiz\u0259dl\u0259r\u0259 b\u0259rab\u0259r \u015f\u0259rait yarad\u0131l\u0131r. S\u0259rb\u0259st topla\u015fmaq \u00fc\u00e7\u00fcn b\u00fct\u00fcn t\u0259l\u0259bl\u0259r\u0259 uy\u011fun a\u00e7\u0131q v\u0259 qapal\u0131 yerl\u0259r ayr\u0131lacaq. Ayr\u0131lm\u0131\u015f yerl\u0259r m\u0259tbuat vasit\u0259sil\u0259 geni\u015f ictimaiyy\u0259t\u0259 t\u0259qdim edil\u0259c\u0259k\u201d.<\/p>\n","protected":false},"excerpt":{"rendered":"<p>\u201cSe\u00e7ki g\u00fcn\u00fc se\u00e7ki qutular\u0131n\u0131 n\u0259zar\u0259tsiz buraxmaq olmaz. Art\u0131q se\u00e7ki m\u0259nt\u0259q\u0259l\u0259rin\u0259 bax\u0131\u015f ke\u00e7irilir v\u0259 b\u00fct\u00fcn vacib m\u0259qamlar komissiyalar\u0131n \u00fczvl\u0259rinin diqq\u0259tin\u0259 \u00e7atd\u0131r\u0131l\u0131r\u201d. ARANTV.AZ \u00a0x\u0259b\u0259r verir ki, bunu Az\u0259rbaycan Prezidentinin k\u00f6m\u0259k\u00e7isi &#8211; Prezident Administrasiyas\u0131n\u0131n \u018frazi-t\u0259\u015fkilat m\u0259s\u0259l\u0259l\u0259ri \u015f\u00f6b\u0259sinin m\u00fcdiri Zeynal Na\u011fd\u0259liyev M\u0259rk\u0259zi Se\u00e7ki Komissiyas\u0131nda (MSK) dair\u0259 se\u00e7ki komissiyalar\u0131n\u0131n s\u0259drl\u0259ri il\u0259 birg\u0259 m\u00fc\u015favir\u0259d\u0259 deyib. O qeyd edib ki, se\u00e7ki zaman\u0131 m\u0259nt\u0259q\u0259l\u0259r fasil\u0259siz elektrik enerjisi il\u0259 t\u0259min edilm\u0259lidir: \u201cMSK d\u0259rhal \u0259laq\u0259li \u015f\u0259kild\u0259 olan probleml\u0259rin aradan qald\u0131r\u0131lmas\u0131 il\u0259 m\u0259\u015f\u011ful olacaq. Se\u00e7kiqaba\u011f\u0131 g\u00f6r\u00fc\u015fl\u0259rin ke\u00e7irilm\u0259si \u00fc\u00e7\u00fcn b\u00fct\u00fcn namiz\u0259dl\u0259r\u0259 b\u0259rab\u0259r \u015f\u0259rait yarad\u0131l\u0131r. S\u0259rb\u0259st topla\u015fmaq \u00fc\u00e7\u00fcn b\u00fct\u00fcn t\u0259l\u0259bl\u0259r\u0259 uy\u011fun a\u00e7\u0131q v\u0259&hellip;<\/p>\n","protected":false},"author":2,"featured_media":671157,"comment_status":"closed","ping_status":"closed","sticky":false,"template":"","format":"standard","meta":{"om_disable_all_campaigns":false,"_monsterinsights_skip_tracking":false,"_monsterinsights_sitenote_active":false,"_monsterinsights_sitenote_note":"","_monsterinsights_sitenote_category":0},"categories":[4],"tags":[],"aioseo_notices":[],"gutentor_comment":0,"rttpg_featured_image_url":{"full":["https:\/\/arantv.az\/wp-content\/uploads\/2023\/12\/c3e7edc5-560d-32d5-ab9e-746585b5b469_850.jpg",620,413,false],"landscape":["https:\/\/arantv.az\/wp-content\/uploads\/2023\/12\/c3e7edc5-560d-32d5-ab9e-746585b5b469_850.jpg",620,413,false],"portraits":["https:\/\/arantv.az\/wp-content\/uploads\/2023\/12\/c3e7edc5-560d-32d5-ab9e-746585b5b469_850.jpg",620,413,false],"thumbnail":["https:\/\/arantv.az\/wp-content\/uploads\/2023\/12\/c3e7edc5-560d-32d5-ab9e-746585b5b469_850-500x280.jpg",500,280,true],"medium":["https:\/\/arantv.az\/wp-content\/uploads\/2023\/12\/c3e7edc5-560d-32d5-ab9e-746585b5b469_850-548x365.jpg",548,365,true],"large":["https:\/\/arantv.az\/wp-content\/uploads\/2023\/12\/c3e7edc5-560d-32d5-ab9e-746585b5b469_850.jpg",620,413,false],"1536x1536":["https:\/\/arantv.az\/wp-content\/uploads\/2023\/12\/c3e7edc5-560d-32d5-ab9e-746585b5b469_850.jpg",620,413,false],"2048x2048":["https:\/\/arantv.az\/wp-content\/uploads\/2023\/12\/c3e7edc5-560d-32d5-ab9e-746585b5b469_850.jpg",620,413,false],"post-thumbnail":["https:\/\/arantv.az\/wp-content\/uploads\/2023\/12\/c3e7edc5-560d-32d5-ab9e-746585b5b469_850-240x172.jpg",240,172,true],"advps-thumb-one":["https:\/\/arantv.az\/wp-content\/uploads\/2023\/12\/c3e7edc5-560d-32d5-ab9e-746585b5b469_850.jpg",620,413,false]},"rttpg_author":{"display_name":"V\u00fcsal Rafiqo\u011flu","author_link":"https:\/\/arantv.az\/?author=2"},"rttpg_comment":0,"rttpg_category":"<a href=\"https:\/\/arantv.az\/?cat=4\" rel=\"category\">Siyas\u0259t<\/a>","rttpg_excerpt":"\u201cSe\u00e7ki g\u00fcn\u00fc se\u00e7ki qutular\u0131n\u0131 n\u0259zar\u0259tsiz buraxmaq olmaz. Art\u0131q se\u00e7ki m\u0259nt\u0259q\u0259l\u0259rin\u0259 bax\u0131\u015f ke\u00e7irilir v\u0259 b\u00fct\u00fcn vacib m\u0259qamlar komissiyalar\u0131n \u00fczvl\u0259rinin diqq\u0259tin\u0259 \u00e7atd\u0131r\u0131l\u0131r\u201d. ARANTV.AZ \u00a0x\u0259b\u0259r verir ki, bunu Az\u0259rbaycan Prezidentinin k\u00f6m\u0259k\u00e7isi &#8211; Prezident Administrasiyas\u0131n\u0131n \u018frazi-t\u0259\u015fkilat m\u0259s\u0259l\u0259l\u0259ri \u015f\u00f6b\u0259sinin m\u00fcdiri Zeynal Na\u011fd\u0259liyev M\u0259rk\u0259zi Se\u00e7ki Komissiyas\u0131nda (MSK) dair\u0259 se\u00e7ki komissiyalar\u0131n\u0131n s\u0259drl\u0259ri il\u0259 birg\u0259 m\u00fc\u015favir\u0259d\u0259 deyib. O qeyd edib ki, se\u00e7ki zaman\u0131&hellip;","_links":{"self":[{"href":"https:\/\/arantv.az\/index.php?rest_route=\/wp\/v2\/posts\/671156"}],"collection":[{"href":"https:\/\/arantv.az\/index.php?rest_route=\/wp\/v2\/posts"}],"about":[{"href":"https:\/\/arantv.az\/index.php?rest_route=\/wp\/v2\/types\/post"}],"author":[{"embeddable":true,"href":"https:\/\/arantv.az\/index.php?rest_route=\/wp\/v2\/users\/2"}],"replies":[{"embeddable":true,"href":"https:\/\/arantv.az\/index.php?rest_route=%2Fwp%2Fv2%2Fcomments&post=671156"}],"version-history":[{"count":0,"href":"https:\/\/arantv.az\/index.php?rest_route=\/wp\/v2\/posts\/671156\/revisions"}],"wp:featuredmedia":[{"embeddable":true,"href":"https:\/\/arantv.az\/index.php?rest_route=\/wp\/v2\/media\/671157"}],"wp:attachment":[{"href":"https:\/\/arantv.az\/index.php?rest_route=%2Fwp%2Fv2%2Fmedia&parent=671156"}],"wp:term":[{"taxonomy":"category","embeddable":true,"href":"https:\/\/arantv.az\/index.php?rest_route=%2Fwp%2Fv2%2Fcategories&post=671156"},{"taxonomy":"post_tag","embeddable":true,"href":"https:\/\/arantv.az\/index.php?rest_route=%2Fwp%2Fv2%2Ftags&post=671156"}],"curies":[{"name":"wp","href":"https:\/\/api.w.org\/{rel}","templated":true}]}}