{"id":67116,"date":"2019-06-17T13:28:03","date_gmt":"2019-06-17T10:28:03","guid":{"rendered":"http:\/\/arantv.az\/?p=67116"},"modified":"2019-06-17T13:28:03","modified_gmt":"2019-06-17T10:28:03","slug":"5-n%c9%99f%c9%99r-avtomobild%c9%99-yandi-iranda","status":"publish","type":"post","link":"https:\/\/arantv.az\/?p=67116","title":{"rendered":"5 n\u0259f\u0259r avtomobild\u0259 yand\u0131 &#8211; \u0130randa"},"content":{"rendered":"<blockquote><p><em><strong>\u0130ran\u0131n c\u0259nub-q\u0259rbind\u0259 Fars vilay\u0259tind\u0259 d\u0259h\u015f\u0259tli avtomobil q\u0259zas\u0131 ba\u015f verib.<\/strong><\/em><\/p><\/blockquote>\n<p><strong>ARANTV.AZ<\/strong> trend-\u0259 istinad\u0259n x\u0259b\u0259r verir ki, bunu \u0130ran\u0131n Fars vilay\u0259ti f\u00f6vq\u0259lad\u0259 hallar idar\u0259sinin r\u0259smisi H\u0259s\u0259n Himm\u0259ti deyib.<\/p>\n<p>H.Himm\u0259tinin s\u00f6zl\u0259rin\u0259 g\u00f6r\u0259, Firuzabad-\u015eiraz magistral yolunda 2 avtomobilin &#8220;pikap&#8221;la toqqu\u015fmas\u0131 n\u0259tic\u0259sind\u0259 yan\u011f\u0131n ba\u015f verib v\u0259 5 n\u0259f\u0259r h\u0259lak olub.<\/p>\n<p>O, q\u0259zada yaralanan 3 n\u0259f\u0259rin x\u0259st\u0259xanaya yerl\u0259\u015fdirildiyini bildirib.<\/p>\n<p>Faktla ba\u011fl\u0131 ara\u015fd\u0131rma apar\u0131l\u0131r.<\/p>\n","protected":false},"excerpt":{"rendered":"<p>\u0130ran\u0131n c\u0259nub-q\u0259rbind\u0259 Fars vilay\u0259tind\u0259 d\u0259h\u015f\u0259tli avtomobil q\u0259zas\u0131 ba\u015f verib. ARANTV.AZ trend-\u0259 istinad\u0259n x\u0259b\u0259r verir ki, bunu \u0130ran\u0131n Fars vilay\u0259ti f\u00f6vq\u0259lad\u0259 hallar idar\u0259sinin r\u0259smisi H\u0259s\u0259n Himm\u0259ti deyib. H.Himm\u0259tinin s\u00f6zl\u0259rin\u0259 g\u00f6r\u0259, Firuzabad-\u015eiraz magistral yolunda 2 avtomobilin &#8220;pikap&#8221;la toqqu\u015fmas\u0131 n\u0259tic\u0259sind\u0259 yan\u011f\u0131n ba\u015f verib v\u0259 5 n\u0259f\u0259r h\u0259lak olub. O, q\u0259zada yaralanan 3 n\u0259f\u0259rin x\u0259st\u0259xanaya yerl\u0259\u015fdirildiyini bildirib. Faktla ba\u011fl\u0131 ara\u015fd\u0131rma apar\u0131l\u0131r.<\/p>\n","protected":false},"author":2,"featured_media":67117,"comment_status":"closed","ping_status":"closed","sticky":false,"template":"","format":"standard","meta":{"om_disable_all_campaigns":false,"_monsterinsights_skip_tracking":false,"_monsterinsights_sitenote_active":false,"_monsterinsights_sitenote_note":"","_monsterinsights_sitenote_category":0},"categories":[7],"tags":[],"aioseo_notices":[],"gutentor_comment":0,"rttpg_featured_image_url":{"full":["https:\/\/arantv.az\/wp-content\/uploads\/2019\/06\/763737.jpg",800,600,false],"landscape":["https:\/\/arantv.az\/wp-content\/uploads\/2019\/06\/763737.jpg",800,600,false],"portraits":["https:\/\/arantv.az\/wp-content\/uploads\/2019\/06\/763737.jpg",800,600,false],"thumbnail":["https:\/\/arantv.az\/wp-content\/uploads\/2019\/06\/763737-150x150.jpg",150,150,true],"medium":["https:\/\/arantv.az\/wp-content\/uploads\/2019\/06\/763737-300x225.jpg",300,225,true],"large":["https:\/\/arantv.az\/wp-content\/uploads\/2019\/06\/763737.jpg",640,480,false],"1536x1536":["https:\/\/arantv.az\/wp-content\/uploads\/2019\/06\/763737.jpg",800,600,false],"2048x2048":["https:\/\/arantv.az\/wp-content\/uploads\/2019\/06\/763737.jpg",800,600,false],"post-thumbnail":["https:\/\/arantv.az\/wp-content\/uploads\/2019\/06\/763737-240x172.jpg",240,172,true],"advps-thumb-one":["https:\/\/arantv.az\/wp-content\/uploads\/2019\/06\/763737.jpg",800,600,false]},"rttpg_author":{"display_name":"V\u00fcsal Rafiqo\u011flu","author_link":"https:\/\/arantv.az\/?author=2"},"rttpg_comment":0,"rttpg_category":"<a href=\"https:\/\/arantv.az\/?cat=7\" rel=\"category\">D\u00fcnya<\/a>","rttpg_excerpt":"\u0130ran\u0131n c\u0259nub-q\u0259rbind\u0259 Fars vilay\u0259tind\u0259 d\u0259h\u015f\u0259tli avtomobil q\u0259zas\u0131 ba\u015f verib. ARANTV.AZ trend-\u0259 istinad\u0259n x\u0259b\u0259r verir ki, bunu \u0130ran\u0131n Fars vilay\u0259ti f\u00f6vq\u0259lad\u0259 hallar idar\u0259sinin r\u0259smisi H\u0259s\u0259n Himm\u0259ti deyib. H.Himm\u0259tinin s\u00f6zl\u0259rin\u0259 g\u00f6r\u0259, Firuzabad-\u015eiraz magistral yolunda 2 avtomobilin &#8220;pikap&#8221;la toqqu\u015fmas\u0131 n\u0259tic\u0259sind\u0259 yan\u011f\u0131n ba\u015f verib v\u0259 5 n\u0259f\u0259r h\u0259lak olub. O, q\u0259zada yaralanan 3 n\u0259f\u0259rin x\u0259st\u0259xanaya yerl\u0259\u015fdirildiyini bildirib. Faktla ba\u011fl\u0131&hellip;","_links":{"self":[{"href":"https:\/\/arantv.az\/index.php?rest_route=\/wp\/v2\/posts\/67116"}],"collection":[{"href":"https:\/\/arantv.az\/index.php?rest_route=\/wp\/v2\/posts"}],"about":[{"href":"https:\/\/arantv.az\/index.php?rest_route=\/wp\/v2\/types\/post"}],"author":[{"embeddable":true,"href":"https:\/\/arantv.az\/index.php?rest_route=\/wp\/v2\/users\/2"}],"replies":[{"embeddable":true,"href":"https:\/\/arantv.az\/index.php?rest_route=%2Fwp%2Fv2%2Fcomments&post=67116"}],"version-history":[{"count":0,"href":"https:\/\/arantv.az\/index.php?rest_route=\/wp\/v2\/posts\/67116\/revisions"}],"wp:featuredmedia":[{"embeddable":true,"href":"https:\/\/arantv.az\/index.php?rest_route=\/wp\/v2\/media\/67117"}],"wp:attachment":[{"href":"https:\/\/arantv.az\/index.php?rest_route=%2Fwp%2Fv2%2Fmedia&parent=67116"}],"wp:term":[{"taxonomy":"category","embeddable":true,"href":"https:\/\/arantv.az\/index.php?rest_route=%2Fwp%2Fv2%2Fcategories&post=67116"},{"taxonomy":"post_tag","embeddable":true,"href":"https:\/\/arantv.az\/index.php?rest_route=%2Fwp%2Fv2%2Ftags&post=67116"}],"curies":[{"name":"wp","href":"https:\/\/api.w.org\/{rel}","templated":true}]}}