{"id":67120,"date":"2019-06-17T13:28:32","date_gmt":"2019-06-17T10:28:32","guid":{"rendered":"http:\/\/arantv.az\/?p=67120"},"modified":"2019-06-17T13:28:32","modified_gmt":"2019-06-17T10:28:32","slug":"agstafada-13-il-davam-ed%c9%99n-qan-davasi-atasinin-intiqamini-aldi-sok-detallar","status":"publish","type":"post","link":"https:\/\/arantv.az\/?p=67120","title":{"rendered":"A\u011fstafada 13 il davam ed\u0259n QAN DAVASI &#8211; ATASININ \u0130NT\u0130QAMINI ALDI &#8211; \u015eOK DETALLAR"},"content":{"rendered":"<p>Bu g\u00fcn A\u011fstafada ba\u015f ver\u0259n k\u00fctl\u0259vi q\u0259tlin t\u0259f\u0259rr\u00fcatlar\u0131 m\u0259lum olub.<\/p>\n<p>APA-n\u0131n ara\u015fd\u0131rmas\u0131na g\u00f6r\u0259, hadis\u0259 iki n\u0259sil aras\u0131ndak\u0131 qan davas\u0131ndan qaynaqlan\u0131b.<\/p>\n<p>Bel\u0259 ki, 2006-c\u0131 ild\u0259 t\u0259s\u0259rr\u00fcfat torpaqlar\u0131nda suvarma m\u0259s\u0259l\u0259si il\u0259 \u0259laq\u0259dar Musayevl\u0259r ail\u0259si il\u0259 S\u00fcleymanovlar ail\u0259si aras\u0131nda m\u00fcnaqi\u015f\u0259 yaran\u0131b. Fermer t\u0259s\u0259rr\u00fcfat\u0131 il\u0259 m\u0259\u015f\u011ful olan h\u0259r iki ail\u0259 h\u0259m Sad\u0131ql\u0131 k\u0259ndind\u0259, h\u0259m d\u0259 &#8220;Ceyran\u00e7\u00f6l\u201d adlanan \u0259razid\u0259 qon\u015fu olublar. Ail\u0259l\u0259r aras\u0131nda d\u0259rinl\u0259\u015f\u0259n m\u00fcnaqi\u015f\u0259 2007-ci ild\u0259 2 n\u0259f\u0259rin \u00f6l\u00fcm\u00fc il\u0259 n\u0259tic\u0259l\u0259nib.<\/p>\n<div id=\"AdviadNativeVideo0\" class=\"AdviadNativeVideo\"><\/div>\n<p>Daxili \u0130\u015fl\u0259r Nazirliyinin 2 iyun 2007-ci ild\u0259 bununla ba\u011fl\u0131 yayd\u0131\u011f\u0131 r\u0259smi m\u0259lumatda bildirilib: &#8220;A\u011fstafa rayonunun \u0259razisind\u0259 &#8220;Ceyran\u00e7\u00f6l\u201d adlanan \u0259razid\u0259 fermer t\u0259s\u0259rr\u00fcfat\u0131 il\u0259 m\u0259\u015f\u011ful olanlar &#8211; rayonun Sad\u0131ql\u0131 k\u0259nd sakinl\u0259ri \u015e\u0259middin Musayev, onun qarda\u015flar\u0131 R\u00fcf\u0259t v\u0259 Novruz, qon\u015fular\u0131 Ramiz S\u00fcleymanov, onun qarda\u015f\u0131 Rasim, \u0259misi o\u011flu Taleh, qohumlar\u0131 Eldar Mikay\u0131lov v\u0259 qarda\u015f\u0131 Kamilin aras\u0131nda m\u00fcnaqi\u015f\u0259 ba\u015f verib. Bu zaman R\u00fcf\u0259t ov t\u00fcf\u0259ngind\u0259n at\u0259\u015f a\u00e7araq Rasimi \u00f6ld\u00fcr\u00fcb, Taleh\u0259 v\u0259 Ramiz\u0259 is\u0259 b\u0131\u00e7aqla x\u0259sar\u0259t yetirib. X\u0259sar\u0259tl\u0259 x\u0259st\u0259xanaya yerl\u0259\u015fdiril\u0259n Ramiz orada v\u0259fat edib, Talehin v\u0259ziyy\u0259ti is\u0259 a\u011f\u0131rd\u0131r. A\u011fstafa Rayon Polis \u015e\u00f6b\u0259si \u0259m\u0259kda\u015flar\u0131n\u0131n ke\u00e7irdikl\u0259ri t\u0259dbirl\u0259r n\u0259tic\u0259sind\u0259 \u015e\u0259ms\u0259ddin, Novruz v\u0259 R\u00fcf\u0259t Musayev qarda\u015flar\u0131 tutulub, onlardan bir ov t\u00fcf\u0259ngi v\u0259 1 \u0259d\u0259d b\u0131\u00e7aq g\u00f6t\u00fcr\u00fcl\u00fcb. Faktla ba\u011fl\u0131 cinay\u0259t i\u015fi a\u00e7\u0131l\u0131b, ara\u015fd\u0131rma apar\u0131l\u0131r\u201d.<\/p>\n<p>Bu olaydan 12 il sonra bu g\u00fcn \u2013 iyunun 17-d\u0259 s\u0259h\u0259r saatlar\u0131nda A\u011fstafa rayonunun B\u00f6y\u00fck K\u0259sik k\u0259ndind\u0259 ail\u0259l\u0259r aras\u0131ndak\u0131 m\u00fcnaqi\u015f\u0259 yenid\u0259n faci\u0259 il\u0259 n\u0259tic\u0259l\u0259nib. Bel\u0259 ki, m\u0259rhum Ramiz S\u00fcleymanovun 1994-c\u00fc il t\u0259v\u0259ll\u00fcdl\u00fc o\u011flu Elnur S\u00fcleymanov d\u0259mir yolu stansiyas\u0131 yax\u0131nl\u0131\u011f\u0131nda az m\u00fcdd\u0259t \u0259vv\u0259l h\u0259bsxanadan \u00e7\u0131xan \u015e\u0259middin v\u0259 Novruz Musayev qarda\u015flar\u0131n\u0131 g\u00f6zl\u0259yib. Onlar\u0131 qar\u015f\u0131lama\u011fa g\u0259l\u0259n analar\u0131 \u015e\u0259rqiyy\u0259 Musayeva o\u011flanlar\u0131 il\u0259 birg\u0259 yax\u0131nl\u0131qdak\u0131 bazara girib. Bu zaman Elnur S\u00fcleymanov qisas almaq m\u0259qs\u0259dil\u0259 &#8220;Kala\u015fnikov\u201d markal\u0131 avtomatla Musayevl\u0259ri at\u0259\u015f\u0259 tutub. G\u00fcll\u0259baran zaman\u0131 \u015e\u0259rqiyy\u0259, Novruz v\u0259 \u015e\u0259middin Musayevl\u0259rd\u0259n ba\u015fqa, yax\u0131nl\u0131qda olan A\u011fg\u00f6l k\u0259nd sakini Zeyn\u0259b C\u0259lilova da odlu silah\u0131n h\u0259d\u0259fin\u0259 tu\u015f g\u0259l\u0259r\u0259k \u00f6l\u00fcb. 4 n\u0259f\u0259ri q\u0259tl\u0259 yetir\u0259n E.S\u00fcleymanovun a\u00e7d\u0131\u011f\u0131 g\u00fcll\u0259l\u0259r daha 4 n\u0259f\u0259ri d\u0259 yaralay\u0131b. Bunlar 1964-c\u00fc il t\u0259v\u0259ll\u00fcdl\u00fc \u018fhm\u0259dov Lilpar Baba o\u011flu, 1999-cu il t\u0259v\u0259ll\u00fcdl\u00fc Abdullayev \u0130brahim Rasim o\u011flu, 1951-ci il t\u0259v\u0259ll\u00fcdl\u00fc \u0130sayev N\u00fcsr\u0259t M\u0259h\u0259mm\u0259d o\u011flu v\u0259 1961-ci il t\u0259v\u0259ll\u00fcdl\u00fc H\u0259s\u0259nov R\u0259sul Abbas o\u011fludur.<\/p>\n<p>Sad\u0131ql\u0131 k\u0259ndind\u0259n ald\u0131\u011f\u0131m\u0131z m\u0259lumata g\u00f6r\u0259, hadis\u0259ni t\u00f6r\u0259d\u0259n Elnur S\u00fcleymanov atas\u0131 \u00f6l\u0259nd\u0259n sonra fermer t\u0259s\u0259rr\u00fcfat\u0131n\u0131 daha da geni\u015fl\u0259ndirib. O, sakit t\u0259bi\u0259tli, z\u0259hm\u0259tke\u015f adam kimi xarakteriz\u0259 olunur. Subayd\u0131r. Ail\u0259d\u0259 2 qarda\u015f, 2 bac\u0131d\u0131rlar.<\/p>\n<p>\u00d6l\u0259n qarda\u015flar is\u0259 ail\u0259li olublar. Qarda\u015flardan biri az m\u00fcdd\u0259t \u0259vv\u0259l, \u00f6t\u0259n ilin sonunda h\u0259bsxanadan \u00e7\u0131xandan sonra ail\u0259 qurubmu\u015f. Dig\u0259r qarda\u015flar\u0131 R\u00fcf\u0259t Musayev is\u0259 2007-ci ild\u0259ki q\u0259tl hadis\u0259si il\u0259 ba\u011fl\u0131 h\u0259l\u0259 d\u0259 h\u0259bsxanadad\u0131r.<\/p>\n","protected":false},"excerpt":{"rendered":"<p>Bu g\u00fcn A\u011fstafada ba\u015f ver\u0259n k\u00fctl\u0259vi q\u0259tlin t\u0259f\u0259rr\u00fcatlar\u0131 m\u0259lum olub. APA-n\u0131n ara\u015fd\u0131rmas\u0131na g\u00f6r\u0259, hadis\u0259 iki n\u0259sil aras\u0131ndak\u0131 qan davas\u0131ndan qaynaqlan\u0131b. Bel\u0259 ki, 2006-c\u0131 ild\u0259 t\u0259s\u0259rr\u00fcfat torpaqlar\u0131nda suvarma m\u0259s\u0259l\u0259si il\u0259 \u0259laq\u0259dar Musayevl\u0259r ail\u0259si il\u0259 S\u00fcleymanovlar ail\u0259si aras\u0131nda m\u00fcnaqi\u015f\u0259 yaran\u0131b. Fermer t\u0259s\u0259rr\u00fcfat\u0131 il\u0259 m\u0259\u015f\u011ful olan h\u0259r iki ail\u0259 h\u0259m Sad\u0131ql\u0131 k\u0259ndind\u0259, h\u0259m d\u0259 &#8220;Ceyran\u00e7\u00f6l\u201d adlanan \u0259razid\u0259 qon\u015fu olublar. Ail\u0259l\u0259r aras\u0131nda d\u0259rinl\u0259\u015f\u0259n m\u00fcnaqi\u015f\u0259 2007-ci ild\u0259 2 n\u0259f\u0259rin \u00f6l\u00fcm\u00fc il\u0259 n\u0259tic\u0259l\u0259nib. Daxili \u0130\u015fl\u0259r Nazirliyinin 2 iyun 2007-ci ild\u0259 bununla ba\u011fl\u0131 yayd\u0131\u011f\u0131 r\u0259smi m\u0259lumatda bildirilib: &#8220;A\u011fstafa rayonunun \u0259razisind\u0259 &#8220;Ceyran\u00e7\u00f6l\u201d adlanan \u0259razid\u0259 fermer t\u0259s\u0259rr\u00fcfat\u0131 il\u0259 m\u0259\u015f\u011ful&hellip;<\/p>\n","protected":false},"author":2,"featured_media":67121,"comment_status":"closed","ping_status":"closed","sticky":false,"template":"","format":"standard","meta":{"om_disable_all_campaigns":false,"_monsterinsights_skip_tracking":false,"_monsterinsights_sitenote_active":false,"_monsterinsights_sitenote_note":"","_monsterinsights_sitenote_category":0},"categories":[3],"tags":[],"aioseo_notices":[],"gutentor_comment":0,"rttpg_featured_image_url":{"full":["https:\/\/arantv.az\/wp-content\/uploads\/2019\/06\/Snimok_61560766320.jpg",643,474,false],"landscape":["https:\/\/arantv.az\/wp-content\/uploads\/2019\/06\/Snimok_61560766320.jpg",643,474,false],"portraits":["https:\/\/arantv.az\/wp-content\/uploads\/2019\/06\/Snimok_61560766320.jpg",643,474,false],"thumbnail":["https:\/\/arantv.az\/wp-content\/uploads\/2019\/06\/Snimok_61560766320-150x150.jpg",150,150,true],"medium":["https:\/\/arantv.az\/wp-content\/uploads\/2019\/06\/Snimok_61560766320-300x221.jpg",300,221,true],"large":["https:\/\/arantv.az\/wp-content\/uploads\/2019\/06\/Snimok_61560766320.jpg",640,472,false],"1536x1536":["https:\/\/arantv.az\/wp-content\/uploads\/2019\/06\/Snimok_61560766320.jpg",643,474,false],"2048x2048":["https:\/\/arantv.az\/wp-content\/uploads\/2019\/06\/Snimok_61560766320.jpg",643,474,false],"post-thumbnail":["https:\/\/arantv.az\/wp-content\/uploads\/2019\/06\/Snimok_61560766320-240x172.jpg",240,172,true],"advps-thumb-one":["https:\/\/arantv.az\/wp-content\/uploads\/2019\/06\/Snimok_61560766320.jpg",643,474,false]},"rttpg_author":{"display_name":"V\u00fcsal Rafiqo\u011flu","author_link":"https:\/\/arantv.az\/?author=2"},"rttpg_comment":0,"rttpg_category":"<a href=\"https:\/\/arantv.az\/?cat=3\" rel=\"category\">Kriminal<\/a>","rttpg_excerpt":"Bu g\u00fcn A\u011fstafada ba\u015f ver\u0259n k\u00fctl\u0259vi q\u0259tlin t\u0259f\u0259rr\u00fcatlar\u0131 m\u0259lum olub. APA-n\u0131n ara\u015fd\u0131rmas\u0131na g\u00f6r\u0259, hadis\u0259 iki n\u0259sil aras\u0131ndak\u0131 qan davas\u0131ndan qaynaqlan\u0131b. Bel\u0259 ki, 2006-c\u0131 ild\u0259 t\u0259s\u0259rr\u00fcfat torpaqlar\u0131nda suvarma m\u0259s\u0259l\u0259si il\u0259 \u0259laq\u0259dar Musayevl\u0259r ail\u0259si il\u0259 S\u00fcleymanovlar ail\u0259si aras\u0131nda m\u00fcnaqi\u015f\u0259 yaran\u0131b. Fermer t\u0259s\u0259rr\u00fcfat\u0131 il\u0259 m\u0259\u015f\u011ful olan h\u0259r iki ail\u0259 h\u0259m Sad\u0131ql\u0131 k\u0259ndind\u0259, h\u0259m d\u0259 &#8220;Ceyran\u00e7\u00f6l\u201d adlanan \u0259razid\u0259 qon\u015fu&hellip;","_links":{"self":[{"href":"https:\/\/arantv.az\/index.php?rest_route=\/wp\/v2\/posts\/67120"}],"collection":[{"href":"https:\/\/arantv.az\/index.php?rest_route=\/wp\/v2\/posts"}],"about":[{"href":"https:\/\/arantv.az\/index.php?rest_route=\/wp\/v2\/types\/post"}],"author":[{"embeddable":true,"href":"https:\/\/arantv.az\/index.php?rest_route=\/wp\/v2\/users\/2"}],"replies":[{"embeddable":true,"href":"https:\/\/arantv.az\/index.php?rest_route=%2Fwp%2Fv2%2Fcomments&post=67120"}],"version-history":[{"count":0,"href":"https:\/\/arantv.az\/index.php?rest_route=\/wp\/v2\/posts\/67120\/revisions"}],"wp:featuredmedia":[{"embeddable":true,"href":"https:\/\/arantv.az\/index.php?rest_route=\/wp\/v2\/media\/67121"}],"wp:attachment":[{"href":"https:\/\/arantv.az\/index.php?rest_route=%2Fwp%2Fv2%2Fmedia&parent=67120"}],"wp:term":[{"taxonomy":"category","embeddable":true,"href":"https:\/\/arantv.az\/index.php?rest_route=%2Fwp%2Fv2%2Fcategories&post=67120"},{"taxonomy":"post_tag","embeddable":true,"href":"https:\/\/arantv.az\/index.php?rest_route=%2Fwp%2Fv2%2Ftags&post=67120"}],"curies":[{"name":"wp","href":"https:\/\/api.w.org\/{rel}","templated":true}]}}