{"id":67143,"date":"2019-06-17T13:58:24","date_gmt":"2019-06-17T10:58:24","guid":{"rendered":"http:\/\/arantv.az\/?p=67143"},"modified":"2019-06-17T13:58:24","modified_gmt":"2019-06-17T10:58:24","slug":"19-yasli-qiz-bu-m%c9%99ktubu-yazib-evd%c9%99n-qacdi-foto","status":"publish","type":"post","link":"https:\/\/arantv.az\/?p=67143","title":{"rendered":"19 ya\u015fl\u0131 q\u0131z bu m\u0259ktubu yaz\u0131b evd\u0259n qa\u00e7d\u0131 &#8211; FOTO"},"content":{"rendered":"<p>Az\u0259rbaycanda 19 ya\u015fl\u0131 g\u0259nc q\u0131z m\u0259ktub yaz\u0131b evd\u0259n qa\u00e7\u0131b.<\/p>\n<div id=\"AdviadNativeVideo0\" class=\"AdviadNativeVideo\"><\/div>\n<p><b>ARANTV.AZ\u00a0<\/b> x\u0259b\u0259r verir ki, bunu ATV-d\u0259 yay\u0131mlanan, Zaur Bax\u015f\u0259liyevin apar\u0131c\u0131l\u0131q etdiyi &#8220;Biziml\u0259s\u0259n&#8221; verili\u015fin\u0259 m\u00fcraci\u0259t ed\u0259n ana deyib.<\/p>\n<p>O qeyd edib ki, may\u0131n 28-d\u0259 q\u0131z\u0131m ev\u0259 m\u0259ktub qoyub qa\u00e7\u0131b: &#8220;O, m\u0259ktubunda yazm\u0131\u015fd\u0131 ki, ham\u0131n\u0131z\u0131 \u00e7ox ist\u0259yir\u0259m. \u00d6z\u00fcn\u00fcz\u00fc qoruyun. M\u0259n polis b\u00f6lm\u0259sin\u0259 m\u00fcraci\u0259t etdim. Bir qad\u0131n m\u0259n\u0259 z\u0259ng edib bildirdi ki, q\u0131z\u0131na s\u0259nd\u0259n d\u0259 yax\u015f\u0131 bax\u0131ram. Q\u0131z\u0131m\u0131n 19 ya\u015f\u0131 var. M\u0259n \u00f6vladlar\u0131m\u0131 t\u0259k ba\u015f\u0131na b\u00f6y\u00fcd\u00fcr\u0259m. Q\u0131z\u0131m\u0131n evd\u0259n getm\u0259 s\u0259b\u0259bini bilmir\u0259m. R\u0259fiq\u0259si onu aldad\u0131b evd\u0259n apar\u0131b. O, r\u0259fiq\u0259l\u0259ri il\u0259 \u015f\u0259h\u0259rd\u0259 tez-tez g\u0259zirdi. Q\u0131z\u0131m orta t\u0259hsillidir. Paltarlar\u0131n\u0131 \u00e7emodana y\u0131\u011f\u0131b gedib. \u015e\u0259xsiyy\u0259t v\u0259siq\u0259sini d\u0259 \u00f6z\u00fc il\u0259 apar\u0131b. Evd\u0259n 1500 manata q\u0259d\u0259r pul da g\u00f6t\u00fcr\u00fcl\u00fcb&#8221;.big.az<\/p>\n","protected":false},"excerpt":{"rendered":"<p>Az\u0259rbaycanda 19 ya\u015fl\u0131 g\u0259nc q\u0131z m\u0259ktub yaz\u0131b evd\u0259n qa\u00e7\u0131b. ARANTV.AZ\u00a0 x\u0259b\u0259r verir ki, bunu ATV-d\u0259 yay\u0131mlanan, Zaur Bax\u015f\u0259liyevin apar\u0131c\u0131l\u0131q etdiyi &#8220;Biziml\u0259s\u0259n&#8221; verili\u015fin\u0259 m\u00fcraci\u0259t ed\u0259n ana deyib. O qeyd edib ki, may\u0131n 28-d\u0259 q\u0131z\u0131m ev\u0259 m\u0259ktub qoyub qa\u00e7\u0131b: &#8220;O, m\u0259ktubunda yazm\u0131\u015fd\u0131 ki, ham\u0131n\u0131z\u0131 \u00e7ox ist\u0259yir\u0259m. \u00d6z\u00fcn\u00fcz\u00fc qoruyun. M\u0259n polis b\u00f6lm\u0259sin\u0259 m\u00fcraci\u0259t etdim. Bir qad\u0131n m\u0259n\u0259 z\u0259ng edib bildirdi ki, q\u0131z\u0131na s\u0259nd\u0259n d\u0259 yax\u015f\u0131 bax\u0131ram. Q\u0131z\u0131m\u0131n 19 ya\u015f\u0131 var. M\u0259n \u00f6vladlar\u0131m\u0131 t\u0259k ba\u015f\u0131na b\u00f6y\u00fcd\u00fcr\u0259m. Q\u0131z\u0131m\u0131n evd\u0259n getm\u0259 s\u0259b\u0259bini bilmir\u0259m. R\u0259fiq\u0259si onu aldad\u0131b evd\u0259n apar\u0131b. O, r\u0259fiq\u0259l\u0259ri il\u0259 \u015f\u0259h\u0259rd\u0259 tez-tez g\u0259zirdi. Q\u0131z\u0131m orta&hellip;<\/p>\n","protected":false},"author":2,"featured_media":67144,"comment_status":"closed","ping_status":"closed","sticky":false,"template":"","format":"standard","meta":{"om_disable_all_campaigns":false,"_monsterinsights_skip_tracking":false,"_monsterinsights_sitenote_active":false,"_monsterinsights_sitenote_note":"","_monsterinsights_sitenote_category":0},"categories":[1],"tags":[],"aioseo_notices":[],"gutentor_comment":0,"rttpg_featured_image_url":{"full":["https:\/\/arantv.az\/wp-content\/uploads\/2019\/06\/1_41560766403.png",404,340,false],"landscape":["https:\/\/arantv.az\/wp-content\/uploads\/2019\/06\/1_41560766403.png",404,340,false],"portraits":["https:\/\/arantv.az\/wp-content\/uploads\/2019\/06\/1_41560766403.png",404,340,false],"thumbnail":["https:\/\/arantv.az\/wp-content\/uploads\/2019\/06\/1_41560766403-150x150.png",150,150,true],"medium":["https:\/\/arantv.az\/wp-content\/uploads\/2019\/06\/1_41560766403-300x252.png",300,252,true],"large":["https:\/\/arantv.az\/wp-content\/uploads\/2019\/06\/1_41560766403.png",404,340,false],"1536x1536":["https:\/\/arantv.az\/wp-content\/uploads\/2019\/06\/1_41560766403.png",404,340,false],"2048x2048":["https:\/\/arantv.az\/wp-content\/uploads\/2019\/06\/1_41560766403.png",404,340,false],"post-thumbnail":["https:\/\/arantv.az\/wp-content\/uploads\/2019\/06\/1_41560766403-240x172.png",240,172,true],"advps-thumb-one":["https:\/\/arantv.az\/wp-content\/uploads\/2019\/06\/1_41560766403.png",404,340,false]},"rttpg_author":{"display_name":"V\u00fcsal Rafiqo\u011flu","author_link":"https:\/\/arantv.az\/?author=2"},"rttpg_comment":0,"rttpg_category":"<a href=\"https:\/\/arantv.az\/?cat=1\" rel=\"category\">C\u0259miyy\u0259t<\/a>","rttpg_excerpt":"Az\u0259rbaycanda 19 ya\u015fl\u0131 g\u0259nc q\u0131z m\u0259ktub yaz\u0131b evd\u0259n qa\u00e7\u0131b. ARANTV.AZ\u00a0 x\u0259b\u0259r verir ki, bunu ATV-d\u0259 yay\u0131mlanan, Zaur Bax\u015f\u0259liyevin apar\u0131c\u0131l\u0131q etdiyi &#8220;Biziml\u0259s\u0259n&#8221; verili\u015fin\u0259 m\u00fcraci\u0259t ed\u0259n ana deyib. O qeyd edib ki, may\u0131n 28-d\u0259 q\u0131z\u0131m ev\u0259 m\u0259ktub qoyub qa\u00e7\u0131b: &#8220;O, m\u0259ktubunda yazm\u0131\u015fd\u0131 ki, ham\u0131n\u0131z\u0131 \u00e7ox ist\u0259yir\u0259m. \u00d6z\u00fcn\u00fcz\u00fc qoruyun. M\u0259n polis b\u00f6lm\u0259sin\u0259 m\u00fcraci\u0259t etdim. Bir qad\u0131n m\u0259n\u0259 z\u0259ng&hellip;","_links":{"self":[{"href":"https:\/\/arantv.az\/index.php?rest_route=\/wp\/v2\/posts\/67143"}],"collection":[{"href":"https:\/\/arantv.az\/index.php?rest_route=\/wp\/v2\/posts"}],"about":[{"href":"https:\/\/arantv.az\/index.php?rest_route=\/wp\/v2\/types\/post"}],"author":[{"embeddable":true,"href":"https:\/\/arantv.az\/index.php?rest_route=\/wp\/v2\/users\/2"}],"replies":[{"embeddable":true,"href":"https:\/\/arantv.az\/index.php?rest_route=%2Fwp%2Fv2%2Fcomments&post=67143"}],"version-history":[{"count":0,"href":"https:\/\/arantv.az\/index.php?rest_route=\/wp\/v2\/posts\/67143\/revisions"}],"wp:featuredmedia":[{"embeddable":true,"href":"https:\/\/arantv.az\/index.php?rest_route=\/wp\/v2\/media\/67144"}],"wp:attachment":[{"href":"https:\/\/arantv.az\/index.php?rest_route=%2Fwp%2Fv2%2Fmedia&parent=67143"}],"wp:term":[{"taxonomy":"category","embeddable":true,"href":"https:\/\/arantv.az\/index.php?rest_route=%2Fwp%2Fv2%2Fcategories&post=67143"},{"taxonomy":"post_tag","embeddable":true,"href":"https:\/\/arantv.az\/index.php?rest_route=%2Fwp%2Fv2%2Ftags&post=67143"}],"curies":[{"name":"wp","href":"https:\/\/api.w.org\/{rel}","templated":true}]}}