{"id":67146,"date":"2019-06-17T13:59:43","date_gmt":"2019-06-17T10:59:43","guid":{"rendered":"http:\/\/arantv.az\/?p=67146"},"modified":"2019-06-17T13:59:43","modified_gmt":"2019-06-17T10:59:43","slug":"q%c9%99biristanliqda-yatmisam-%c9%99ri-t%c9%99r%c9%99find%c9%99n-doyul%c9%99n-qadin-efird%c9%99-husunu-itirdi-fotolar","status":"publish","type":"post","link":"https:\/\/arantv.az\/?p=67146","title":{"rendered":"&#8220;Q\u0259biristanl\u0131qda yatm\u0131\u015fam&#8230;&#8221; &#8211; \u018fri t\u0259r\u0259find\u0259n d\u00f6y\u00fcl\u0259n qad\u0131n efird\u0259 hu\u015funu itirdi &#8211; FOTOLAR"},"content":{"rendered":"<p>Az\u0259rbaycanda \u0259ri t\u0259r\u0259find\u0259n d\u00f6y\u00fcl\u0259n qad\u0131n canl\u0131 yay\u0131ma \u00e7\u0131x\u0131b.<\/p>\n<p><b>ARANTV.AZ\u00a0<\/b>\u00a0<a href=\"https:\/\/big.az\/\">Big.az<\/a>-a istinad\u0259n x\u0259b\u0259r verir ki, bunu ATV-d\u0259 yay\u0131mlanan, Zaur Bax\u015f\u0259liyevin apar\u0131c\u0131l\u0131q etdiyi &#8220;Biziml\u0259s\u0259n&#8221; verili\u015fin\u0259 m\u00fcraci\u0259t ed\u0259n Tamara deyib.<\/p>\n<div id=\"AdviadNativeVideo0\" class=\"AdviadNativeVideo\"><\/div>\n<p>O qeyd edib ki, \u0259rim m\u0259ni h\u0259r g\u00fcn d\u00f6y\u00fcb, olmaz\u0131n i\u015fg\u0259nc\u0259l\u0259r verib: &#8220;Ona g\u00f6r\u0259 d\u0259 evd\u0259n qa\u00e7m\u0131\u015fam&#8221;.<\/p>\n<p>Apar\u0131c\u0131 Tamaran\u0131n h\u0259yat yolda\u015f\u0131n\u0131n verili\u015f\u0259 g\u0259lib, onu aparmaq ist\u0259diyini s\u00f6yl\u0259yib.<\/p>\n<p>Tamara h\u0259yat yolda\u015f\u0131 il\u0259 getm\u0259k ist\u0259m\u0259diyini, h\u0259l\u0259lik s\u0131\u011f\u0131nma evind\u0259 qalaca\u011f\u0131n\u0131 s\u00f6yl\u0259yib: &#8220;O, m\u0259ni h\u0259r g\u00fcn d\u00f6y\u00fcb, t\u0259hqir edirdi. Bu g\u00fcn hans\u0131 \u00fczl\u0259 m\u0259ni geri qaytarmaq ist\u0259yir? M\u0259n onunla bar\u0131\u015fmaq ist\u0259mir\u0259m. Onunla 8 il ail\u0259li qald\u0131m. H\u0259yat yolda\u015f\u0131m m\u0259n\u0259 i\u015fg\u0259nc\u0259l\u0259r verdiyin\u0259 g\u00f6r\u0259 ev\u0259 ged\u0259 bilmirdim. Ona g\u00f6r\u0259 d\u0259 q\u0259biristanl\u0131qda, qon\u015fular\u0131n evind\u0259 qalm\u0131\u015fam. O, m\u0259n\u0259 \u00e7ox z\u00fclml\u0259r verib. 8 il \u0259rzind\u0259 d\u0259f\u0259l\u0259rl\u0259 ona i\u00e7kini atmas\u0131n\u0131 s\u00f6yl\u0259mi\u015f\u0259m. O, ail\u0259sini yox, i\u00e7kini se\u00e7di&#8221;.<\/p>\n<p>H\u0259yat yolda\u015f\u0131 efird\u0259 g\u00f6r\u0259n Tamaran\u0131n \u00fcr\u0259yi gedib.<\/p>\n<p>Apar\u0131c\u0131 bildirib ki, Tamaran\u0131n anas\u0131 ondan imtina edib: &#8220;D\u0259h\u015f\u0259tli taley\u0259 bir bax\u0131n. Tamara u\u015faq olan zaman yerl\u0259\u015fdirildiyi s\u0131\u011f\u0131nma evin\u0259 ail\u0259 qurduqdan sonra 2 \u00f6vlad\u0131 il\u0259 birlikd\u0259 yenid\u0259n qay\u0131d\u0131r&#8221;.<\/p>\n<p><img class=\"imgbcode\" src=\"https:\/\/sonxeber.az\/uploads\/23_71560763615.png\" alt=\"&quot;Q\u0259biristanl\u0131qda yatm\u0131\u015fam...&quot; - \u018fri t\u0259r\u0259find\u0259n d\u00f6y\u00fcl\u0259n qad\u0131n efird\u0259 hu\u015funu itirdi - FOTOLAR\" \/><img class=\"imgbcode\" src=\"https:\/\/sonxeber.az\/uploads\/24_31560763615.png\" alt=\"&quot;Q\u0259biristanl\u0131qda yatm\u0131\u015fam...&quot; - \u018fri t\u0259r\u0259find\u0259n d\u00f6y\u00fcl\u0259n qad\u0131n efird\u0259 hu\u015funu itirdi - FOTOLAR\" \/><img class=\"imgbcode\" src=\"https:\/\/sonxeber.az\/uploads\/25.PNG\" alt=\"&quot;Q\u0259biristanl\u0131qda yatm\u0131\u015fam...&quot; - \u018fri t\u0259r\u0259find\u0259n d\u00f6y\u00fcl\u0259n qad\u0131n efird\u0259 hu\u015funu itirdi - FOTOLAR\" \/><img class=\"imgbcode\" src=\"https:\/\/sonxeber.az\/uploads\/26.PNG\" alt=\"&quot;Q\u0259biristanl\u0131qda yatm\u0131\u015fam...&quot; - \u018fri t\u0259r\u0259find\u0259n d\u00f6y\u00fcl\u0259n qad\u0131n efird\u0259 hu\u015funu itirdi - FOTOLAR\" \/><img class=\"imgbcode\" src=\"https:\/\/sonxeber.az\/uploads\/27.PNG\" alt=\"&quot;Q\u0259biristanl\u0131qda yatm\u0131\u015fam...&quot; - \u018fri t\u0259r\u0259find\u0259n d\u00f6y\u00fcl\u0259n qad\u0131n efird\u0259 hu\u015funu itirdi - FOTOLAR\" \/><img class=\"imgbcode\" src=\"https:\/\/sonxeber.az\/uploads\/2_61560762434.png\" alt=\"&quot;Q\u0259biristanl\u0131qda yatm\u0131\u015fam...&quot; - \u018fri t\u0259r\u0259find\u0259n d\u00f6y\u00fcl\u0259n qad\u0131n efird\u0259 hu\u015funu itirdi - FOTOLAR\" \/><\/p>\n","protected":false},"excerpt":{"rendered":"<p>Az\u0259rbaycanda \u0259ri t\u0259r\u0259find\u0259n d\u00f6y\u00fcl\u0259n qad\u0131n canl\u0131 yay\u0131ma \u00e7\u0131x\u0131b. ARANTV.AZ\u00a0\u00a0Big.az-a istinad\u0259n x\u0259b\u0259r verir ki, bunu ATV-d\u0259 yay\u0131mlanan, Zaur Bax\u015f\u0259liyevin apar\u0131c\u0131l\u0131q etdiyi &#8220;Biziml\u0259s\u0259n&#8221; verili\u015fin\u0259 m\u00fcraci\u0259t ed\u0259n Tamara deyib. O qeyd edib ki, \u0259rim m\u0259ni h\u0259r g\u00fcn d\u00f6y\u00fcb, olmaz\u0131n i\u015fg\u0259nc\u0259l\u0259r verib: &#8220;Ona g\u00f6r\u0259 d\u0259 evd\u0259n qa\u00e7m\u0131\u015fam&#8221;. Apar\u0131c\u0131 Tamaran\u0131n h\u0259yat yolda\u015f\u0131n\u0131n verili\u015f\u0259 g\u0259lib, onu aparmaq ist\u0259diyini s\u00f6yl\u0259yib. Tamara h\u0259yat yolda\u015f\u0131 il\u0259 getm\u0259k ist\u0259m\u0259diyini, h\u0259l\u0259lik s\u0131\u011f\u0131nma evind\u0259 qalaca\u011f\u0131n\u0131 s\u00f6yl\u0259yib: &#8220;O, m\u0259ni h\u0259r g\u00fcn d\u00f6y\u00fcb, t\u0259hqir edirdi. Bu g\u00fcn hans\u0131 \u00fczl\u0259 m\u0259ni geri qaytarmaq ist\u0259yir? M\u0259n onunla bar\u0131\u015fmaq ist\u0259mir\u0259m. Onunla 8 il ail\u0259li qald\u0131m. H\u0259yat yolda\u015f\u0131m&hellip;<\/p>\n","protected":false},"author":2,"featured_media":67147,"comment_status":"closed","ping_status":"closed","sticky":false,"template":"","format":"standard","meta":{"om_disable_all_campaigns":false,"_monsterinsights_skip_tracking":false,"_monsterinsights_sitenote_active":false,"_monsterinsights_sitenote_note":"","_monsterinsights_sitenote_category":0},"categories":[1],"tags":[],"aioseo_notices":[],"gutentor_comment":0,"rttpg_featured_image_url":{"full":["https:\/\/arantv.az\/wp-content\/uploads\/2019\/06\/27_91560763655.png",647,317,false],"landscape":["https:\/\/arantv.az\/wp-content\/uploads\/2019\/06\/27_91560763655.png",647,317,false],"portraits":["https:\/\/arantv.az\/wp-content\/uploads\/2019\/06\/27_91560763655.png",647,317,false],"thumbnail":["https:\/\/arantv.az\/wp-content\/uploads\/2019\/06\/27_91560763655-150x150.png",150,150,true],"medium":["https:\/\/arantv.az\/wp-content\/uploads\/2019\/06\/27_91560763655-300x147.png",300,147,true],"large":["https:\/\/arantv.az\/wp-content\/uploads\/2019\/06\/27_91560763655.png",640,314,false],"1536x1536":["https:\/\/arantv.az\/wp-content\/uploads\/2019\/06\/27_91560763655.png",647,317,false],"2048x2048":["https:\/\/arantv.az\/wp-content\/uploads\/2019\/06\/27_91560763655.png",647,317,false],"post-thumbnail":["https:\/\/arantv.az\/wp-content\/uploads\/2019\/06\/27_91560763655-240x172.png",240,172,true],"advps-thumb-one":["https:\/\/arantv.az\/wp-content\/uploads\/2019\/06\/27_91560763655.png",647,317,false]},"rttpg_author":{"display_name":"V\u00fcsal Rafiqo\u011flu","author_link":"https:\/\/arantv.az\/?author=2"},"rttpg_comment":0,"rttpg_category":"<a href=\"https:\/\/arantv.az\/?cat=1\" rel=\"category\">C\u0259miyy\u0259t<\/a>","rttpg_excerpt":"Az\u0259rbaycanda \u0259ri t\u0259r\u0259find\u0259n d\u00f6y\u00fcl\u0259n qad\u0131n canl\u0131 yay\u0131ma \u00e7\u0131x\u0131b. ARANTV.AZ\u00a0\u00a0Big.az-a istinad\u0259n x\u0259b\u0259r verir ki, bunu ATV-d\u0259 yay\u0131mlanan, Zaur Bax\u015f\u0259liyevin apar\u0131c\u0131l\u0131q etdiyi &#8220;Biziml\u0259s\u0259n&#8221; verili\u015fin\u0259 m\u00fcraci\u0259t ed\u0259n Tamara deyib. O qeyd edib ki, \u0259rim m\u0259ni h\u0259r g\u00fcn d\u00f6y\u00fcb, olmaz\u0131n i\u015fg\u0259nc\u0259l\u0259r verib: &#8220;Ona g\u00f6r\u0259 d\u0259 evd\u0259n qa\u00e7m\u0131\u015fam&#8221;. Apar\u0131c\u0131 Tamaran\u0131n h\u0259yat yolda\u015f\u0131n\u0131n verili\u015f\u0259 g\u0259lib, onu aparmaq ist\u0259diyini s\u00f6yl\u0259yib. Tamara h\u0259yat&hellip;","_links":{"self":[{"href":"https:\/\/arantv.az\/index.php?rest_route=\/wp\/v2\/posts\/67146"}],"collection":[{"href":"https:\/\/arantv.az\/index.php?rest_route=\/wp\/v2\/posts"}],"about":[{"href":"https:\/\/arantv.az\/index.php?rest_route=\/wp\/v2\/types\/post"}],"author":[{"embeddable":true,"href":"https:\/\/arantv.az\/index.php?rest_route=\/wp\/v2\/users\/2"}],"replies":[{"embeddable":true,"href":"https:\/\/arantv.az\/index.php?rest_route=%2Fwp%2Fv2%2Fcomments&post=67146"}],"version-history":[{"count":0,"href":"https:\/\/arantv.az\/index.php?rest_route=\/wp\/v2\/posts\/67146\/revisions"}],"wp:featuredmedia":[{"embeddable":true,"href":"https:\/\/arantv.az\/index.php?rest_route=\/wp\/v2\/media\/67147"}],"wp:attachment":[{"href":"https:\/\/arantv.az\/index.php?rest_route=%2Fwp%2Fv2%2Fmedia&parent=67146"}],"wp:term":[{"taxonomy":"category","embeddable":true,"href":"https:\/\/arantv.az\/index.php?rest_route=%2Fwp%2Fv2%2Fcategories&post=67146"},{"taxonomy":"post_tag","embeddable":true,"href":"https:\/\/arantv.az\/index.php?rest_route=%2Fwp%2Fv2%2Ftags&post=67146"}],"curies":[{"name":"wp","href":"https:\/\/api.w.org\/{rel}","templated":true}]}}