{"id":671573,"date":"2023-12-21T11:11:57","date_gmt":"2023-12-21T07:11:57","guid":{"rendered":"https:\/\/arantv.az\/?p=671573"},"modified":"2023-12-21T11:11:57","modified_gmt":"2023-12-21T07:11:57","slug":"v%c9%99kill%c9%99r-kollegiyasi-r%c9%99yas%c9%99t-hey%c9%99tinin-novb%c9%99ti-iclasi-kecirilib-foto-2","status":"publish","type":"post","link":"https:\/\/arantv.az\/?p=671573","title":{"rendered":"V\u0259kill\u0259r Kollegiyas\u0131 R\u0259yas\u0259t Hey\u0259tinin n\u00f6vb\u0259ti iclas\u0131 ke\u00e7irilib &#8211; FOTO"},"content":{"rendered":"<p>Cari ilin dekabr ay\u0131n\u0131n 20-d\u0259 Az\u0259rbaycan Respublikas\u0131n\u0131n V\u0259kill\u0259r Kollegiyas\u0131 (ARVK) R\u0259yas\u0259t Hey\u0259tinin n\u00f6vb\u0259ti iclas\u0131 ke\u00e7irilib.<\/p>\n<p>Bu bar\u0259d\u0259 V\u0259kill\u0259r Kollegiyas\u0131 m\u0259lumat yay\u0131b.<\/p>\n<p>Bildirilib ki, iclasda \u00e7\u0131x\u0131\u015f ed\u0259n Kollegiyan\u0131n s\u0259dri Anar Ba\u011f\u0131rov R\u0259yas\u0259t Hey\u0259tinin cari f\u0259aliyy\u0259ti bar\u0259d\u0259 m\u0259lumat verib.<\/p>\n<p>\u0130clas g\u00fcnd\u0259liyin\u0259 uy\u011fun olaraq, \u201cAz\u0259rbaycan v\u0259kili\u201d jurnal\u0131n\u0131n yeni formatda burax\u0131l\u0131\u015fa verilm\u0259si m\u0259s\u0259l\u0259sin\u0259 bax\u0131l\u0131b v\u0259 m\u00fcsb\u0259t q\u0259rar q\u0259bul edilib. Diqq\u0259t\u0259 \u00e7atd\u0131r\u0131l\u0131b ki, ba\u015f redaktoru ARVK-n\u0131n s\u0259dri Anar Ba\u011f\u0131rov olan elmi-praktiki jurnal \u00e7apa haz\u0131rd\u0131r, redaksiya hey\u0259ti yerli v\u0259 m\u00fcxt\u0259lif \u00f6lk\u0259l\u0259rin g\u00f6rk\u0259mli h\u00fcquq\u015f\u00fcnas aliml\u0259rind\u0259n t\u0259\u015fkil olunub, o c\u00fcml\u0259d\u0259n yeni beyn\u0259lxalq ISSN n\u00f6mr\u0259si al\u0131n\u0131b, eyni zamanda dig\u0259r beyn\u0259lxalq qeydiyyatlar\u0131n al\u0131nmas\u0131 istiqam\u0259tind\u0259 i\u015fl\u0259r gedir.<\/p>\n<p>H\u0259m\u00e7inin iclasda ARVK R\u0259yas\u0259t Hey\u0259ti H\u00fcquqi Yard\u0131m v\u0259 T\u0259dris M\u0259rk\u0259zinin \u018fsasnam\u0259sin\u0259 d\u0259yi\u015fiklikl\u0259rin edilm\u0259si m\u0259s\u0259l\u0259sin\u0259 bax\u0131l\u0131b v\u0259 m\u00fcsb\u0259t q\u0259rar \u00e7\u0131xar\u0131l\u0131b.<\/p>\n<p>Bundan ba\u015fqa, Avropa H\u00fcquq\u015f\u00fcnas T\u0259l\u0259b\u0259l\u0259r Assosiasiyas\u0131n\u0131n (ELSA) Az\u0259rbaycan n\u00fcmay\u0259nd\u0259liyi t\u0259r\u0259find\u0259n t\u0259\u015fkil olunacaq IX \u201cAvropa \u0130nsan H\u00fcquqlar\u0131 M\u0259hk\u0259m\u0259si Simulyasiyas\u0131\u201d layih\u0259sin\u0259 d\u0259st\u0259k g\u00f6st\u0259rilm\u0259si, ulu \u00f6nd\u0259r Heyd\u0259r \u018fliyevin anadan olmas\u0131n\u0131n 100 illiyin\u0259 v\u0259 Prezident\u00a0<strong>\u0130lham \u018fliyevin<\/strong>\u00a0do\u011fum g\u00fcn\u00fcn\u0259 h\u0259sr edil\u0259n t\u0259l\u0259b\u0259l\u0259r aras\u0131nda \u201cD\u0259mir yumruq\u201d h\u00fcquq sah\u0259sind\u0259 intellektual m\u00fcsabiq\u0259nin qalib komandas\u0131n\u0131n t\u0259ltif edilm\u0259si, o c\u00fcml\u0259d\u0259n V\u0259kill\u0259r Kollegiyas\u0131n\u0131n Akademiyas\u0131n\u0131n f\u0259aliyy\u0259ti il\u0259 ba\u011fl\u0131 t\u0259\u015fkilat\u0131 m\u0259s\u0259l\u0259l\u0259r\u0259 bax\u0131laraq, m\u00fcsb\u0259t q\u0259rarlar \u00e7\u0131xar\u0131l\u0131b.<\/p>\n<p>Eyni zamanda m\u00fcxt\u0259lifl\u0259r nominasiyalar \u00fczr\u0259 \u201c\u0130lin v\u0259kili\u201d m\u00fckafat\u0131n\u0131n t\u0259sis edilm\u0259si m\u0259s\u0259l\u0259sin\u0259 bax\u0131l\u0131b. Q\u0259rara al\u0131n\u0131b ki, Kollegiyada h\u0259r il \u201c\u0130lin v\u0259kili\u201d se\u00e7il\u0259c\u0259k. N\u0259z\u0259r\u0259 \u00e7atd\u0131r\u0131l\u0131b ki, bu il d\u00f6vl\u0259t hesab\u0131na h\u00fcquqi yard\u0131m g\u00f6st\u0259r\u0259n v\u0259kill\u0259r s\u0131ras\u0131nda \u0259n \u00e7ox u\u011furlu n\u0259tic\u0259 \u0259ld\u0259 ed\u0259n v\u0259kil \u201c\u0130lin v\u0259kili\u201d ad\u0131na layiq g\u00f6r\u00fcl\u0259c\u0259k. N\u00f6vb\u0259ti ild\u0259n etibar\u0259n is\u0259 h\u0259m d\u00f6vl\u0259t hesab\u0131na, o c\u00fcml\u0259d\u0259n m\u00fclki, kommersiya, inzibati v\u0259 cinay\u0259t i\u015fl\u0259ri \u00fczr\u0259 \u0259n \u00e7ox u\u011furlu n\u0259tic\u0259 qazanan v\u0259kill\u0259r \u00fc\u00e7\u00fcn d\u0259 nominasiyalar t\u0259sis olunacaq.<\/p>\n<p>Daha sonra v\u0259kill\u0259rin dig\u0259r v\u0259kil qurumuna ke\u00e7m\u0259si, b\u0259zi v\u0259kill\u0259rin \u00f6z ist\u0259yi il\u0259 v\u0259killik f\u0259aliyy\u0259tl\u0259rin\u0259 xitam verilm\u0259si v\u0259 dayand\u0131r\u0131lmas\u0131 v\u0259 m\u00fc\u0259yy\u0259n m\u00fcdd\u0259t\u0259 \u00fczvl\u00fck haqq\u0131ndan azad olunmas\u0131 bar\u0259d\u0259 m\u00fcraci\u0259tl\u0259rin\u0259 bax\u0131l\u0131b, m\u00fcvafiq q\u0259rarlar q\u0259bul olunub.<\/p>\n<p>\u0130clas\u0131n davam\u0131nda V\u0259kill\u0259rin \u0130ntizam Komissiyas\u0131n\u0131n r\u0259yl\u0259rin\u0259 bax\u0131l\u0131b v\u0259 R\u0259yas\u0259t Hey\u0259ti t\u0259r\u0259find\u0259n m\u00fcvafiq q\u0259rarlar \u00e7\u0131xar\u0131l\u0131b.<\/p>\n<p>Sonda Kollegiyan\u0131n f\u0259aliyy\u0259ti il\u0259 \u0259laq\u0259dar \u0259h\u0259miyy\u0259t k\u0259sb ed\u0259n sair m\u0259s\u0259l\u0259l\u0259r\u0259 bax\u0131l\u0131b.<\/p>\n<p>&nbsp;<\/p>\n<div class=\"gallery\">\n<div class=\"gallery-i\"><img src=\"https:\/\/cdn.oxu.az\/uploads\/W1siZiIsIjIwMjMvMTIvMjEvMDkvNTcvMzkvMDBjY2FjOWYtY2YxYy00NzZjLWIzZGQtODBjYWM3NjcwM2VjLzJfYzE5Y2QxY2MwNDQ2MmYwNzBlNWU5NWQ3ODJjNDY1Y2QgKDEpLmpwZyJdLFsicCIsImVuY29kZSIsImpwZyIsIi1xdWFsaXR5IDgwIl0sWyJwIiwidGh1bWIiLCI1OTB4NTkwXHUwMDNlIl1d?sha=3559d03b71f91bb9\" alt=\"\" \/><\/div>\n<\/div>\n","protected":false},"excerpt":{"rendered":"<p>Cari ilin dekabr ay\u0131n\u0131n 20-d\u0259 Az\u0259rbaycan Respublikas\u0131n\u0131n V\u0259kill\u0259r Kollegiyas\u0131 (ARVK) R\u0259yas\u0259t Hey\u0259tinin n\u00f6vb\u0259ti iclas\u0131 ke\u00e7irilib. Bu bar\u0259d\u0259 V\u0259kill\u0259r Kollegiyas\u0131 m\u0259lumat yay\u0131b. Bildirilib ki, iclasda \u00e7\u0131x\u0131\u015f ed\u0259n Kollegiyan\u0131n s\u0259dri Anar Ba\u011f\u0131rov R\u0259yas\u0259t Hey\u0259tinin cari f\u0259aliyy\u0259ti bar\u0259d\u0259 m\u0259lumat verib. \u0130clas g\u00fcnd\u0259liyin\u0259 uy\u011fun olaraq, \u201cAz\u0259rbaycan v\u0259kili\u201d jurnal\u0131n\u0131n yeni formatda burax\u0131l\u0131\u015fa verilm\u0259si m\u0259s\u0259l\u0259sin\u0259 bax\u0131l\u0131b v\u0259 m\u00fcsb\u0259t q\u0259rar q\u0259bul edilib. Diqq\u0259t\u0259 \u00e7atd\u0131r\u0131l\u0131b ki, ba\u015f redaktoru ARVK-n\u0131n s\u0259dri Anar Ba\u011f\u0131rov olan elmi-praktiki jurnal \u00e7apa haz\u0131rd\u0131r, redaksiya hey\u0259ti yerli v\u0259 m\u00fcxt\u0259lif \u00f6lk\u0259l\u0259rin g\u00f6rk\u0259mli h\u00fcquq\u015f\u00fcnas aliml\u0259rind\u0259n t\u0259\u015fkil olunub, o c\u00fcml\u0259d\u0259n yeni beyn\u0259lxalq ISSN n\u00f6mr\u0259si al\u0131n\u0131b, eyni zamanda dig\u0259r&hellip;<\/p>\n","protected":false},"author":2,"featured_media":671574,"comment_status":"closed","ping_status":"closed","sticky":false,"template":"","format":"standard","meta":{"om_disable_all_campaigns":false,"_monsterinsights_skip_tracking":false,"_monsterinsights_sitenote_active":false,"_monsterinsights_sitenote_note":"","_monsterinsights_sitenote_category":0},"categories":[1],"tags":[],"aioseo_notices":[],"gutentor_comment":0,"rttpg_featured_image_url":{"full":["https:\/\/arantv.az\/wp-content\/uploads\/2023\/12\/FotoJet-17-9.jpg",620,413,false],"landscape":["https:\/\/arantv.az\/wp-content\/uploads\/2023\/12\/FotoJet-17-9.jpg",620,413,false],"portraits":["https:\/\/arantv.az\/wp-content\/uploads\/2023\/12\/FotoJet-17-9.jpg",620,413,false],"thumbnail":["https:\/\/arantv.az\/wp-content\/uploads\/2023\/12\/FotoJet-17-9-500x280.jpg",500,280,true],"medium":["https:\/\/arantv.az\/wp-content\/uploads\/2023\/12\/FotoJet-17-9-548x365.jpg",548,365,true],"large":["https:\/\/arantv.az\/wp-content\/uploads\/2023\/12\/FotoJet-17-9.jpg",620,413,false],"1536x1536":["https:\/\/arantv.az\/wp-content\/uploads\/2023\/12\/FotoJet-17-9.jpg",620,413,false],"2048x2048":["https:\/\/arantv.az\/wp-content\/uploads\/2023\/12\/FotoJet-17-9.jpg",620,413,false],"post-thumbnail":["https:\/\/arantv.az\/wp-content\/uploads\/2023\/12\/FotoJet-17-9-240x172.jpg",240,172,true],"advps-thumb-one":["https:\/\/arantv.az\/wp-content\/uploads\/2023\/12\/FotoJet-17-9.jpg",620,413,false]},"rttpg_author":{"display_name":"V\u00fcsal Rafiqo\u011flu","author_link":"https:\/\/arantv.az\/?author=2"},"rttpg_comment":0,"rttpg_category":"<a href=\"https:\/\/arantv.az\/?cat=1\" rel=\"category\">C\u0259miyy\u0259t<\/a>","rttpg_excerpt":"Cari ilin dekabr ay\u0131n\u0131n 20-d\u0259 Az\u0259rbaycan Respublikas\u0131n\u0131n V\u0259kill\u0259r Kollegiyas\u0131 (ARVK) R\u0259yas\u0259t Hey\u0259tinin n\u00f6vb\u0259ti iclas\u0131 ke\u00e7irilib. Bu bar\u0259d\u0259 V\u0259kill\u0259r Kollegiyas\u0131 m\u0259lumat yay\u0131b. Bildirilib ki, iclasda \u00e7\u0131x\u0131\u015f ed\u0259n Kollegiyan\u0131n s\u0259dri Anar Ba\u011f\u0131rov R\u0259yas\u0259t Hey\u0259tinin cari f\u0259aliyy\u0259ti bar\u0259d\u0259 m\u0259lumat verib. \u0130clas g\u00fcnd\u0259liyin\u0259 uy\u011fun olaraq, \u201cAz\u0259rbaycan v\u0259kili\u201d jurnal\u0131n\u0131n yeni formatda burax\u0131l\u0131\u015fa verilm\u0259si m\u0259s\u0259l\u0259sin\u0259 bax\u0131l\u0131b v\u0259 m\u00fcsb\u0259t q\u0259rar q\u0259bul edilib.&hellip;","_links":{"self":[{"href":"https:\/\/arantv.az\/index.php?rest_route=\/wp\/v2\/posts\/671573"}],"collection":[{"href":"https:\/\/arantv.az\/index.php?rest_route=\/wp\/v2\/posts"}],"about":[{"href":"https:\/\/arantv.az\/index.php?rest_route=\/wp\/v2\/types\/post"}],"author":[{"embeddable":true,"href":"https:\/\/arantv.az\/index.php?rest_route=\/wp\/v2\/users\/2"}],"replies":[{"embeddable":true,"href":"https:\/\/arantv.az\/index.php?rest_route=%2Fwp%2Fv2%2Fcomments&post=671573"}],"version-history":[{"count":0,"href":"https:\/\/arantv.az\/index.php?rest_route=\/wp\/v2\/posts\/671573\/revisions"}],"wp:featuredmedia":[{"embeddable":true,"href":"https:\/\/arantv.az\/index.php?rest_route=\/wp\/v2\/media\/671574"}],"wp:attachment":[{"href":"https:\/\/arantv.az\/index.php?rest_route=%2Fwp%2Fv2%2Fmedia&parent=671573"}],"wp:term":[{"taxonomy":"category","embeddable":true,"href":"https:\/\/arantv.az\/index.php?rest_route=%2Fwp%2Fv2%2Fcategories&post=671573"},{"taxonomy":"post_tag","embeddable":true,"href":"https:\/\/arantv.az\/index.php?rest_route=%2Fwp%2Fv2%2Ftags&post=671573"}],"curies":[{"name":"wp","href":"https:\/\/api.w.org\/{rel}","templated":true}]}}