{"id":671577,"date":"2023-12-21T11:36:42","date_gmt":"2023-12-21T07:36:42","guid":{"rendered":"https:\/\/arantv.az\/?p=671577"},"modified":"2023-12-21T11:36:42","modified_gmt":"2023-12-21T07:36:42","slug":"turkiy%c9%99li-nazir-is-adamlarimiz-indiy%c9%99-q%c9%99d%c9%99r-az%c9%99rbaycanda-5-700-sirk%c9%99t-yaradib","status":"publish","type":"post","link":"https:\/\/arantv.az\/?p=671577","title":{"rendered":"T\u00fcrkiy\u0259li nazir: \u201c\u0130\u015f adamlar\u0131m\u0131z indiy\u0259 q\u0259d\u0259r Az\u0259rbaycanda 5 700 \u015firk\u0259t yarad\u0131b\u201d"},"content":{"rendered":"<p>\u201c\u0130ndiy\u0259 q\u0259d\u0259r t\u00fcrkiy\u0259\u0259silli i\u015f adamlar\u0131 Az\u0259rbaycanda t\u0259xmin\u0259n 5 700, az\u0259rbaycan\u0259silli i\u015f adamlar\u0131 is\u0259 T\u00fcrkiy\u0259d\u0259 2800 \u015firk\u0259t yarad\u0131blar\u201d.<\/p>\n<p>\u201cReport\u201d x\u0259b\u0259r verir ki, bunu T\u00fcrkiy\u0259nin ticar\u0259t naziri \u00d6m\u0259r Bolat Bak\u0131da ke\u00e7iril\u0259n, \u00fcmummilli lider Heyd\u0259r \u018fliyevin v\u0259 T\u00fcrkiy\u0259 C\u00fcmhuriyy\u0259tinin 100 illiyin\u0259 h\u0259sr edilmi\u015f Az\u0259rbaycan-T\u00fcrkiy\u0259 \u0130nvestisiya Forumunda bildirib.<\/p>\n<p>\u201c\u00d6lk\u0259mizd\u0259ki Az\u0259rbaycan \u015firk\u0259tl\u0259ri emal, in\u015faat, t\u0259hsil, da\u015f\u0131nmaz \u0259mlak, s\u0259hiyy\u0259, topdan v\u0259 p\u0259rak\u0259nd\u0259 ticar\u0259t, logistika v\u0259 m\u0259d\u0259n\u00e7ilik kimi \u00e7ox \u00e7e\u015fidli sah\u0259l\u0259rd\u0259 f\u0259aliyy\u0259t g\u00f6st\u0259rir\u201d, &#8211; dey\u0259 o qeyd edib.<\/p>\n<p>Bundan ba\u015fqa, nazir deyib ki, 2021-ci ild\u0259 Az\u0259rbaycandan T\u00fcrkiy\u0259y\u0259 470 618, 2022-ci ild\u0259 683 834 turist g\u0259lib:<\/p>\n<p>\u201c2023-c\u00fc ilin 10 ay\u0131na is\u0259 bu r\u0259q\u0259m 717 265 olub\u201d.<\/p>\n","protected":false},"excerpt":{"rendered":"<p>\u201c\u0130ndiy\u0259 q\u0259d\u0259r t\u00fcrkiy\u0259\u0259silli i\u015f adamlar\u0131 Az\u0259rbaycanda t\u0259xmin\u0259n 5 700, az\u0259rbaycan\u0259silli i\u015f adamlar\u0131 is\u0259 T\u00fcrkiy\u0259d\u0259 2800 \u015firk\u0259t yarad\u0131blar\u201d. \u201cReport\u201d x\u0259b\u0259r verir ki, bunu T\u00fcrkiy\u0259nin ticar\u0259t naziri \u00d6m\u0259r Bolat Bak\u0131da ke\u00e7iril\u0259n, \u00fcmummilli lider Heyd\u0259r \u018fliyevin v\u0259 T\u00fcrkiy\u0259 C\u00fcmhuriyy\u0259tinin 100 illiyin\u0259 h\u0259sr edilmi\u015f Az\u0259rbaycan-T\u00fcrkiy\u0259 \u0130nvestisiya Forumunda bildirib. \u201c\u00d6lk\u0259mizd\u0259ki Az\u0259rbaycan \u015firk\u0259tl\u0259ri emal, in\u015faat, t\u0259hsil, da\u015f\u0131nmaz \u0259mlak, s\u0259hiyy\u0259, topdan v\u0259 p\u0259rak\u0259nd\u0259 ticar\u0259t, logistika v\u0259 m\u0259d\u0259n\u00e7ilik kimi \u00e7ox \u00e7e\u015fidli sah\u0259l\u0259rd\u0259 f\u0259aliyy\u0259t g\u00f6st\u0259rir\u201d, &#8211; dey\u0259 o qeyd edib. Bundan ba\u015fqa, nazir deyib ki, 2021-ci ild\u0259 Az\u0259rbaycandan T\u00fcrkiy\u0259y\u0259 470 618, 2022-ci ild\u0259 683 834 turist g\u0259lib: \u201c2023-c\u00fc ilin&hellip;<\/p>\n","protected":false},"author":2,"featured_media":671578,"comment_status":"closed","ping_status":"closed","sticky":false,"template":"","format":"standard","meta":{"om_disable_all_campaigns":false,"_monsterinsights_skip_tracking":false,"_monsterinsights_sitenote_active":false,"_monsterinsights_sitenote_note":"","_monsterinsights_sitenote_category":0},"categories":[19],"tags":[],"aioseo_notices":[],"gutentor_comment":0,"rttpg_featured_image_url":{"full":["https:\/\/arantv.az\/wp-content\/uploads\/2023\/12\/201bbfe4-9c4c-3ec7-aaac-0a95147f8408_850.jpg",620,413,false],"landscape":["https:\/\/arantv.az\/wp-content\/uploads\/2023\/12\/201bbfe4-9c4c-3ec7-aaac-0a95147f8408_850.jpg",620,413,false],"portraits":["https:\/\/arantv.az\/wp-content\/uploads\/2023\/12\/201bbfe4-9c4c-3ec7-aaac-0a95147f8408_850.jpg",620,413,false],"thumbnail":["https:\/\/arantv.az\/wp-content\/uploads\/2023\/12\/201bbfe4-9c4c-3ec7-aaac-0a95147f8408_850-500x280.jpg",500,280,true],"medium":["https:\/\/arantv.az\/wp-content\/uploads\/2023\/12\/201bbfe4-9c4c-3ec7-aaac-0a95147f8408_850-548x365.jpg",548,365,true],"large":["https:\/\/arantv.az\/wp-content\/uploads\/2023\/12\/201bbfe4-9c4c-3ec7-aaac-0a95147f8408_850.jpg",620,413,false],"1536x1536":["https:\/\/arantv.az\/wp-content\/uploads\/2023\/12\/201bbfe4-9c4c-3ec7-aaac-0a95147f8408_850.jpg",620,413,false],"2048x2048":["https:\/\/arantv.az\/wp-content\/uploads\/2023\/12\/201bbfe4-9c4c-3ec7-aaac-0a95147f8408_850.jpg",620,413,false],"post-thumbnail":["https:\/\/arantv.az\/wp-content\/uploads\/2023\/12\/201bbfe4-9c4c-3ec7-aaac-0a95147f8408_850-240x172.jpg",240,172,true],"advps-thumb-one":["https:\/\/arantv.az\/wp-content\/uploads\/2023\/12\/201bbfe4-9c4c-3ec7-aaac-0a95147f8408_850.jpg",620,413,false]},"rttpg_author":{"display_name":"V\u00fcsal Rafiqo\u011flu","author_link":"https:\/\/arantv.az\/?author=2"},"rttpg_comment":0,"rttpg_category":"<a href=\"https:\/\/arantv.az\/?cat=19\" rel=\"category\">G\u00fcnd\u0259m<\/a>","rttpg_excerpt":"\u201c\u0130ndiy\u0259 q\u0259d\u0259r t\u00fcrkiy\u0259\u0259silli i\u015f adamlar\u0131 Az\u0259rbaycanda t\u0259xmin\u0259n 5 700, az\u0259rbaycan\u0259silli i\u015f adamlar\u0131 is\u0259 T\u00fcrkiy\u0259d\u0259 2800 \u015firk\u0259t yarad\u0131blar\u201d. \u201cReport\u201d x\u0259b\u0259r verir ki, bunu T\u00fcrkiy\u0259nin ticar\u0259t naziri \u00d6m\u0259r Bolat Bak\u0131da ke\u00e7iril\u0259n, \u00fcmummilli lider Heyd\u0259r \u018fliyevin v\u0259 T\u00fcrkiy\u0259 C\u00fcmhuriyy\u0259tinin 100 illiyin\u0259 h\u0259sr edilmi\u015f Az\u0259rbaycan-T\u00fcrkiy\u0259 \u0130nvestisiya Forumunda bildirib. \u201c\u00d6lk\u0259mizd\u0259ki Az\u0259rbaycan \u015firk\u0259tl\u0259ri emal, in\u015faat, t\u0259hsil, da\u015f\u0131nmaz \u0259mlak, s\u0259hiyy\u0259, topdan v\u0259&hellip;","_links":{"self":[{"href":"https:\/\/arantv.az\/index.php?rest_route=\/wp\/v2\/posts\/671577"}],"collection":[{"href":"https:\/\/arantv.az\/index.php?rest_route=\/wp\/v2\/posts"}],"about":[{"href":"https:\/\/arantv.az\/index.php?rest_route=\/wp\/v2\/types\/post"}],"author":[{"embeddable":true,"href":"https:\/\/arantv.az\/index.php?rest_route=\/wp\/v2\/users\/2"}],"replies":[{"embeddable":true,"href":"https:\/\/arantv.az\/index.php?rest_route=%2Fwp%2Fv2%2Fcomments&post=671577"}],"version-history":[{"count":0,"href":"https:\/\/arantv.az\/index.php?rest_route=\/wp\/v2\/posts\/671577\/revisions"}],"wp:featuredmedia":[{"embeddable":true,"href":"https:\/\/arantv.az\/index.php?rest_route=\/wp\/v2\/media\/671578"}],"wp:attachment":[{"href":"https:\/\/arantv.az\/index.php?rest_route=%2Fwp%2Fv2%2Fmedia&parent=671577"}],"wp:term":[{"taxonomy":"category","embeddable":true,"href":"https:\/\/arantv.az\/index.php?rest_route=%2Fwp%2Fv2%2Fcategories&post=671577"},{"taxonomy":"post_tag","embeddable":true,"href":"https:\/\/arantv.az\/index.php?rest_route=%2Fwp%2Fv2%2Ftags&post=671577"}],"curies":[{"name":"wp","href":"https:\/\/api.w.org\/{rel}","templated":true}]}}