{"id":67158,"date":"2019-06-17T14:49:30","date_gmt":"2019-06-17T11:49:30","guid":{"rendered":"http:\/\/arantv.az\/?p=67158"},"modified":"2019-06-17T14:49:30","modified_gmt":"2019-06-17T11:49:30","slug":"baki-sumqayit-yolunda-agir-q%c9%99za-ol%c9%99n-var-fotolar","status":"publish","type":"post","link":"https:\/\/arantv.az\/?p=67158","title":{"rendered":"Bak\u0131-Sumqay\u0131t yolunda a\u011f\u0131r q\u0259za &#8211; \u00d6l\u0259n var &#8211; Fotolar"},"content":{"rendered":"<p>Bak\u0131-Sumqay\u0131t yolunda, yolun Saray q\u0259s\u0259b\u0259sin\u0259 \u00e7\u0259kilmi\u015f hiss\u0259sind\u0259 a\u011f\u0131r yol-n\u0259qliyyat hadis\u0259si ba\u015f verib.<\/p>\n<p><b>ARANTV.AZ\u00a0<\/b>qafqazinfo-ya istinad\u0259n x\u0259b\u0259r verir ki, \u201cMercedes\u201d markal\u0131 avtomobilin s\u00fcr\u00fcc\u00fcs\u00fc hadis\u0259 yerind\u0259 ke\u00e7inib.<\/p>\n<p>\u00d6l\u0259n \u015f\u0259xsin kimliyi d\u0259qiql\u0259\u015fdirilir. Q\u0259zan\u0131n ba\u015f verm\u0259 s\u0259b\u0259bl\u0259ri ara\u015fd\u0131r\u0131l\u0131r.<\/p>\n<p><img class=\"imgbcodecent\" src=\"https:\/\/upload.az\/foto\/arxiv\/p1.gif\" alt=\"Bak\u0131-Sumqay\u0131t yolunda a\u011f\u0131r q\u0259za - \u00d6l\u0259n var - Fotolar\" \/><\/p>\n<div id=\"AdviadNativeVideo0\" class=\"AdviadNativeVideo\"><\/div>\n<p><img class=\"imgbcodecent\" src=\"https:\/\/upload.az\/foto\/arxiv\/p2.gif\" alt=\"Bak\u0131-Sumqay\u0131t yolunda a\u011f\u0131r q\u0259za - \u00d6l\u0259n var - Fotolar\" \/><\/p>\n<p><img class=\"imgbcodecent\" src=\"https:\/\/upload.az\/foto\/arxiv\/p3.gif\" alt=\"Bak\u0131-Sumqay\u0131t yolunda a\u011f\u0131r q\u0259za - \u00d6l\u0259n var - Fotolar\" \/><\/p>\n<p><img class=\"imgbcodecent\" src=\"https:\/\/upload.az\/foto\/arxiv\/p5.gif\" alt=\"Bak\u0131-Sumqay\u0131t yolunda a\u011f\u0131r q\u0259za - \u00d6l\u0259n var - Fotolar\" \/><\/p>\n<p><img class=\"imgbcodecent\" src=\"https:\/\/upload.az\/foto\/arxiv\/p6.gif\" alt=\"Bak\u0131-Sumqay\u0131t yolunda a\u011f\u0131r q\u0259za - \u00d6l\u0259n var - Fotolar\" \/><\/p>\n<p><img class=\"imgbcodecent\" src=\"https:\/\/upload.az\/foto\/arxiv\/q4_31560771781.jpg\" alt=\"Bak\u0131-Sumqay\u0131t yolunda a\u011f\u0131r q\u0259za - \u00d6l\u0259n var - Fotolar\" \/><\/p>\n","protected":false},"excerpt":{"rendered":"<p>Bak\u0131-Sumqay\u0131t yolunda, yolun Saray q\u0259s\u0259b\u0259sin\u0259 \u00e7\u0259kilmi\u015f hiss\u0259sind\u0259 a\u011f\u0131r yol-n\u0259qliyyat hadis\u0259si ba\u015f verib. ARANTV.AZ\u00a0qafqazinfo-ya istinad\u0259n x\u0259b\u0259r verir ki, \u201cMercedes\u201d markal\u0131 avtomobilin s\u00fcr\u00fcc\u00fcs\u00fc hadis\u0259 yerind\u0259 ke\u00e7inib. \u00d6l\u0259n \u015f\u0259xsin kimliyi d\u0259qiql\u0259\u015fdirilir. Q\u0259zan\u0131n ba\u015f verm\u0259 s\u0259b\u0259bl\u0259ri ara\u015fd\u0131r\u0131l\u0131r.<\/p>\n","protected":false},"author":2,"featured_media":67159,"comment_status":"closed","ping_status":"closed","sticky":false,"template":"","format":"standard","meta":{"om_disable_all_campaigns":false,"_monsterinsights_skip_tracking":false,"_monsterinsights_sitenote_active":false,"_monsterinsights_sitenote_note":"","_monsterinsights_sitenote_category":0},"categories":[5],"tags":[],"aioseo_notices":[],"gutentor_comment":0,"rttpg_featured_image_url":{"full":["https:\/\/arantv.az\/wp-content\/uploads\/2019\/06\/q4_11560771731.jpg",649,487,false],"landscape":["https:\/\/arantv.az\/wp-content\/uploads\/2019\/06\/q4_11560771731.jpg",649,487,false],"portraits":["https:\/\/arantv.az\/wp-content\/uploads\/2019\/06\/q4_11560771731.jpg",649,487,false],"thumbnail":["https:\/\/arantv.az\/wp-content\/uploads\/2019\/06\/q4_11560771731-150x150.jpg",150,150,true],"medium":["https:\/\/arantv.az\/wp-content\/uploads\/2019\/06\/q4_11560771731-300x225.jpg",300,225,true],"large":["https:\/\/arantv.az\/wp-content\/uploads\/2019\/06\/q4_11560771731.jpg",640,480,false],"1536x1536":["https:\/\/arantv.az\/wp-content\/uploads\/2019\/06\/q4_11560771731.jpg",649,487,false],"2048x2048":["https:\/\/arantv.az\/wp-content\/uploads\/2019\/06\/q4_11560771731.jpg",649,487,false],"post-thumbnail":["https:\/\/arantv.az\/wp-content\/uploads\/2019\/06\/q4_11560771731-240x172.jpg",240,172,true],"advps-thumb-one":["https:\/\/arantv.az\/wp-content\/uploads\/2019\/06\/q4_11560771731.jpg",649,487,false]},"rttpg_author":{"display_name":"V\u00fcsal Rafiqo\u011flu","author_link":"https:\/\/arantv.az\/?author=2"},"rttpg_comment":0,"rttpg_category":"<a href=\"https:\/\/arantv.az\/?cat=5\" rel=\"category\">Hadis\u0259<\/a>","rttpg_excerpt":"Bak\u0131-Sumqay\u0131t yolunda, yolun Saray q\u0259s\u0259b\u0259sin\u0259 \u00e7\u0259kilmi\u015f hiss\u0259sind\u0259 a\u011f\u0131r yol-n\u0259qliyyat hadis\u0259si ba\u015f verib. ARANTV.AZ\u00a0qafqazinfo-ya istinad\u0259n x\u0259b\u0259r verir ki, \u201cMercedes\u201d markal\u0131 avtomobilin s\u00fcr\u00fcc\u00fcs\u00fc hadis\u0259 yerind\u0259 ke\u00e7inib. \u00d6l\u0259n \u015f\u0259xsin kimliyi d\u0259qiql\u0259\u015fdirilir. Q\u0259zan\u0131n ba\u015f verm\u0259 s\u0259b\u0259bl\u0259ri ara\u015fd\u0131r\u0131l\u0131r.","_links":{"self":[{"href":"https:\/\/arantv.az\/index.php?rest_route=\/wp\/v2\/posts\/67158"}],"collection":[{"href":"https:\/\/arantv.az\/index.php?rest_route=\/wp\/v2\/posts"}],"about":[{"href":"https:\/\/arantv.az\/index.php?rest_route=\/wp\/v2\/types\/post"}],"author":[{"embeddable":true,"href":"https:\/\/arantv.az\/index.php?rest_route=\/wp\/v2\/users\/2"}],"replies":[{"embeddable":true,"href":"https:\/\/arantv.az\/index.php?rest_route=%2Fwp%2Fv2%2Fcomments&post=67158"}],"version-history":[{"count":0,"href":"https:\/\/arantv.az\/index.php?rest_route=\/wp\/v2\/posts\/67158\/revisions"}],"wp:featuredmedia":[{"embeddable":true,"href":"https:\/\/arantv.az\/index.php?rest_route=\/wp\/v2\/media\/67159"}],"wp:attachment":[{"href":"https:\/\/arantv.az\/index.php?rest_route=%2Fwp%2Fv2%2Fmedia&parent=67158"}],"wp:term":[{"taxonomy":"category","embeddable":true,"href":"https:\/\/arantv.az\/index.php?rest_route=%2Fwp%2Fv2%2Fcategories&post=67158"},{"taxonomy":"post_tag","embeddable":true,"href":"https:\/\/arantv.az\/index.php?rest_route=%2Fwp%2Fv2%2Ftags&post=67158"}],"curies":[{"name":"wp","href":"https:\/\/api.w.org\/{rel}","templated":true}]}}