{"id":671583,"date":"2023-12-21T11:38:38","date_gmt":"2023-12-21T07:38:38","guid":{"rendered":"https:\/\/arantv.az\/?p=671583"},"modified":"2023-12-21T11:38:38","modified_gmt":"2023-12-21T07:38:38","slug":"turkiy%c9%99-r%c9%99smisi-son-20-ild%c9%99-regionda-%c9%99n-sur%c9%99tl%c9%99-inkisaf-etmis-olk%c9%99-az%c9%99rbaycan-olub","status":"publish","type":"post","link":"https:\/\/arantv.az\/?p=671583","title":{"rendered":"T\u00fcrkiy\u0259 r\u0259smisi: \u201cSon 20 ild\u0259 regionda \u0259n s\u00fcr\u0259tl\u0259 inki\u015faf etmi\u015f \u00f6lk\u0259 Az\u0259rbaycan olub\u201d"},"content":{"rendered":"<p>\u201cSon 20 ild\u0259 regionda \u0259n s\u00fcr\u0259tl\u0259 inki\u015faf etmi\u015f \u00f6lk\u0259 Az\u0259rbaycan olub\u201d.<\/p>\n<p>\u201cReport\u201d x\u0259b\u0259r verir ki, bunu T\u00fcrkiy\u0259 Prezidentinin Maliyy\u0259 \u0130dar\u0259sinin r\u0259isi G\u00f6ksal A\u015fan Bak\u0131da ke\u00e7iril\u0259n, \u00fcmummilli lider Heyd\u0259r \u018fliyevin v\u0259 T\u00fcrkiy\u0259 C\u00fcmhuriyy\u0259tinin 100 illiyin\u0259 h\u0259sr edilmi\u015f Az\u0259rbaycan-T\u00fcrkiy\u0259 \u0130nvestisiya Forumunda bildirib.<\/p>\n<p>Onun s\u00f6zl\u0259rin\u0259 g\u00f6r\u0259, bu inki\u015faf \u00f6lk\u0259 \u0259razisinin 20%-nin i\u015f\u011fal alt\u0131nda olmas\u0131 \u015f\u0259raitind\u0259 qeyd\u0259 al\u0131n\u0131b.<\/p>\n<p>\u201cTorpaqlar\u0131n azad edilm\u0259si il\u0259 inki\u015faf\u0131n s\u0259viyy\u0259sini t\u0259s\u0259vv\u00fcr etm\u0259k \u00e7\u0259tin deyil\u201d, &#8211; dey\u0259 T\u00fcrkiy\u0259 r\u0259smisi \u0259lav\u0259 edib.<\/p>\n<p>O qeyd edib ki, son ill\u0259r b\u00fct\u00fcn d\u00fcnyada iqtisadi \u00e7\u0259tinlikl\u0259r ya\u015fan\u0131r:<\/p>\n<p>\u201cGed\u0259n prosesl\u0259r g\u00f6st\u0259rir ki, \u0259g\u0259r g\u00fccl\u00fc olmasan\u0131z, ayaqda qalma\u011f\u0131n\u0131z m\u00fcmk\u00fcn deyil. B\u00fct\u00fcn d\u00fcnyada birl\u0259\u015fm\u0259 gedir. Lakin bizim \u00fc\u00e7\u00fcn bu torpaqlarda qalma\u011f\u0131m\u0131z\u0131 t\u0259min ed\u0259c\u0259k birlik t\u00fcrk d\u00fcnyas\u0131 birliyidir\u201d.<\/p>\n","protected":false},"excerpt":{"rendered":"<p>\u201cSon 20 ild\u0259 regionda \u0259n s\u00fcr\u0259tl\u0259 inki\u015faf etmi\u015f \u00f6lk\u0259 Az\u0259rbaycan olub\u201d. \u201cReport\u201d x\u0259b\u0259r verir ki, bunu T\u00fcrkiy\u0259 Prezidentinin Maliyy\u0259 \u0130dar\u0259sinin r\u0259isi G\u00f6ksal A\u015fan Bak\u0131da ke\u00e7iril\u0259n, \u00fcmummilli lider Heyd\u0259r \u018fliyevin v\u0259 T\u00fcrkiy\u0259 C\u00fcmhuriyy\u0259tinin 100 illiyin\u0259 h\u0259sr edilmi\u015f Az\u0259rbaycan-T\u00fcrkiy\u0259 \u0130nvestisiya Forumunda bildirib. Onun s\u00f6zl\u0259rin\u0259 g\u00f6r\u0259, bu inki\u015faf \u00f6lk\u0259 \u0259razisinin 20%-nin i\u015f\u011fal alt\u0131nda olmas\u0131 \u015f\u0259raitind\u0259 qeyd\u0259 al\u0131n\u0131b. \u201cTorpaqlar\u0131n azad edilm\u0259si il\u0259 inki\u015faf\u0131n s\u0259viyy\u0259sini t\u0259s\u0259vv\u00fcr etm\u0259k \u00e7\u0259tin deyil\u201d, &#8211; dey\u0259 T\u00fcrkiy\u0259 r\u0259smisi \u0259lav\u0259 edib. O qeyd edib ki, son ill\u0259r b\u00fct\u00fcn d\u00fcnyada iqtisadi \u00e7\u0259tinlikl\u0259r ya\u015fan\u0131r: \u201cGed\u0259n prosesl\u0259r g\u00f6st\u0259rir ki, \u0259g\u0259r g\u00fccl\u00fc olmasan\u0131z, ayaqda qalma\u011f\u0131n\u0131z&hellip;<\/p>\n","protected":false},"author":2,"featured_media":671585,"comment_status":"closed","ping_status":"closed","sticky":false,"template":"","format":"standard","meta":{"om_disable_all_campaigns":false,"_monsterinsights_skip_tracking":false,"_monsterinsights_sitenote_active":false,"_monsterinsights_sitenote_note":"","_monsterinsights_sitenote_category":0},"categories":[19],"tags":[],"aioseo_notices":[],"gutentor_comment":0,"rttpg_featured_image_url":{"full":["https:\/\/arantv.az\/wp-content\/uploads\/2023\/12\/0dddb282-3048-3974-8d74-5fc8a50862a2_850.jpg",620,413,false],"landscape":["https:\/\/arantv.az\/wp-content\/uploads\/2023\/12\/0dddb282-3048-3974-8d74-5fc8a50862a2_850.jpg",620,413,false],"portraits":["https:\/\/arantv.az\/wp-content\/uploads\/2023\/12\/0dddb282-3048-3974-8d74-5fc8a50862a2_850.jpg",620,413,false],"thumbnail":["https:\/\/arantv.az\/wp-content\/uploads\/2023\/12\/0dddb282-3048-3974-8d74-5fc8a50862a2_850-500x280.jpg",500,280,true],"medium":["https:\/\/arantv.az\/wp-content\/uploads\/2023\/12\/0dddb282-3048-3974-8d74-5fc8a50862a2_850-548x365.jpg",548,365,true],"large":["https:\/\/arantv.az\/wp-content\/uploads\/2023\/12\/0dddb282-3048-3974-8d74-5fc8a50862a2_850.jpg",620,413,false],"1536x1536":["https:\/\/arantv.az\/wp-content\/uploads\/2023\/12\/0dddb282-3048-3974-8d74-5fc8a50862a2_850.jpg",620,413,false],"2048x2048":["https:\/\/arantv.az\/wp-content\/uploads\/2023\/12\/0dddb282-3048-3974-8d74-5fc8a50862a2_850.jpg",620,413,false],"post-thumbnail":["https:\/\/arantv.az\/wp-content\/uploads\/2023\/12\/0dddb282-3048-3974-8d74-5fc8a50862a2_850-240x172.jpg",240,172,true],"advps-thumb-one":["https:\/\/arantv.az\/wp-content\/uploads\/2023\/12\/0dddb282-3048-3974-8d74-5fc8a50862a2_850.jpg",620,413,false]},"rttpg_author":{"display_name":"V\u00fcsal Rafiqo\u011flu","author_link":"https:\/\/arantv.az\/?author=2"},"rttpg_comment":0,"rttpg_category":"<a href=\"https:\/\/arantv.az\/?cat=19\" rel=\"category\">G\u00fcnd\u0259m<\/a>","rttpg_excerpt":"\u201cSon 20 ild\u0259 regionda \u0259n s\u00fcr\u0259tl\u0259 inki\u015faf etmi\u015f \u00f6lk\u0259 Az\u0259rbaycan olub\u201d. \u201cReport\u201d x\u0259b\u0259r verir ki, bunu T\u00fcrkiy\u0259 Prezidentinin Maliyy\u0259 \u0130dar\u0259sinin r\u0259isi G\u00f6ksal A\u015fan Bak\u0131da ke\u00e7iril\u0259n, \u00fcmummilli lider Heyd\u0259r \u018fliyevin v\u0259 T\u00fcrkiy\u0259 C\u00fcmhuriyy\u0259tinin 100 illiyin\u0259 h\u0259sr edilmi\u015f Az\u0259rbaycan-T\u00fcrkiy\u0259 \u0130nvestisiya Forumunda bildirib. Onun s\u00f6zl\u0259rin\u0259 g\u00f6r\u0259, bu inki\u015faf \u00f6lk\u0259 \u0259razisinin 20%-nin i\u015f\u011fal alt\u0131nda olmas\u0131 \u015f\u0259raitind\u0259 qeyd\u0259 al\u0131n\u0131b. \u201cTorpaqlar\u0131n&hellip;","_links":{"self":[{"href":"https:\/\/arantv.az\/index.php?rest_route=\/wp\/v2\/posts\/671583"}],"collection":[{"href":"https:\/\/arantv.az\/index.php?rest_route=\/wp\/v2\/posts"}],"about":[{"href":"https:\/\/arantv.az\/index.php?rest_route=\/wp\/v2\/types\/post"}],"author":[{"embeddable":true,"href":"https:\/\/arantv.az\/index.php?rest_route=\/wp\/v2\/users\/2"}],"replies":[{"embeddable":true,"href":"https:\/\/arantv.az\/index.php?rest_route=%2Fwp%2Fv2%2Fcomments&post=671583"}],"version-history":[{"count":0,"href":"https:\/\/arantv.az\/index.php?rest_route=\/wp\/v2\/posts\/671583\/revisions"}],"wp:featuredmedia":[{"embeddable":true,"href":"https:\/\/arantv.az\/index.php?rest_route=\/wp\/v2\/media\/671585"}],"wp:attachment":[{"href":"https:\/\/arantv.az\/index.php?rest_route=%2Fwp%2Fv2%2Fmedia&parent=671583"}],"wp:term":[{"taxonomy":"category","embeddable":true,"href":"https:\/\/arantv.az\/index.php?rest_route=%2Fwp%2Fv2%2Fcategories&post=671583"},{"taxonomy":"post_tag","embeddable":true,"href":"https:\/\/arantv.az\/index.php?rest_route=%2Fwp%2Fv2%2Ftags&post=671583"}],"curies":[{"name":"wp","href":"https:\/\/api.w.org\/{rel}","templated":true}]}}