{"id":671590,"date":"2023-12-21T11:41:09","date_gmt":"2023-12-21T07:41:09","guid":{"rendered":"https:\/\/arantv.az\/?p=671590"},"modified":"2023-12-21T11:41:09","modified_gmt":"2023-12-21T07:41:09","slug":"nazir-turkiy%c9%99-sirk%c9%99tl%c9%99ri-isgaldan-azad-edilmis-%c9%99razil%c9%99rd%c9%99-f%c9%99aldirlar","status":"publish","type":"post","link":"https:\/\/arantv.az\/?p=671590","title":{"rendered":"Nazir: \u201cT\u00fcrkiy\u0259 \u015firk\u0259tl\u0259ri i\u015f\u011faldan azad edilmi\u015f \u0259razil\u0259rd\u0259 f\u0259ald\u0131rlar\u201d"},"content":{"rendered":"<p>\u201cT\u00fcrkiy\u0259 \u015firk\u0259tl\u0259ri Az\u0259rbaycan\u0131n i\u015f\u011faldan azad edilmi\u015f \u0259razil\u0259rinin b\u0259rpas\u0131nda v\u0259 yenid\u0259n qurulmas\u0131nda f\u0259al i\u015ftirak edirl\u0259r\u201d.<\/p>\n<p>\u201cReport\u201d x\u0259b\u0259r verir ki, bunu Bak\u0131da ke\u00e7iril\u0259n, \u00fcmummilli lider Heyd\u0259r \u018fliyevin v\u0259 T\u00fcrkiy\u0259 C\u00fcmhuriyy\u0259tinin 100 illiyin\u0259 h\u0259sr edilmi\u015f Az\u0259rbaycan-T\u00fcrkiy\u0259 \u0130nvestisiya Forumunda iqtisadiyyat naziri Mikay\u0131l Cabbarov bildirib.<\/p>\n<p>Onun s\u00f6zl\u0259rin\u0259 g\u00f6r\u0259, 2021-2023-c\u00fc ill\u0259rd\u0259 h\u0259min \u0259razil\u0259r\u0259 b\u0259rpa v\u0259 yenid\u0259nqurma i\u015fl\u0259rinin h\u0259yata ke\u00e7irilm\u0259si \u00fc\u00e7\u00fcn d\u00f6vl\u0259t b\u00fcdc\u0259sind\u0259n 7 milyard AB\u015e dollar\u0131 v\u0259sait ayr\u0131l\u0131b. Bununla bel\u0259, T\u00fcrkiy\u0259nin \u00f6z\u0259l sektoru il\u0259 birlikd\u0259 Qaraba\u011f v\u0259 \u015e\u0259rqi Z\u0259ng\u0259zurda m\u00fcxt\u0259lif layih\u0259l\u0259r icra edilir v\u0259 birg\u0259 layih\u0259l\u0259r iki \u00f6lk\u0259nin iqtisadi inki\u015faf\u0131nda m\u00fch\u00fcm rola malikdir.<\/p>\n<p>\u201cBu layih\u0259l\u0259r qarda\u015fl\u0131\u011f\u0131m\u0131z\u0131n m\u00f6hk\u0259ml\u0259nm\u0259si, qeyri-neft sektorunun inki\u015faf\u0131, r\u0259qab\u0259tqabiliyy\u0259tli m\u0259hsul istehsal\u0131, rifah\u0131n y\u00fcks\u0259lm\u0259si v\u0259 yeni i\u015f yerl\u0259rinin a\u00e7\u0131lmas\u0131 dem\u0259kdir. Eyni zamanda, Az\u0259rbaycan v\u0259 T\u00fcrkiy\u0259nin birg\u0259 t\u0259\u015f\u0259bb\u00fcs\u00fc v\u0259 i\u015ftirak\u0131 il\u0259 h\u0259yata ke\u00e7iril\u0259n, regional inki\u015fafa v\u0259 t\u0259hl\u00fck\u0259sizliy\u0259 t\u00f6hf\u0259 ver\u0259n meqalayih\u0259l\u0259r qlobal \u0259h\u0259miyy\u0259t\u0259 malikdir. Enerji sah\u0259sind\u0259 s\u0259m\u0259r\u0259li \u0259m\u0259kda\u015fl\u0131q, imzalanan s\u0259n\u0259dl\u0259r, u\u011furla realla\u015fd\u0131r\u0131lan birg\u0259 t\u0259\u015f\u0259bb\u00fcsl\u0259r v\u0259 layih\u0259l\u0259r beyn\u0259lxalq arenada \u00f6lk\u0259l\u0259rimizin m\u00f6vqeyini daha da g\u00fccl\u0259ndirm\u0259kl\u0259 yana\u015f\u0131, regional enerji t\u0259chizat\u0131nda m\u00fch\u00fcm rol oynay\u0131r. Bak\u0131-Tbilisi-Ceyhan neft k\u0259m\u0259ri, Bak\u0131-Tbilisi-\u018frzurum qaz k\u0259m\u0259ri, C\u0259nub Qaz D\u0259hlizi, Trans-Anadolu Qaz K\u0259m\u0259ri (TANAP) layih\u0259l\u0259ri Avropa v\u0259 Asiya aras\u0131nda enerji infrastrukturunun formala\u015fd\u0131r\u0131lmas\u0131nda b\u00f6y\u00fck \u0259h\u0259miyy\u0259t\u0259 malikdir\u201d, &#8211; dey\u0259 nazir qeyd edib.<\/p>\n<p>M.Cabbarov bu il sentyabr\u0131n 25-d\u0259 Nax\u00e7\u0131vanda iki \u00f6lk\u0259nin d\u00f6vl\u0259t ba\u015f\u00e7\u0131lar\u0131n\u0131n i\u015ftirak\u0131 il\u0259 t\u0259m\u0259li qoyulmu\u015f \u0130\u011fd\u0131r-Nax\u00e7\u0131van qaz k\u0259m\u0259rind\u0259n d\u0259 dan\u0131\u015f\u0131b:<\/p>\n<p>\u201cHaz\u0131rda k\u0259m\u0259rin tikintisi davam etdirilir. Bu layih\u0259 d\u0259 Az\u0259rbaycan-T\u00fcrkiy\u0259 qarda\u015fl\u0131\u011f\u0131n\u0131n bir n\u00fcmun\u0259sidir. Bundan ba\u015fqa, b\u0259rpa olunan v\u0259 ya\u015f\u0131l\u00a0enerji \u00fczr\u0259 \u0259m\u0259kda\u015fl\u0131q imkanlar\u0131n\u0131n realla\u015fd\u0131r\u0131lmas\u0131 qar\u015f\u0131l\u0131ql\u0131 faydal\u0131 t\u0259r\u0259fda\u015fl\u0131qda m\u00fch\u00fcm istiqam\u0259tl\u0259rd\u0259ndir. Az\u0259rbaycan\u0131n xarici investorlarla \u0259m\u0259kda\u015fl\u0131\u011f\u0131 \u00e7\u0259r\u00e7iv\u0259sind\u0259 alternativ v\u0259 b\u0259rpa olunan enerji \u00fczr\u0259 layih\u0259l\u0259rind\u0259n \u0259ld\u0259 olunan enerjinin g\u0259l\u0259c\u0259kd\u0259 region \u00f6lk\u0259l\u0259rin\u0259, o c\u00fcml\u0259d\u0259n T\u00fcrkiy\u0259 v\u0259 Avropaya ixrac\u0131 m\u00fcmk\u00fcnd\u00fcr. \u0130qtisadiyyat Nazirliyi olaraq, biz iki \u00f6lk\u0259 aras\u0131nda ticar\u0259t v\u0259 iqtisadi kooperasiyan\u0131n daha da inki\u015faf etdirilm\u0259si \u00fc\u00e7\u00fcn s\u0259yl\u0259ri art\u0131r\u0131r\u0131q. M\u0259s\u0259l\u0259n, bu ilin iyun ay\u0131nda \u0130stanbuldak\u0131 Az\u0259rbaycan Ba\u015f Konsullu\u011funda ticar\u0259t n\u00fcmay\u0259nd\u0259si f\u0259aliyy\u0259t\u0259 ba\u015flay\u0131b v\u0259 art\u0131q ikit\u0259r\u0259fli iqtisadi, x\u00fcsusil\u0259 investisiya \u0259laq\u0259l\u0259rinin inki\u015faf\u0131nda aktiv rol oynay\u0131r\u201d.<\/p>\n","protected":false},"excerpt":{"rendered":"<p>\u201cT\u00fcrkiy\u0259 \u015firk\u0259tl\u0259ri Az\u0259rbaycan\u0131n i\u015f\u011faldan azad edilmi\u015f \u0259razil\u0259rinin b\u0259rpas\u0131nda v\u0259 yenid\u0259n qurulmas\u0131nda f\u0259al i\u015ftirak edirl\u0259r\u201d. \u201cReport\u201d x\u0259b\u0259r verir ki, bunu Bak\u0131da ke\u00e7iril\u0259n, \u00fcmummilli lider Heyd\u0259r \u018fliyevin v\u0259 T\u00fcrkiy\u0259 C\u00fcmhuriyy\u0259tinin 100 illiyin\u0259 h\u0259sr edilmi\u015f Az\u0259rbaycan-T\u00fcrkiy\u0259 \u0130nvestisiya Forumunda iqtisadiyyat naziri Mikay\u0131l Cabbarov bildirib. Onun s\u00f6zl\u0259rin\u0259 g\u00f6r\u0259, 2021-2023-c\u00fc ill\u0259rd\u0259 h\u0259min \u0259razil\u0259r\u0259 b\u0259rpa v\u0259 yenid\u0259nqurma i\u015fl\u0259rinin h\u0259yata ke\u00e7irilm\u0259si \u00fc\u00e7\u00fcn d\u00f6vl\u0259t b\u00fcdc\u0259sind\u0259n 7 milyard AB\u015e dollar\u0131 v\u0259sait ayr\u0131l\u0131b. Bununla bel\u0259, T\u00fcrkiy\u0259nin \u00f6z\u0259l sektoru il\u0259 birlikd\u0259 Qaraba\u011f v\u0259 \u015e\u0259rqi Z\u0259ng\u0259zurda m\u00fcxt\u0259lif layih\u0259l\u0259r icra edilir v\u0259 birg\u0259 layih\u0259l\u0259r iki \u00f6lk\u0259nin iqtisadi inki\u015faf\u0131nda m\u00fch\u00fcm rola malikdir. \u201cBu layih\u0259l\u0259r qarda\u015fl\u0131\u011f\u0131m\u0131z\u0131n&hellip;<\/p>\n","protected":false},"author":2,"featured_media":671598,"comment_status":"closed","ping_status":"closed","sticky":false,"template":"","format":"standard","meta":{"om_disable_all_campaigns":false,"_monsterinsights_skip_tracking":false,"_monsterinsights_sitenote_active":false,"_monsterinsights_sitenote_note":"","_monsterinsights_sitenote_category":0},"categories":[19],"tags":[],"aioseo_notices":[],"gutentor_comment":0,"rttpg_featured_image_url":{"full":["https:\/\/arantv.az\/wp-content\/uploads\/2023\/12\/364225060_114189468431112_1617188747371159824_n-1.jpg",620,413,false],"landscape":["https:\/\/arantv.az\/wp-content\/uploads\/2023\/12\/364225060_114189468431112_1617188747371159824_n-1.jpg",620,413,false],"portraits":["https:\/\/arantv.az\/wp-content\/uploads\/2023\/12\/364225060_114189468431112_1617188747371159824_n-1.jpg",620,413,false],"thumbnail":["https:\/\/arantv.az\/wp-content\/uploads\/2023\/12\/364225060_114189468431112_1617188747371159824_n-1-500x280.jpg",500,280,true],"medium":["https:\/\/arantv.az\/wp-content\/uploads\/2023\/12\/364225060_114189468431112_1617188747371159824_n-1-548x365.jpg",548,365,true],"large":["https:\/\/arantv.az\/wp-content\/uploads\/2023\/12\/364225060_114189468431112_1617188747371159824_n-1.jpg",620,413,false],"1536x1536":["https:\/\/arantv.az\/wp-content\/uploads\/2023\/12\/364225060_114189468431112_1617188747371159824_n-1.jpg",620,413,false],"2048x2048":["https:\/\/arantv.az\/wp-content\/uploads\/2023\/12\/364225060_114189468431112_1617188747371159824_n-1.jpg",620,413,false],"post-thumbnail":["https:\/\/arantv.az\/wp-content\/uploads\/2023\/12\/364225060_114189468431112_1617188747371159824_n-1-240x172.jpg",240,172,true],"advps-thumb-one":["https:\/\/arantv.az\/wp-content\/uploads\/2023\/12\/364225060_114189468431112_1617188747371159824_n-1.jpg",620,413,false]},"rttpg_author":{"display_name":"V\u00fcsal Rafiqo\u011flu","author_link":"https:\/\/arantv.az\/?author=2"},"rttpg_comment":0,"rttpg_category":"<a href=\"https:\/\/arantv.az\/?cat=19\" rel=\"category\">G\u00fcnd\u0259m<\/a>","rttpg_excerpt":"\u201cT\u00fcrkiy\u0259 \u015firk\u0259tl\u0259ri Az\u0259rbaycan\u0131n i\u015f\u011faldan azad edilmi\u015f \u0259razil\u0259rinin b\u0259rpas\u0131nda v\u0259 yenid\u0259n qurulmas\u0131nda f\u0259al i\u015ftirak edirl\u0259r\u201d. \u201cReport\u201d x\u0259b\u0259r verir ki, bunu Bak\u0131da ke\u00e7iril\u0259n, \u00fcmummilli lider Heyd\u0259r \u018fliyevin v\u0259 T\u00fcrkiy\u0259 C\u00fcmhuriyy\u0259tinin 100 illiyin\u0259 h\u0259sr edilmi\u015f Az\u0259rbaycan-T\u00fcrkiy\u0259 \u0130nvestisiya Forumunda iqtisadiyyat naziri Mikay\u0131l Cabbarov bildirib. Onun s\u00f6zl\u0259rin\u0259 g\u00f6r\u0259, 2021-2023-c\u00fc ill\u0259rd\u0259 h\u0259min \u0259razil\u0259r\u0259 b\u0259rpa v\u0259 yenid\u0259nqurma i\u015fl\u0259rinin h\u0259yata ke\u00e7irilm\u0259si \u00fc\u00e7\u00fcn d\u00f6vl\u0259t&hellip;","_links":{"self":[{"href":"https:\/\/arantv.az\/index.php?rest_route=\/wp\/v2\/posts\/671590"}],"collection":[{"href":"https:\/\/arantv.az\/index.php?rest_route=\/wp\/v2\/posts"}],"about":[{"href":"https:\/\/arantv.az\/index.php?rest_route=\/wp\/v2\/types\/post"}],"author":[{"embeddable":true,"href":"https:\/\/arantv.az\/index.php?rest_route=\/wp\/v2\/users\/2"}],"replies":[{"embeddable":true,"href":"https:\/\/arantv.az\/index.php?rest_route=%2Fwp%2Fv2%2Fcomments&post=671590"}],"version-history":[{"count":0,"href":"https:\/\/arantv.az\/index.php?rest_route=\/wp\/v2\/posts\/671590\/revisions"}],"wp:featuredmedia":[{"embeddable":true,"href":"https:\/\/arantv.az\/index.php?rest_route=\/wp\/v2\/media\/671598"}],"wp:attachment":[{"href":"https:\/\/arantv.az\/index.php?rest_route=%2Fwp%2Fv2%2Fmedia&parent=671590"}],"wp:term":[{"taxonomy":"category","embeddable":true,"href":"https:\/\/arantv.az\/index.php?rest_route=%2Fwp%2Fv2%2Fcategories&post=671590"},{"taxonomy":"post_tag","embeddable":true,"href":"https:\/\/arantv.az\/index.php?rest_route=%2Fwp%2Fv2%2Ftags&post=671590"}],"curies":[{"name":"wp","href":"https:\/\/api.w.org\/{rel}","templated":true}]}}