{"id":671594,"date":"2023-12-21T11:40:24","date_gmt":"2023-12-21T07:40:24","guid":{"rendered":"https:\/\/arantv.az\/?p=671594"},"modified":"2023-12-21T11:40:24","modified_gmt":"2023-12-21T07:40:24","slug":"az%c9%99rbaycan-qizil-aypara-c%c9%99miyy%c9%99ti-ilham-%c9%99liyevin-namiz%c9%99dliyini-d%c9%99st%c9%99kl%c9%99yib","status":"publish","type":"post","link":"https:\/\/arantv.az\/?p=671594","title":{"rendered":"Az\u0259rbaycan Q\u0131z\u0131l Aypara C\u0259miyy\u0259ti \u0130lham \u018fliyevin namiz\u0259dliyini d\u0259st\u0259kl\u0259yib"},"content":{"rendered":"<p>Az\u0259rbaycan Q\u0131z\u0131l Aypara C\u0259miyy\u0259ti g\u0259l\u0259n il fevral\u0131n 7-d\u0259 ke\u00e7iril\u0259c\u0259k n\u00f6vb\u0259d\u0259nk\u0259nar prezident se\u00e7kil\u0259rind\u0259 Yeni Az\u0259rbaycan Partiyas\u0131n\u0131n (YAP) namiz\u0259di\u00a0<strong>\u0130lham \u018fliyevi<\/strong>\u00a0d\u0259st\u0259kl\u0259y\u0259c\u0259yini a\u00e7\u0131qlay\u0131b.<\/p>\n<p>\u201cReport\u201d x\u0259b\u0259r verir ki, bu bar\u0259d\u0259 Az\u0259rbaycan Q\u0131z\u0131l Aypara C\u0259miyy\u0259tinin (AzQAC) icra\u00e7\u0131 katibi Ceyhun Mirz\u0259yev qurumun n\u00f6vb\u0259d\u0259nk\u0259nar XXVI Ba\u015f M\u0259clisind\u0259 hesabat t\u0259dbirind\u0259 \u00e7\u0131x\u0131\u015f\u0131 zaman\u0131 m\u0259lumat verib.<\/p>\n","protected":false},"excerpt":{"rendered":"<p>Az\u0259rbaycan Q\u0131z\u0131l Aypara C\u0259miyy\u0259ti g\u0259l\u0259n il fevral\u0131n 7-d\u0259 ke\u00e7iril\u0259c\u0259k n\u00f6vb\u0259d\u0259nk\u0259nar prezident se\u00e7kil\u0259rind\u0259 Yeni Az\u0259rbaycan Partiyas\u0131n\u0131n (YAP) namiz\u0259di\u00a0\u0130lham \u018fliyevi\u00a0d\u0259st\u0259kl\u0259y\u0259c\u0259yini a\u00e7\u0131qlay\u0131b. \u201cReport\u201d x\u0259b\u0259r verir ki, bu bar\u0259d\u0259 Az\u0259rbaycan Q\u0131z\u0131l Aypara C\u0259miyy\u0259tinin (AzQAC) icra\u00e7\u0131 katibi Ceyhun Mirz\u0259yev qurumun n\u00f6vb\u0259d\u0259nk\u0259nar XXVI Ba\u015f M\u0259clisind\u0259 hesabat t\u0259dbirind\u0259 \u00e7\u0131x\u0131\u015f\u0131 zaman\u0131 m\u0259lumat verib.<\/p>\n","protected":false},"author":2,"featured_media":671595,"comment_status":"closed","ping_status":"closed","sticky":false,"template":"","format":"standard","meta":{"om_disable_all_campaigns":false,"_monsterinsights_skip_tracking":false,"_monsterinsights_sitenote_active":false,"_monsterinsights_sitenote_note":"","_monsterinsights_sitenote_category":0},"categories":[4],"tags":[],"aioseo_notices":[],"gutentor_comment":0,"rttpg_featured_image_url":{"full":["https:\/\/arantv.az\/wp-content\/uploads\/2023\/12\/ilham-aliyev-4.jpg",620,413,false],"landscape":["https:\/\/arantv.az\/wp-content\/uploads\/2023\/12\/ilham-aliyev-4.jpg",620,413,false],"portraits":["https:\/\/arantv.az\/wp-content\/uploads\/2023\/12\/ilham-aliyev-4.jpg",620,413,false],"thumbnail":["https:\/\/arantv.az\/wp-content\/uploads\/2023\/12\/ilham-aliyev-4-500x280.jpg",500,280,true],"medium":["https:\/\/arantv.az\/wp-content\/uploads\/2023\/12\/ilham-aliyev-4-548x365.jpg",548,365,true],"large":["https:\/\/arantv.az\/wp-content\/uploads\/2023\/12\/ilham-aliyev-4.jpg",620,413,false],"1536x1536":["https:\/\/arantv.az\/wp-content\/uploads\/2023\/12\/ilham-aliyev-4.jpg",620,413,false],"2048x2048":["https:\/\/arantv.az\/wp-content\/uploads\/2023\/12\/ilham-aliyev-4.jpg",620,413,false],"post-thumbnail":["https:\/\/arantv.az\/wp-content\/uploads\/2023\/12\/ilham-aliyev-4-240x172.jpg",240,172,true],"advps-thumb-one":["https:\/\/arantv.az\/wp-content\/uploads\/2023\/12\/ilham-aliyev-4.jpg",620,413,false]},"rttpg_author":{"display_name":"V\u00fcsal Rafiqo\u011flu","author_link":"https:\/\/arantv.az\/?author=2"},"rttpg_comment":0,"rttpg_category":"<a href=\"https:\/\/arantv.az\/?cat=4\" rel=\"category\">Siyas\u0259t<\/a>","rttpg_excerpt":"Az\u0259rbaycan Q\u0131z\u0131l Aypara C\u0259miyy\u0259ti g\u0259l\u0259n il fevral\u0131n 7-d\u0259 ke\u00e7iril\u0259c\u0259k n\u00f6vb\u0259d\u0259nk\u0259nar prezident se\u00e7kil\u0259rind\u0259 Yeni Az\u0259rbaycan Partiyas\u0131n\u0131n (YAP) namiz\u0259di\u00a0\u0130lham \u018fliyevi\u00a0d\u0259st\u0259kl\u0259y\u0259c\u0259yini a\u00e7\u0131qlay\u0131b. \u201cReport\u201d x\u0259b\u0259r verir ki, bu bar\u0259d\u0259 Az\u0259rbaycan Q\u0131z\u0131l Aypara C\u0259miyy\u0259tinin (AzQAC) icra\u00e7\u0131 katibi Ceyhun Mirz\u0259yev qurumun n\u00f6vb\u0259d\u0259nk\u0259nar XXVI Ba\u015f M\u0259clisind\u0259 hesabat t\u0259dbirind\u0259 \u00e7\u0131x\u0131\u015f\u0131 zaman\u0131 m\u0259lumat verib.","_links":{"self":[{"href":"https:\/\/arantv.az\/index.php?rest_route=\/wp\/v2\/posts\/671594"}],"collection":[{"href":"https:\/\/arantv.az\/index.php?rest_route=\/wp\/v2\/posts"}],"about":[{"href":"https:\/\/arantv.az\/index.php?rest_route=\/wp\/v2\/types\/post"}],"author":[{"embeddable":true,"href":"https:\/\/arantv.az\/index.php?rest_route=\/wp\/v2\/users\/2"}],"replies":[{"embeddable":true,"href":"https:\/\/arantv.az\/index.php?rest_route=%2Fwp%2Fv2%2Fcomments&post=671594"}],"version-history":[{"count":0,"href":"https:\/\/arantv.az\/index.php?rest_route=\/wp\/v2\/posts\/671594\/revisions"}],"wp:featuredmedia":[{"embeddable":true,"href":"https:\/\/arantv.az\/index.php?rest_route=\/wp\/v2\/media\/671595"}],"wp:attachment":[{"href":"https:\/\/arantv.az\/index.php?rest_route=%2Fwp%2Fv2%2Fmedia&parent=671594"}],"wp:term":[{"taxonomy":"category","embeddable":true,"href":"https:\/\/arantv.az\/index.php?rest_route=%2Fwp%2Fv2%2Fcategories&post=671594"},{"taxonomy":"post_tag","embeddable":true,"href":"https:\/\/arantv.az\/index.php?rest_route=%2Fwp%2Fv2%2Ftags&post=671594"}],"curies":[{"name":"wp","href":"https:\/\/api.w.org\/{rel}","templated":true}]}}